{"id":706310,"date":"2024-10-28T19:27:06","date_gmt":"2024-10-28T18:27:06","guid":{"rendered":"https:\/\/www.hashtag.al\/?p=706310"},"modified":"2024-10-28T19:27:06","modified_gmt":"2024-10-28T18:27:06","slug":"volkswagen-do-mbylle-tre-fabrika-dhe-do-shkurtoje-pagat","status":"publish","type":"post","link":"https:\/\/www.hashtag.al\/index.php\/2024\/10\/28\/volkswagen-do-mbylle-tre-fabrika-dhe-do-shkurtoje-pagat\/","title":{"rendered":"Volkswagen do mbyll\u00eb tre fabrika dhe do shkurtoj\u00eb pagat","gt_translate_keys":[{"key":"rendered","format":"text"}]},"content":{"rendered":"<p><span style=\"color: #000000;\"><a href=\"https:\/\/www.hashtag.al\/wp-content\/uploads\/2024\/10\/volkswagen.jpg\"><img loading=\"lazy\" decoding=\"async\" class=\"aligncenter size-full wp-image-706311\" src=\"https:\/\/www.hashtag.al\/wp-content\/uploads\/2024\/10\/volkswagen.jpg\" alt=\"\" width=\"1600\" height=\"1067\" srcset=\"https:\/\/www.hashtag.al\/wp-content\/uploads\/2024\/10\/volkswagen.jpg 1600w, https:\/\/www.hashtag.al\/wp-content\/uploads\/2024\/10\/volkswagen-300x200.jpg 300w, https:\/\/www.hashtag.al\/wp-content\/uploads\/2024\/10\/volkswagen-1024x683.jpg 1024w, https:\/\/www.hashtag.al\/wp-content\/uploads\/2024\/10\/volkswagen-768x512.jpg 768w, https:\/\/www.hashtag.al\/wp-content\/uploads\/2024\/10\/volkswagen-1536x1024.jpg 1536w\" sizes=\"auto, (max-width: 1600px) 100vw, 1600px\" \/><\/a><\/span><\/p>\n<p><span style=\"color: #000000;\">Volkswagen i ka njoftuar p\u00ebrfaq\u00ebsuesit e pun\u00ebtor\u00ebve se d\u00ebshiron t\u2019i mbyll\u00eb t\u00eb pakt\u00ebn tri fabrika n\u00eb Gjermani, tha t\u00eb h\u00ebn\u00ebn kryetarja e k\u00ebshillit t\u00eb pun\u00ebtor\u00ebve t\u00eb kompanis\u00eb, Daniela Cavallo.<\/span><\/p>\n<p><span style=\"color: #000000;\">Cavallo tha n\u00eb nj\u00eb takim me pun\u00ebtor\u00ebt e Volkswagenit n\u00eb selin\u00eb e kompanis\u00eb n\u00eb Volfsburg se menaxhmenti ka p\u00ebr q\u00ebllim gjithashtu t\u2019i shkurtoj\u00eb vendet e pun\u00ebs n\u00eb fabrikat e tjera, raportoi agjencia gjermane e lajmeve, DPA.<\/span><\/p>\n<p><span style=\"color: #000000;\">Ajo tha se \u201ct\u00eb gjitha fabrikat e VW jan\u00eb t\u00eb prekura nga k\u00ebto plane. Askush nuk \u00ebsht\u00eb i sigurt\u201d.<\/span><\/p>\n<p><span style=\"color: #000000;\">Kompania nuk ka dh\u00ebn\u00eb holl\u00ebsi rreth planeve t\u00eb saj. Por, shefi i personelit, Gunnar Kilian, tha n\u00eb nj\u00eb komunikat\u00eb se \u201cfakti \u00ebsht\u00eb se gjendja \u00ebsht\u00eb serioze dhe p\u00ebrgjegj\u00ebsia e partner\u00ebve negociuese \u00ebsht\u00eb jasht\u00ebzakonshme e madhe\u201d, raportoi DPA, p\u00ebrcjell REL.<\/span><\/p>\n<p><span style=\"color: #000000;\">Volkswagen tha n\u00eb fillim t\u00eb shtatorit se ndryshimet n\u00eb industrin\u00eb e automjeteve n\u00ebnkuptojn\u00eb se kompania nuk e p\u00ebrjashton mund\u00ebsin\u00eb e mbylljes s\u00eb fabrikave n\u00eb vend dhe se do t\u00eb detyrohet t\u00eb heq\u00eb dor\u00eb nga zotimi p\u00ebr mbrojtjen e vendeve t\u00eb pun\u00ebs, i cili ka qen\u00eb n\u00eb fuqi prej vitit 1994 dhe pritej t\u00eb mbetej i till\u00eb deri m\u00eb 2029.<\/span><\/p>\n<p><span style=\"color: #000000;\">Shefi ekzekutiv i Volkswagenit, Oliver Blume, i p\u00ebrmendi konkurrent\u00ebt, p\u00ebrkeq\u00ebsimin e pozicionit t\u00eb Gjermanis\u00eb si vend prodhues dhe nevoj\u00ebn p\u00ebr t\u00eb \u201cvepruar n\u00eb m\u00ebnyr\u00eb vendimtare\u201d.<\/span><\/p>\n<p><span style=\"color: #000000;\">\u201cPa masa gjith\u00ebp\u00ebrfshir\u00ebse p\u00ebr ta kthyer konkurrenc\u00ebn, ne nuk do t\u00eb jemi n\u00eb gjendje t\u00eb b\u00ebjm\u00eb investime t\u00eb m\u00ebdha n\u00eb t\u00eb ardhmen\u201d, tha Kilian.<\/span><\/p>\n<p><span style=\"color: #000000;\">Prodhuesit evropian\u00eb t\u00eb automjeteve jan\u00eb duke u p\u00ebrballur me konkurrenc\u00eb t\u00eb madhe nga veturat elektrike kineze q\u00eb kushtojn\u00eb lir\u00eb.<\/span><\/p>\n<p><span style=\"color: #000000;\">Volkswagen tha muajin e kaluar se rezultatet gjasht\u00ebmujore t\u00eb kompanis\u00eb tregojn\u00eb se ajo nuk do ta arrij\u00eb cakun e saj prej 10 miliard\u00eb euro n\u00eb ruajtjen e shpenzimeve deri n\u00eb vitin 2026.<\/span><\/p>\n<p><span style=\"color: #000000;\">Volkswagen i ka 120.000 pun\u00ebtor\u00eb n\u00eb Gjermani, ku i ka 10 fabrika.<\/span><\/p>\n","protected":false,"gt_translate_keys":[{"key":"rendered","format":"html"}]},"excerpt":{"rendered":"<p>Volkswagen i ka njoftuar p\u00ebrfaq\u00ebsuesit e pun\u00ebtor\u00ebve se d\u00ebshiron t\u2019i mbyll\u00eb t\u00eb pakt\u00ebn tri fabrika n\u00eb Gjermani, tha t\u00eb h\u00ebn\u00ebn kryetarja e k\u00ebshillit t\u00eb pun\u00ebtor\u00ebve t\u00eb kompanis\u00eb, Daniela Cavallo. Cavallo tha n\u00eb nj\u00eb takim me pun\u00ebtor\u00ebt e Volkswagenit n\u00eb selin\u00eb e kompanis\u00eb n\u00eb Volfsburg se menaxhmenti ka p\u00ebr q\u00ebllim gjithashtu t\u2019i shkurtoj\u00eb vendet e pun\u00ebs [&hellip;]<\/p>\n","protected":false,"gt_translate_keys":[{"key":"rendered","format":"html"}]},"author":32,"featured_media":706311,"comment_status":"closed","ping_status":"open","sticky":false,"template":"","format":"standard","meta":{"footnotes":""},"categories":[6,13],"tags":[],"class_list":["post-706310","post","type-post","status-publish","format-standard","has-post-thumbnail","hentry","category-nderkombetare","category-te-fundit"],"gt_translate_keys":[{"key":"link","format":"url"}],"_links":{"self":[{"href":"https:\/\/www.hashtag.al\/index.php\/wp-json\/wp\/v2\/posts\/706310","targetHints":{"allow":["GET"]}}],"collection":[{"href":"https:\/\/www.hashtag.al\/index.php\/wp-json\/wp\/v2\/posts"}],"about":[{"href":"https:\/\/www.hashtag.al\/index.php\/wp-json\/wp\/v2\/types\/post"}],"author":[{"embeddable":true,"href":"https:\/\/www.hashtag.al\/index.php\/wp-json\/wp\/v2\/users\/32"}],"replies":[{"embeddable":true,"href":"https:\/\/www.hashtag.al\/index.php\/wp-json\/wp\/v2\/comments?post=706310"}],"version-history":[{"count":0,"href":"https:\/\/www.hashtag.al\/index.php\/wp-json\/wp\/v2\/posts\/706310\/revisions"}],"wp:featuredmedia":[{"embeddable":true,"href":"https:\/\/www.hashtag.al\/index.php\/wp-json\/wp\/v2\/media\/706311"}],"wp:attachment":[{"href":"https:\/\/www.hashtag.al\/index.php\/wp-json\/wp\/v2\/media?parent=706310"}],"wp:term":[{"taxonomy":"category","embeddable":true,"href":"https:\/\/www.hashtag.al\/index.php\/wp-json\/wp\/v2\/categories?post=706310"},{"taxonomy":"post_tag","embeddable":true,"href":"https:\/\/www.hashtag.al\/index.php\/wp-json\/wp\/v2\/tags?post=706310"}],"curies":[{"name":"wp","href":"https:\/\/api.w.org\/{rel}","templated":true}]}}