{"id":706083,"date":"2024-10-27T16:39:29","date_gmt":"2024-10-27T15:39:29","guid":{"rendered":"https:\/\/www.hashtag.al\/?p=706083"},"modified":"2024-10-27T16:39:29","modified_gmt":"2024-10-27T15:39:29","slug":"gjendet-pa-shenja-jete-ne-rruge-61-vjecari-ne-korce","status":"publish","type":"post","link":"https:\/\/www.hashtag.al\/index.php\/2024\/10\/27\/gjendet-pa-shenja-jete-ne-rruge-61-vjecari-ne-korce\/","title":{"rendered":"Gjendet pa shenja jete n\u00eb rrug\u00eb 61-vje\u00e7ari n\u00eb Kor\u00e7\u00eb","gt_translate_keys":[{"key":"rendered","format":"text"}]},"content":{"rendered":"<p><img loading=\"lazy\" decoding=\"async\" class=\"aligncenter size-full wp-image-686905\" src=\"https:\/\/www.hashtag.al\/wp-content\/uploads\/2024\/07\/ambulanca-1-780x405-1-500x2601-2.png\" alt=\"\" width=\"500\" height=\"260\" srcset=\"https:\/\/www.hashtag.al\/wp-content\/uploads\/2024\/07\/ambulanca-1-780x405-1-500x2601-2.png 500w, https:\/\/www.hashtag.al\/wp-content\/uploads\/2024\/07\/ambulanca-1-780x405-1-500x2601-2-300x156.png 300w\" sizes=\"auto, (max-width: 500px) 100vw, 500px\" \/><\/p>\n<p><span style=\"color: #000000;\">Nj\u00eb 61-vje\u00e7ar \u00ebsht\u00eb gjetur pa shenja jete n\u00eb rrug\u00eb n\u00eb Kor\u00e7\u00eb. <\/span><\/p>\n<p><span style=\"color: #000000;\">Viktima me iniciale D.Zh. u gjet n\u00eb Lagjen 12 nd\u00ebrsa dyshohet se ka nd\u00ebrruar jet\u00eb p\u00ebr shkaqe natyrale si pasoj\u00eb e nj\u00eb sulmi n\u00eb zem\u00ebr.<\/span><\/p>\n<p><span style=\"color: #000000;\"><strong>Njoftimi<\/strong><\/span><\/p>\n<p><span style=\"color: #000000;\"><em>\u201cRreth or\u00ebs 15:12, n\u00eb lagjen nr. 12, n\u00eb rrug\u00eb, \u00ebsht\u00eb gjetur i pajet\u00eb shtetasi D. Zh, 61- vje\u00e7, banues n\u00eb Kor\u00e7\u00eb. Nga k\u00ebqyrja paraprake e trupit nuk jan\u00eb konstatuar shenja dhune. Paraprakisht dyshohet se ka humur jet\u00ebn si pasoj\u00eb e nj\u00eb arresti kardiak. Grupi hetimor po punon p\u00ebr sqarimin e rrethanave dhe p\u00ebrcaktimin e shkakut t\u00eb humbjes s\u00eb jet\u00ebs s\u00eb 61-vje\u00e7arit.\u201d<\/em><\/span><\/p>\n","protected":false,"gt_translate_keys":[{"key":"rendered","format":"html"}]},"excerpt":{"rendered":"<p>Nj\u00eb 61-vje\u00e7ar \u00ebsht\u00eb gjetur pa shenja jete n\u00eb rrug\u00eb n\u00eb Kor\u00e7\u00eb. Viktima me iniciale D.Zh. u gjet n\u00eb Lagjen 12 nd\u00ebrsa dyshohet se ka nd\u00ebrruar jet\u00eb p\u00ebr shkaqe natyrale si pasoj\u00eb e nj\u00eb sulmi n\u00eb zem\u00ebr. Njoftimi \u201cRreth or\u00ebs 15:12, n\u00eb lagjen nr. 12, n\u00eb rrug\u00eb, \u00ebsht\u00eb gjetur i pajet\u00eb shtetasi D. Zh, 61- vje\u00e7, [&hellip;]<\/p>\n","protected":false,"gt_translate_keys":[{"key":"rendered","format":"html"}]},"author":51,"featured_media":686904,"comment_status":"closed","ping_status":"open","sticky":false,"template":"","format":"standard","meta":{"footnotes":""},"categories":[65],"tags":[],"class_list":["post-706083","post","type-post","status-publish","format-standard","has-post-thumbnail","hentry","category-lajme"],"gt_translate_keys":[{"key":"link","format":"url"}],"_links":{"self":[{"href":"https:\/\/www.hashtag.al\/index.php\/wp-json\/wp\/v2\/posts\/706083","targetHints":{"allow":["GET"]}}],"collection":[{"href":"https:\/\/www.hashtag.al\/index.php\/wp-json\/wp\/v2\/posts"}],"about":[{"href":"https:\/\/www.hashtag.al\/index.php\/wp-json\/wp\/v2\/types\/post"}],"author":[{"embeddable":true,"href":"https:\/\/www.hashtag.al\/index.php\/wp-json\/wp\/v2\/users\/51"}],"replies":[{"embeddable":true,"href":"https:\/\/www.hashtag.al\/index.php\/wp-json\/wp\/v2\/comments?post=706083"}],"version-history":[{"count":0,"href":"https:\/\/www.hashtag.al\/index.php\/wp-json\/wp\/v2\/posts\/706083\/revisions"}],"wp:featuredmedia":[{"embeddable":true,"href":"https:\/\/www.hashtag.al\/index.php\/wp-json\/wp\/v2\/media\/686904"}],"wp:attachment":[{"href":"https:\/\/www.hashtag.al\/index.php\/wp-json\/wp\/v2\/media?parent=706083"}],"wp:term":[{"taxonomy":"category","embeddable":true,"href":"https:\/\/www.hashtag.al\/index.php\/wp-json\/wp\/v2\/categories?post=706083"},{"taxonomy":"post_tag","embeddable":true,"href":"https:\/\/www.hashtag.al\/index.php\/wp-json\/wp\/v2\/tags?post=706083"}],"curies":[{"name":"wp","href":"https:\/\/api.w.org\/{rel}","templated":true}]}}