{"id":706062,"date":"2024-10-27T13:57:53","date_gmt":"2024-10-27T12:57:53","guid":{"rendered":"https:\/\/www.hashtag.al\/?p=706062"},"modified":"2024-10-27T13:57:53","modified_gmt":"2024-10-27T12:57:53","slug":"koha-qe-politiken-ta-hapim-ama-pa-ja-shqyer-dyert","status":"publish","type":"post","link":"https:\/\/www.hashtag.al\/index.php\/2024\/10\/27\/koha-qe-politiken-ta-hapim-ama-pa-ja-shqyer-dyert\/","title":{"rendered":"Koha q\u00eb politik\u00ebn ta hapim, ama pa ja shqyer dyert","gt_translate_keys":[{"key":"rendered","format":"text"}]},"content":{"rendered":"<p><span style=\"color: #000000;\"><strong><a href=\"https:\/\/www.hashtag.al\/wp-content\/uploads\/2024\/10\/dardan-malaj.jpg\"><img loading=\"lazy\" decoding=\"async\" class=\"aligncenter size-full wp-image-706063\" src=\"https:\/\/www.hashtag.al\/wp-content\/uploads\/2024\/10\/dardan-malaj.jpg\" alt=\"\" width=\"1600\" height=\"1600\" \/><\/a><\/strong><\/span><\/p>\n<p><span style=\"color: #000000;\"><strong>Nga Dardan Malaj<\/strong><\/span><\/p>\n<p><span style=\"color: #000000;\">Fatos Nano u b\u00eb pjes\u00eb e politik\u00ebs aktive Janarin e vitit 1991 kur mori postin e zv.kryeministrit n\u00eb qeverin\u00eb e Adil \u00c7ar\u00e7anit. U t\u00ebrhoq nga politika aktive 14 vite m\u00eb pas, n\u00eb vitin 2005 pas humbjes s\u00eb zgjedhjeve parlamentare. Sot, teksa ai kalon vitet e pleq\u00ebris\u00eb pran\u00eb familjes s\u00eb tij, gjithnj\u00eb e m\u00eb i madh b\u00ebhet numri i atyre q\u00eb e shohin si politikanin m\u00eb liberal dhe demokrat n\u00eb historin\u00eb e pluralizmit shqiptar. Zhvillimet e viteve q\u00eb pasuan ikjen e tij nga politika i japin t\u00eb drejt\u00eb k\u00ebtij konstatimi.<\/span><\/p>\n<p><span style=\"color: #000000;\">Askush tjet\u00ebr i atij niveli politik, nuk arriti dot ti rezistonte m\u00eb pas tundimit t\u00eb pushtetit dhe t\u00eb dinte t\u00eb &#8220;hapte krahun&#8221;. Sali Berisha dhe Ilir Meta po vuajn\u00eb sot pik\u00ebrisht pasojat e k\u00ebtij mosveprimi. Nuk dit\u00ebn t\u00eb b\u00ebjn\u00eb veprimin e duhur n\u00eb momentin e duhur. Nd\u00ebrsa refuzuan t\u00eb &#8220;hapin krahun&#8221;, ata po zhvendosen me hir a me pahir nga rruga politike duke i nxjerr\u00eb prej saj dhunsh\u00ebm.\u00a0<\/span><\/p>\n<p><span style=\"color: #000000;\">Ky &#8220;termet politik&#8221; po krijon kushtet optimale p\u00ebr rinovimin e klas\u00ebs politike. Rinovim q\u00eb do duhet t\u00eb kishte nisur prej koh\u00ebsh tashm\u00eb n\u00eb kampin e opozit\u00ebs teksa jemi 6 muaj para zgjedhjeve. Paradoksalisht p\u00ebr opozit\u00ebn, por p\u00ebr fatin e saj t\u00eb mir\u00eb, rinovimin ka filluar ta b\u00ebj\u00eb fakt mazhoranca qeveris\u00ebse.<\/span><\/p>\n<p><span style=\"color: #000000;\">N\u00eb mos sot, nes\u00ebr edhe opozita do duhet ti hap\u00eb drit\u00ebn jeshile rigjenerimit t\u00eb rradh\u00ebve t\u00eb saj. N\u00eb t\u00ebr\u00ebsi, ky \u00ebsht\u00eb nj\u00eb zhvillim duksh\u00ebm pozitiv por q\u00eb n\u00eb vetvete mbart edhe rrisqe shum\u00eb t\u00eb m\u00ebdha q\u00eb duhen adresuar.<\/span><\/p>\n<p><span style=\"color: #000000;\">Forumet rinore t\u00eb partive ishin dikur fidanishtet politike. Ato refuzonin t\u00eb ishin shtojca t\u00eb partis\u00eb m\u00ebm\u00eb. Mjafton t\u00eb kujtohet historia e dikurshme e FRESSH dhe FRPD, apo dhe beteja e &#8220;xhaketave t\u00eb vjetra&#8221; n\u00eb PS p\u00ebr t\u00eb kuptuar se ata t\u00eb rinj dhe t\u00eb reja n\u00eb fakt u b\u00ebn\u00eb alternativa politike duke qen\u00eb jo fotokopje e lidershipeve ekzistuese por kritik e n\u00eb p\u00ebrplasje t\u00eb vazhdueshme me ta. P\u00ebrplasje jo vet\u00ebm p\u00ebr shkak t\u00eb mosh\u00ebs dhe energjive por edhe p\u00ebr shkak t\u00eb vizionit, ideve dhe rrug\u00ebve t\u00eb zgjidhjes.<\/span><\/p>\n<p><span style=\"color: #000000;\">Askujt prej tyre q\u00eb u ngjit\u00ebn n\u00eb majat politike nuk ua dhuroi askush pozicionin. E fituan me guxim dhe luft\u00eb politike q\u00eb n\u00eb strukturat baz\u00eb rinore. Me nj\u00eb sistem vler\u00ebsimi mbi rezultate dhe meritokraci. Kjo b\u00ebri q\u00eb ata t\u00eb kishin individualitetin e tyre n\u00eb politik\u00eb. Gabuan apo jo m\u00eb pas n\u00eb ushtrimin e detyrave t\u00eb tyre shtet\u00ebrore kjo \u00ebsht\u00eb nj\u00eb tjet\u00ebr histori.<\/span><\/p>\n<p><span style=\"color: #000000;\">Rreziku me t\u00eb cilin duksh\u00ebm p\u00ebrballemi sot \u00ebsht\u00eb se k\u00ebto forume rinore jan\u00eb inekzistente n\u00eb gjitha partit\u00eb tona. Prurjet e reja politike vijn\u00eb nga \u00e7do cep i rrug\u00ebs, pa asnj\u00eb filter serioz dhe t\u00eb monitoruesh\u00ebm, pa asnj\u00eb sistem real vlerash dhe meritokracie.\u00a0 Modelet e krijuara n\u00eb politik\u00ebn aktuale kopjohen aq keq nga k\u00ebto prurje t\u00eb reja sa nuk \u00ebsht\u00eb \u00e7udi q\u00eb fatkeq\u00ebsisht politika t\u00eb na kthehet shum\u00eb shpejt n\u00eb koshin q\u00eb mbledh me shumic\u00eb individ\u00eb delirant\u00eb apo karrierist\u00eb t\u00eb ethsh\u00ebm q\u00eb jan\u00eb t\u00eb gatsh\u00ebm t\u00eb b\u00ebjn\u00eb \u00e7do lloj kompromisi p\u00ebr t\u00eb arritur lart, sa m\u00eb lart. Nuk do t\u00eb jet\u00eb e v\u00ebshtir\u00eb p\u00ebr ta t\u00eb l\u00ebpijn\u00eb aty ku kan\u00eb p\u00ebshtyr\u00eb, t\u00eb kalojn\u00eb majtas-djathtas apo anasjelltas me parimin se q\u00ebllimi e justifikon jo vet\u00ebm mjetin por edhe ngjyr\u00ebn e fytyr\u00ebs!<\/span><\/p>\n<p><span style=\"color: #000000;\">N\u00ebse nuk do t\u00eb tregohemi t\u00eb kujdessh\u00ebm sot kur ndoshta do t\u00eb hidhen themelet e klas\u00ebs politike t\u00eb 20-30 viteve t\u00eb ardhshme, do t\u00eb jet\u00eb e tep\u00ebrt nes\u00ebr t\u00eb k\u00ebrkojm\u00eb politikan\u00eb t\u00eb rinj q\u00eb kan\u00eb parime, q\u00eb kan\u00eb individualitet e personalitet, q\u00eb din\u00eb edhe t\u00eb refuzojn\u00eb, q\u00eb din\u00eb edhe t\u00eb rezistojn\u00eb. Do t\u00eb rrezikojm\u00eb t\u00eb kemi politikan\u00eb t\u00eb rinj m\u00eb t\u00eb vjet\u00ebr se t\u00eb vjetrit. Do t\u00eb kemi ndryshuar fytyrat por do t\u00eb jemi s\u00ebrish n\u00eb vend num\u00ebro! Ndaj, sot \u00ebsht\u00eb koha ta hapim politik\u00ebn por pa ja shqyer asaj dyert!<\/span><\/p>\n","protected":false,"gt_translate_keys":[{"key":"rendered","format":"html"}]},"excerpt":{"rendered":"<p>Nga Dardan Malaj Fatos Nano u b\u00eb pjes\u00eb e politik\u00ebs aktive Janarin e vitit 1991 kur mori postin e zv.kryeministrit n\u00eb qeverin\u00eb e Adil \u00c7ar\u00e7anit. U t\u00ebrhoq nga politika aktive 14 vite m\u00eb pas, n\u00eb vitin 2005 pas humbjes s\u00eb zgjedhjeve parlamentare. Sot, teksa ai kalon vitet e pleq\u00ebris\u00eb pran\u00eb familjes s\u00eb tij, gjithnj\u00eb e [&hellip;]<\/p>\n","protected":false,"gt_translate_keys":[{"key":"rendered","format":"html"}]},"author":32,"featured_media":706063,"comment_status":"closed","ping_status":"open","sticky":false,"template":"","format":"standard","meta":{"footnotes":""},"categories":[23,13],"tags":[],"class_list":["post-706062","post","type-post","status-publish","format-standard","has-post-thumbnail","hentry","category-editorial","category-te-fundit"],"gt_translate_keys":[{"key":"link","format":"url"}],"_links":{"self":[{"href":"https:\/\/www.hashtag.al\/index.php\/wp-json\/wp\/v2\/posts\/706062","targetHints":{"allow":["GET"]}}],"collection":[{"href":"https:\/\/www.hashtag.al\/index.php\/wp-json\/wp\/v2\/posts"}],"about":[{"href":"https:\/\/www.hashtag.al\/index.php\/wp-json\/wp\/v2\/types\/post"}],"author":[{"embeddable":true,"href":"https:\/\/www.hashtag.al\/index.php\/wp-json\/wp\/v2\/users\/32"}],"replies":[{"embeddable":true,"href":"https:\/\/www.hashtag.al\/index.php\/wp-json\/wp\/v2\/comments?post=706062"}],"version-history":[{"count":0,"href":"https:\/\/www.hashtag.al\/index.php\/wp-json\/wp\/v2\/posts\/706062\/revisions"}],"wp:featuredmedia":[{"embeddable":true,"href":"https:\/\/www.hashtag.al\/index.php\/wp-json\/wp\/v2\/media\/706063"}],"wp:attachment":[{"href":"https:\/\/www.hashtag.al\/index.php\/wp-json\/wp\/v2\/media?parent=706062"}],"wp:term":[{"taxonomy":"category","embeddable":true,"href":"https:\/\/www.hashtag.al\/index.php\/wp-json\/wp\/v2\/categories?post=706062"},{"taxonomy":"post_tag","embeddable":true,"href":"https:\/\/www.hashtag.al\/index.php\/wp-json\/wp\/v2\/tags?post=706062"}],"curies":[{"name":"wp","href":"https:\/\/api.w.org\/{rel}","templated":true}]}}