{"id":706007,"date":"2024-10-26T20:00:57","date_gmt":"2024-10-26T18:00:57","guid":{"rendered":"https:\/\/www.hashtag.al\/?p=706007"},"modified":"2024-10-26T20:00:57","modified_gmt":"2024-10-26T18:00:57","slug":"vizita-ne-shba-reagon-berisha-bashkeatdhetaret-tane-guximtare-e-priten-me-protesta","status":"publish","type":"post","link":"https:\/\/www.hashtag.al\/index.php\/2024\/10\/26\/vizita-ne-shba-reagon-berisha-bashkeatdhetaret-tane-guximtare-e-priten-me-protesta\/","title":{"rendered":"Vizita n\u00eb SHBA, reagon Berisha: Bashk\u00ebatdhetar\u00ebt tan\u00eb guximtar\u00eb e prit\u00ebn me protesta","gt_translate_keys":[{"key":"rendered","format":"text"}]},"content":{"rendered":"<p>&nbsp;<\/p>\n<p><span style=\"color: #000000;\"><a href=\"https:\/\/www.hashtag.al\/wp-content\/uploads\/2024\/07\/berisha-1.png\"><img loading=\"lazy\" decoding=\"async\" class=\"aligncenter size-full wp-image-687182\" src=\"https:\/\/www.hashtag.al\/wp-content\/uploads\/2024\/07\/berisha-1.png\" alt=\"\" width=\"808\" height=\"485\" srcset=\"https:\/\/www.hashtag.al\/wp-content\/uploads\/2024\/07\/berisha-1.png 808w, https:\/\/www.hashtag.al\/wp-content\/uploads\/2024\/07\/berisha-1-300x180.png 300w, https:\/\/www.hashtag.al\/wp-content\/uploads\/2024\/07\/berisha-1-768x461.png 768w\" sizes=\"auto, (max-width: 808px) 100vw, 808px\" \/><\/a><\/span><\/p>\n<p><span style=\"color: #000000;\">Ish-kryeministri Sali Berisha ka komentuar vizit\u00ebn e kreut t\u00eb qeveris\u00eb n\u00eb SHBA, ku shprehu se u prit me protesta.<\/span><\/p>\n<p><span style=\"color: #000000;\"><em>\u201cShqiptar\u00ebt n\u00eb k\u00ebmb\u00eb \u00ebsht\u00eb kushtrimi q\u00eb vjen nga Nju Jorku\u201d,<\/em> u shpreh Berisha.<\/span><\/p>\n<p><span style=\"color: #000000;\">Gjithashtu ai \u00a0u ndal dhe te pensionist\u00ebt, ku tha se \u201c<em>Rama q\u00eb b\u00ebn sikur i dhimbsen pensionist\u00ebt shkoi n\u00eb ndeshje ku bileta shkon 20 mij\u00eb dollar\u00eb\u201d<\/em><\/span><\/p>\n<p><span style=\"color: #000000;\"><strong><em>Berisha:<\/em><\/strong><em> V\u00ebllez\u00ebr dhe motra, udh\u00ebtimi i k\u00ebtij banditi, k\u00ebtij krimineli, me suit\u00ebn e tij, a e pat\u00eb, kish marr\u00eb me vete edhe Vangjel Tavon, njeriun q\u00eb nuk \u00ebsht\u00eb as shqiptar, as grek, por ka vet\u00ebm moralin e hajdutit t\u00eb Edi Ram\u00ebs.<\/em><\/span><\/p>\n<p><span style=\"color: #000000;\"><em>V\u00ebrshuan p\u00ebr t\u00eb z\u00ebn\u00eb nga nj\u00eb vend n\u00eb sall\u00eb.<\/em><\/span><\/p>\n<p><span style=\"color: #000000;\"><em>Para takimit, ata q\u00eb qanin hallet p\u00ebr pensionet, ai q\u00eb ka gozhd\u00eb q\u00eb kur erdhi n\u00eb pushtet \u00e7\u00ebshtjen e pensioneve t\u00eb pensionist\u00ebve, shkoi me mace e me minj, me t\u00eb madh e me t\u00eb vog\u00ebl n\u00eb ndeshje ku bileta ku kushton si\u00e7 thot\u00eb 10 gjer n\u00eb 20 mij\u00eb dollar\u00eb.<\/em><\/span><\/p>\n<p><span style=\"color: #000000;\"><em>Kurse salla kushton 250-300 dollar\u00eb p\u00ebr person.<\/em><\/span><\/p>\n<p><span style=\"color: #000000;\"><em>Ja pra pensionet dhe gozhda e hajdutit t\u00eb pashpirt.<\/em><\/span><\/p>\n<p><span style=\"color: #000000;\"><em>Miqt\u00eb e mi, bashk\u00ebatdhetar\u00ebt tan\u00eb t\u00eb pamposhtur, patriot\u00eb t\u00eb flakt\u00eb, me protest\u00ebn e tyre t\u00eb sotme i b\u00ebjn\u00eb thirrje \u00e7do shqiptari kudo t\u00eb jet\u00eb ta pres\u00eb me domate, ta pres\u00eb me vez\u00eb, ta pres\u00eb me protest\u00eb kryehorrin e kombit, kryehajdutin e kombit, kryetradhtarin e kombit Edi Rama, n\u00eb \u00e7do p\u00ebll\u00ebmb\u00eb t\u00eb tok\u00ebs shqiptare, kudo q\u00eb t\u00eb jet\u00eb, n\u00eb Shqip\u00ebri, n\u00eb Europ\u00eb dhe kudo.<\/em><\/span><\/p>\n<p><span style=\"color: #000000;\"><em>Shqiptar\u00ebt n\u00eb k\u00ebmb\u00eb \u00ebsht\u00eb kushtrimi q\u00eb vjen nga Nju Jorku.<\/em><\/span><\/p>\n<p><span style=\"color: #000000;\"><em>Miqt\u00eb e mi, po n\u00eb qoft\u00eb se bashk\u00ebatdhetar\u00ebt tan\u00eb guximtar\u00eb e prit\u00ebn si\u00e7 meritonte kryehajdutin e kombit, si duhet ta pres\u00eb Fieri lubin\u00eb e kombit, si duhet t\u00eb pres\u00eb Shkodra hajdutin e kombit, si duhet t\u00eb pres\u00eb Lezha Ulziun e kombit, si duhet t\u2019i presin rrethet tona k\u00ebt\u00eb rac\u00eb hajdut\u00ebsh antishqiptar\u00eb q\u00eb po shfarosin kombin. Me vez\u00eb, domate, protesta, beteja.<\/em><\/span><\/p>\n<p><span style=\"color: #000000;\"><em>Ndaj dhe le t\u00eb na frym\u00ebzoj\u00eb ne protesta n\u00eb sall\u00eb dhe jasht\u00eb salle e bashkatdhetar\u00ebve tan\u00eb.<\/em><\/span><\/p>\n","protected":false,"gt_translate_keys":[{"key":"rendered","format":"html"}]},"excerpt":{"rendered":"<p>&nbsp; Ish-kryeministri Sali Berisha ka komentuar vizit\u00ebn e kreut t\u00eb qeveris\u00eb n\u00eb SHBA, ku shprehu se u prit me protesta. \u201cShqiptar\u00ebt n\u00eb k\u00ebmb\u00eb \u00ebsht\u00eb kushtrimi q\u00eb vjen nga Nju Jorku\u201d, u shpreh Berisha. Gjithashtu ai \u00a0u ndal dhe te pensionist\u00ebt, ku tha se \u201cRama q\u00eb b\u00ebn sikur i dhimbsen pensionist\u00ebt shkoi n\u00eb ndeshje ku bileta [&hellip;]<\/p>\n","protected":false,"gt_translate_keys":[{"key":"rendered","format":"html"}]},"author":32,"featured_media":687182,"comment_status":"closed","ping_status":"open","sticky":false,"template":"","format":"standard","meta":{"footnotes":""},"categories":[65],"tags":[],"class_list":["post-706007","post","type-post","status-publish","format-standard","has-post-thumbnail","hentry","category-lajme"],"gt_translate_keys":[{"key":"link","format":"url"}],"_links":{"self":[{"href":"https:\/\/www.hashtag.al\/index.php\/wp-json\/wp\/v2\/posts\/706007","targetHints":{"allow":["GET"]}}],"collection":[{"href":"https:\/\/www.hashtag.al\/index.php\/wp-json\/wp\/v2\/posts"}],"about":[{"href":"https:\/\/www.hashtag.al\/index.php\/wp-json\/wp\/v2\/types\/post"}],"author":[{"embeddable":true,"href":"https:\/\/www.hashtag.al\/index.php\/wp-json\/wp\/v2\/users\/32"}],"replies":[{"embeddable":true,"href":"https:\/\/www.hashtag.al\/index.php\/wp-json\/wp\/v2\/comments?post=706007"}],"version-history":[{"count":0,"href":"https:\/\/www.hashtag.al\/index.php\/wp-json\/wp\/v2\/posts\/706007\/revisions"}],"wp:featuredmedia":[{"embeddable":true,"href":"https:\/\/www.hashtag.al\/index.php\/wp-json\/wp\/v2\/media\/687182"}],"wp:attachment":[{"href":"https:\/\/www.hashtag.al\/index.php\/wp-json\/wp\/v2\/media?parent=706007"}],"wp:term":[{"taxonomy":"category","embeddable":true,"href":"https:\/\/www.hashtag.al\/index.php\/wp-json\/wp\/v2\/categories?post=706007"},{"taxonomy":"post_tag","embeddable":true,"href":"https:\/\/www.hashtag.al\/index.php\/wp-json\/wp\/v2\/tags?post=706007"}],"curies":[{"name":"wp","href":"https:\/\/api.w.org\/{rel}","templated":true}]}}