{"id":705862,"date":"2024-10-25T16:02:20","date_gmt":"2024-10-25T14:02:20","guid":{"rendered":"https:\/\/www.hashtag.al\/?p=705862"},"modified":"2024-10-25T16:02:20","modified_gmt":"2024-10-25T14:02:20","slug":"kishte-humbur-kontaktet-prej-4-ditesh-cobani-47-vjecar-gjendet-i-pajete-ne-mal","status":"publish","type":"post","link":"https:\/\/www.hashtag.al\/index.php\/2024\/10\/25\/kishte-humbur-kontaktet-prej-4-ditesh-cobani-47-vjecar-gjendet-i-pajete-ne-mal\/","title":{"rendered":"Kishte humbur kontaktet prej 4 dit\u00ebsh, \u00e7obani 47-vje\u00e7ar gjendet i pajet\u00eb n\u00eb mal","gt_translate_keys":[{"key":"rendered","format":"text"}]},"content":{"rendered":"<p><a href=\"https:\/\/www.hashtag.al\/wp-content\/uploads\/2024\/10\/COBAN.png\"><img loading=\"lazy\" decoding=\"async\" class=\"aligncenter size-full wp-image-705863\" src=\"https:\/\/www.hashtag.al\/wp-content\/uploads\/2024\/10\/COBAN.png\" alt=\"\" width=\"729\" height=\"404\" srcset=\"https:\/\/www.hashtag.al\/wp-content\/uploads\/2024\/10\/COBAN.png 729w, https:\/\/www.hashtag.al\/wp-content\/uploads\/2024\/10\/COBAN-300x166.png 300w\" sizes=\"auto, (max-width: 729px) 100vw, 729px\" \/><\/a><\/p>\n<p><span style=\"color: #000000;\">Nj\u00eb 47-vje\u00e7ar \u00e7oban, i cili kishte humbur kontaktet me pronarin e stanit q\u00eb prej dat\u00ebs 21 tetor, \u00ebsht\u00eb gjetur i pajet\u00eb dit\u00ebn e djeshme n\u00eb nj\u00eb mal n\u00eb Selenic\u00eb.<\/span><\/p>\n<p><span style=\"color: #000000;\">47-vje\u00e7ari nga Elbasani me iniciale E.G\u00a0 ishte pun\u00ebsuar si \u00e7oban n\u00eb at\u00eb zon\u00eb prej koh\u00ebsh. Por p\u00ebr fat t\u00eb keq ai u gjet dje pa shenja jete n\u00eb malin e fshatit Gjorm\u00eb.<\/span><\/p>\n<p>&nbsp;<\/p>\n<p><span style=\"color: #000000;\">Njoftimi i policis\u00eb<\/span><\/p>\n<p><span style=\"color: #000000;\"><em>Stacioni i Policis\u00eb Selenic\u00eb referoi materialet n\u00eb Prokurori, p\u00ebr vler\u00ebsim, pasi m\u00eb dat\u00eb 24.10.2024, n\u00eb malin e fshatit Gjorm\u00eb, dyshohet se ka humbur jet\u00ebn, p\u00ebr shkaqe natyrale, shtetasi E. G., 47 vje\u00e7, banues n\u00eb Elbasan, i cili ishte pun\u00ebsuar si \u00e7oban n\u00eb at\u00eb zon\u00eb dhe prej dat\u00ebs 21.10.2024 kishte humbur kontaktet me pronarin e stanit ku punonte.<\/em><\/span><\/p>\n<p><span style=\"color: #000000;\"><em>Materialet iu referuan Prokurorive, p\u00ebr veprime t\u00eb m\u00ebtejshme.<\/em><\/span><\/p>\n","protected":false,"gt_translate_keys":[{"key":"rendered","format":"html"}]},"excerpt":{"rendered":"<p>Nj\u00eb 47-vje\u00e7ar \u00e7oban, i cili kishte humbur kontaktet me pronarin e stanit q\u00eb prej dat\u00ebs 21 tetor, \u00ebsht\u00eb gjetur i pajet\u00eb dit\u00ebn e djeshme n\u00eb nj\u00eb mal n\u00eb Selenic\u00eb. 47-vje\u00e7ari nga Elbasani me iniciale E.G\u00a0 ishte pun\u00ebsuar si \u00e7oban n\u00eb at\u00eb zon\u00eb prej koh\u00ebsh. Por p\u00ebr fat t\u00eb keq ai u gjet dje pa shenja [&hellip;]<\/p>\n","protected":false,"gt_translate_keys":[{"key":"rendered","format":"html"}]},"author":32,"featured_media":705863,"comment_status":"closed","ping_status":"open","sticky":false,"template":"","format":"standard","meta":{"footnotes":""},"categories":[65],"tags":[],"class_list":["post-705862","post","type-post","status-publish","format-standard","has-post-thumbnail","hentry","category-lajme"],"gt_translate_keys":[{"key":"link","format":"url"}],"_links":{"self":[{"href":"https:\/\/www.hashtag.al\/index.php\/wp-json\/wp\/v2\/posts\/705862","targetHints":{"allow":["GET"]}}],"collection":[{"href":"https:\/\/www.hashtag.al\/index.php\/wp-json\/wp\/v2\/posts"}],"about":[{"href":"https:\/\/www.hashtag.al\/index.php\/wp-json\/wp\/v2\/types\/post"}],"author":[{"embeddable":true,"href":"https:\/\/www.hashtag.al\/index.php\/wp-json\/wp\/v2\/users\/32"}],"replies":[{"embeddable":true,"href":"https:\/\/www.hashtag.al\/index.php\/wp-json\/wp\/v2\/comments?post=705862"}],"version-history":[{"count":0,"href":"https:\/\/www.hashtag.al\/index.php\/wp-json\/wp\/v2\/posts\/705862\/revisions"}],"wp:featuredmedia":[{"embeddable":true,"href":"https:\/\/www.hashtag.al\/index.php\/wp-json\/wp\/v2\/media\/705863"}],"wp:attachment":[{"href":"https:\/\/www.hashtag.al\/index.php\/wp-json\/wp\/v2\/media?parent=705862"}],"wp:term":[{"taxonomy":"category","embeddable":true,"href":"https:\/\/www.hashtag.al\/index.php\/wp-json\/wp\/v2\/categories?post=705862"},{"taxonomy":"post_tag","embeddable":true,"href":"https:\/\/www.hashtag.al\/index.php\/wp-json\/wp\/v2\/tags?post=705862"}],"curies":[{"name":"wp","href":"https:\/\/api.w.org\/{rel}","templated":true}]}}