{"id":705829,"date":"2024-10-25T13:08:32","date_gmt":"2024-10-25T11:08:32","guid":{"rendered":"https:\/\/www.hashtag.al\/?p=705829"},"modified":"2024-10-25T13:08:32","modified_gmt":"2024-10-25T11:08:32","slug":"spak-kerkon-denim-per-alqi-bllakon-dhe-lefter-koken-per-inceneratorin-e-elbasanit","status":"publish","type":"post","link":"https:\/\/www.hashtag.al\/index.php\/2024\/10\/25\/spak-kerkon-denim-per-alqi-bllakon-dhe-lefter-koken-per-inceneratorin-e-elbasanit\/","title":{"rendered":"SPAK k\u00ebrkon d\u00ebnim p\u00ebr Alqi Bllakon dhe Left\u00ebr Kok\u00ebn p\u00ebr inceneratorin e Elbasanit","gt_translate_keys":[{"key":"rendered","format":"text"}]},"content":{"rendered":"<p><img loading=\"lazy\" decoding=\"async\" class=\" wp-image-705831 aligncenter\" src=\"https:\/\/www.hashtag.al\/wp-content\/uploads\/2024\/10\/koka-bllako-300x158.jpg\" alt=\"\" width=\"908\" height=\"478\" srcset=\"https:\/\/www.hashtag.al\/wp-content\/uploads\/2024\/10\/koka-bllako-300x158.jpg 300w, https:\/\/www.hashtag.al\/wp-content\/uploads\/2024\/10\/koka-bllako-1024x538.jpg 1024w, https:\/\/www.hashtag.al\/wp-content\/uploads\/2024\/10\/koka-bllako-768x403.jpg 768w, https:\/\/www.hashtag.al\/wp-content\/uploads\/2024\/10\/koka-bllako.jpg 1200w\" sizes=\"auto, (max-width: 908px) 100vw, 908px\" \/><\/p>\n<p style=\"text-align: left;\"><span style=\"color: #000000;\">Prokuroria e Posa\u00e7me Anti-Korrupsion (SPAK) ka apeluar vendimin e shkall\u00ebs s\u00eb par\u00eb q\u00eb shpalli t\u00eb pafajsh\u00ebm ish-deputetin socialist Alqi Bllako dhe ish-ministrin e Mjedisit Left\u00ebr Koka p\u00ebr akuz\u00ebn e &#8220;shp\u00ebrdorimit t\u00eb detyr\u00ebs&#8221; lidhur me inceneratorin e Elbasanit.<\/span><\/p>\n<p style=\"text-align: left;\"><span style=\"color: #000000;\">N\u00eb seanc\u00ebn e Apelit, prokuror\u00ebt Klodian Braho dhe Arben Kraja k\u00ebrkuan q\u00eb Bllako t\u00eb d\u00ebnohet me 4 vite burg, me mund\u00ebsin\u00eb e gjykimit t\u00eb shkurtuar q\u00eb do ta ulte d\u00ebnimin n\u00eb 2.8 vite, nd\u00ebrsa p\u00ebr Kok\u00ebn k\u00ebrkuan t\u00eb shtohet d\u00ebnimi p\u00ebr &#8220;shp\u00ebrdorim detyre&#8221;.<\/span><\/p>\n<p style=\"text-align: left;\"><span style=\"color: #000000;\">Ish-ministri i Mbrojtjes, Left\u00ebr Koka, \u00ebsht\u00eb d\u00ebnuar me 6.8 vite burg n\u00eb shkall\u00ebn e par\u00eb p\u00ebr antikorrupsion.<\/span><\/p>\n<p style=\"text-align: left;\"><span style=\"color: #000000;\">Nd\u00ebrkoh\u00eb, nuk ka pasur zhvillime n\u00eb rastin e inceneratorit t\u00eb Fierit n\u00eb Gjykat\u00ebn e Apelit, duke e l\u00ebn\u00eb at\u00eb n\u00eb pritje p\u00ebr nj\u00eb vendim t\u00eb prer\u00eb.<\/span><\/p>\n","protected":false,"gt_translate_keys":[{"key":"rendered","format":"html"}]},"excerpt":{"rendered":"<p>Prokuroria e Posa\u00e7me Anti-Korrupsion (SPAK) ka apeluar vendimin e shkall\u00ebs s\u00eb par\u00eb q\u00eb shpalli t\u00eb pafajsh\u00ebm ish-deputetin socialist Alqi Bllako dhe ish-ministrin e Mjedisit Left\u00ebr Koka p\u00ebr akuz\u00ebn e &#8220;shp\u00ebrdorimit t\u00eb detyr\u00ebs&#8221; lidhur me inceneratorin e Elbasanit. N\u00eb seanc\u00ebn e Apelit, prokuror\u00ebt Klodian Braho dhe Arben Kraja k\u00ebrkuan q\u00eb Bllako t\u00eb d\u00ebnohet me 4 vite [&hellip;]<\/p>\n","protected":false,"gt_translate_keys":[{"key":"rendered","format":"html"}]},"author":49,"featured_media":705831,"comment_status":"closed","ping_status":"open","sticky":false,"template":"","format":"standard","meta":{"footnotes":""},"categories":[65],"tags":[],"class_list":["post-705829","post","type-post","status-publish","format-standard","has-post-thumbnail","hentry","category-lajme"],"gt_translate_keys":[{"key":"link","format":"url"}],"_links":{"self":[{"href":"https:\/\/www.hashtag.al\/index.php\/wp-json\/wp\/v2\/posts\/705829","targetHints":{"allow":["GET"]}}],"collection":[{"href":"https:\/\/www.hashtag.al\/index.php\/wp-json\/wp\/v2\/posts"}],"about":[{"href":"https:\/\/www.hashtag.al\/index.php\/wp-json\/wp\/v2\/types\/post"}],"author":[{"embeddable":true,"href":"https:\/\/www.hashtag.al\/index.php\/wp-json\/wp\/v2\/users\/49"}],"replies":[{"embeddable":true,"href":"https:\/\/www.hashtag.al\/index.php\/wp-json\/wp\/v2\/comments?post=705829"}],"version-history":[{"count":0,"href":"https:\/\/www.hashtag.al\/index.php\/wp-json\/wp\/v2\/posts\/705829\/revisions"}],"wp:featuredmedia":[{"embeddable":true,"href":"https:\/\/www.hashtag.al\/index.php\/wp-json\/wp\/v2\/media\/705831"}],"wp:attachment":[{"href":"https:\/\/www.hashtag.al\/index.php\/wp-json\/wp\/v2\/media?parent=705829"}],"wp:term":[{"taxonomy":"category","embeddable":true,"href":"https:\/\/www.hashtag.al\/index.php\/wp-json\/wp\/v2\/categories?post=705829"},{"taxonomy":"post_tag","embeddable":true,"href":"https:\/\/www.hashtag.al\/index.php\/wp-json\/wp\/v2\/tags?post=705829"}],"curies":[{"name":"wp","href":"https:\/\/api.w.org\/{rel}","templated":true}]}}