{"id":705715,"date":"2024-10-24T19:17:35","date_gmt":"2024-10-24T17:17:35","guid":{"rendered":"https:\/\/www.hashtag.al\/?p=705715"},"modified":"2024-10-25T07:21:05","modified_gmt":"2024-10-25T05:21:05","slug":"macron-netanyahut-qytetrimi-nuk-mbrohet-duke-mbjelle-barbarizem","status":"publish","type":"post","link":"https:\/\/www.hashtag.al\/index.php\/2024\/10\/24\/macron-netanyahut-qytetrimi-nuk-mbrohet-duke-mbjelle-barbarizem\/","title":{"rendered":"Macron-Netanyahut: Qytet\u00ebrimi nuk mbrohet duke mbjell\u00eb barbariz\u00ebm","gt_translate_keys":[{"key":"rendered","format":"text"}]},"content":{"rendered":"<p><span style=\"color: #000000;\"><a href=\"https:\/\/www.hashtag.al\/wp-content\/uploads\/2024\/10\/macron-netanyahu.png\"><img loading=\"lazy\" decoding=\"async\" class=\"aligncenter size-full wp-image-705716\" src=\"https:\/\/www.hashtag.al\/wp-content\/uploads\/2024\/10\/macron-netanyahu.png\" alt=\"\" width=\"822\" height=\"537\" srcset=\"https:\/\/www.hashtag.al\/wp-content\/uploads\/2024\/10\/macron-netanyahu.png 822w, https:\/\/www.hashtag.al\/wp-content\/uploads\/2024\/10\/macron-netanyahu-300x196.png 300w, https:\/\/www.hashtag.al\/wp-content\/uploads\/2024\/10\/macron-netanyahu-768x502.png 768w\" sizes=\"auto, (max-width: 822px) 100vw, 822px\" \/><\/a><\/span><\/p>\n<p><span style=\"color: #000000;\">Presidenti francez Emmanuel Macron nisi t\u00eb enjten nj\u00eb konferenc\u00eb nd\u00ebrkomb\u00ebtare nj\u00ebditore mbi Libanin, duke njoftuar 100 miliard\u00eb euro ndihm\u00eb humanitare dhe duke paralajm\u00ebruar kryeministrin izraelit, Benjamin Netanyahu, se \u201cqytet\u00ebrimi nuk mbrohet m\u00eb s\u00eb miri duke mbjell\u00eb barbariz\u00ebm vet\u00eb\u201d.<\/span><\/p>\n<p><span style=\"color: #000000;\">Ai gjithashtu u zotua t\u00eb ndihmoj\u00eb n\u00eb trajnimin e 6,000 forcave zyrtare libaneze shtes\u00eb, nd\u00ebrsa b\u00ebri thirrje p\u00ebr nj\u00eb arm\u00ebpushim dhe fundin e sulmeve izraelite ndaj paqeruajt\u00ebsve t\u00eb OKB-s\u00eb, p\u00ebr t\u00eb cilat ai tha se nuk kishte asnj\u00eb justifikim.<\/span><\/p>\n<p><span style=\"color: #000000;\">Synimet e dyfishta t\u00eb konferenc\u00ebs s\u00eb presidentit francez n\u00eb Paris jan\u00eb t\u00eb leht\u00ebsoj\u00eb vuajtjet humanitare n\u00eb Liban dhe t\u00eb forcoj\u00eb institucionet shtet\u00ebrore libaneze, p\u00ebrfshir\u00eb ushtrin\u00eb zyrtare, shkruan The Guardian.<\/span><\/p>\n<p><span style=\"color: #000000;\">N\u00eb fjal\u00ebn e tij hyr\u00ebse, Marcon tha gjithashtu se ishte nj\u00eb \u00e7\u00ebshtje keqardhje q\u00eb Irani, mb\u00ebshtet\u00ebs i grupit Hezbollah, kishte \u201cangazhuar Hezbollahun kund\u00ebr Izraelit, nd\u00ebrsa interesi m\u00eb i lart\u00eb i Libanit ishte q\u00eb ai t\u00eb q\u00ebndronte larg luft\u00ebs s\u00eb Gaz\u00ebs\u201d.<\/span><\/p>\n<p><span style=\"color: #000000;\">Franca shpreson t\u00eb mbledh\u00eb 460 milion\u00eb euro n\u00eb konferenc\u00eb, m\u00eb shum\u00eb se objektivi i fundit i OKB-s\u00eb prej 400 milion\u00eb euro.<\/span><\/p>\n<p><span style=\"color: #000000;\">Me fjal\u00ebt drejtuar Netanyahut, me t\u00eb cilin marr\u00ebdh\u00ebnia e tij \u00ebsht\u00eb p\u00ebrkeq\u00ebsuar keq, ai tha: \u201cDit\u00ebt e fundit kemi folur shum\u00eb p\u00ebr nj\u00eb luft\u00eb qytet\u00ebrimesh apo p\u00ebr qytet\u00ebrime q\u00eb duhen mbrojtur. Nuk jam i sigurt se ne mbrojm\u00eb qytet\u00ebrim duke mbjell\u00eb vet\u00eb barbariz\u00ebm\u201d.<\/span><\/p>\n<p><span style=\"color: #000000;\">Macron iu referua nj\u00eb deklarate t\u00eb Netanyahut, i cili kishte th\u00ebn\u00eb n\u00eb radion Europe 1 t\u00eb m\u00ebrkur\u00ebn se \u201c\u00ebsht\u00eb nj\u00eb luft\u00eb qytet\u00ebrimesh kund\u00ebr barbaris\u00eb; ne jemi n\u00eb ball\u00eb t\u00eb k\u00ebsaj lufte dhe Franca duhet t\u00eb mb\u00ebshtes\u00eb Izraelin.\u201d<\/span><\/p>\n<p><span style=\"color: #000000;\">Nd\u00ebrkaq, Macron sot tha: \u201cUn\u00eb jam i sigurt p\u00ebr nj\u00eb gj\u00eb, se mund\u00ebsia e nj\u00eb qytet\u00ebrimi \u00ebsht\u00eb n\u00eb rrezik n\u00eb Liban, dometh\u00ebn\u00eb mund\u00ebsia q\u00eb grat\u00eb dhe burrat t\u00eb cil\u00ebt kan\u00eb origjin\u00eb t\u00eb ndryshme, fet\u00eb e t\u00eb cil\u00ebve jan\u00eb t\u00eb ndryshme, t\u00eb ndajn\u00eb t\u00eb nj\u00ebjtin territor dhe t\u00eb jetojn\u00eb p\u00ebr t\u00eb nj\u00ebjtin projekt\u201d.<\/span><\/p>\n<p><span style=\"color: #000000;\">\u201cLufta duhet t\u00eb p\u00ebrfundoj\u00eb sa m\u00eb par\u00eb. Duhet t\u00eb ket\u00eb nj\u00eb arm\u00ebpushim n\u00eb Liban. M\u00eb shum\u00eb d\u00ebme, m\u00eb shum\u00eb viktima, m\u00eb shum\u00eb sulme as nuk do t\u2019i japin fund terrorizmit dhe as nuk do t\u00eb garantojn\u00eb sigurin\u00eb e t\u00eb gjith\u00ebve\u201d.<\/span><\/p>\n","protected":false,"gt_translate_keys":[{"key":"rendered","format":"html"}]},"excerpt":{"rendered":"<p>Presidenti francez Emmanuel Macron nisi t\u00eb enjten nj\u00eb konferenc\u00eb nd\u00ebrkomb\u00ebtare nj\u00ebditore mbi Libanin, duke njoftuar 100 miliard\u00eb euro ndihm\u00eb humanitare dhe duke paralajm\u00ebruar kryeministrin izraelit, Benjamin Netanyahu, se \u201cqytet\u00ebrimi nuk mbrohet m\u00eb s\u00eb miri duke mbjell\u00eb barbariz\u00ebm vet\u00eb\u201d. Ai gjithashtu u zotua t\u00eb ndihmoj\u00eb n\u00eb trajnimin e 6,000 forcave zyrtare libaneze shtes\u00eb, nd\u00ebrsa b\u00ebri thirrje [&hellip;]<\/p>\n","protected":false,"gt_translate_keys":[{"key":"rendered","format":"html"}]},"author":32,"featured_media":705716,"comment_status":"closed","ping_status":"open","sticky":false,"template":"","format":"standard","meta":{"footnotes":""},"categories":[6,13],"tags":[],"class_list":["post-705715","post","type-post","status-publish","format-standard","has-post-thumbnail","hentry","category-nderkombetare","category-te-fundit"],"gt_translate_keys":[{"key":"link","format":"url"}],"_links":{"self":[{"href":"https:\/\/www.hashtag.al\/index.php\/wp-json\/wp\/v2\/posts\/705715","targetHints":{"allow":["GET"]}}],"collection":[{"href":"https:\/\/www.hashtag.al\/index.php\/wp-json\/wp\/v2\/posts"}],"about":[{"href":"https:\/\/www.hashtag.al\/index.php\/wp-json\/wp\/v2\/types\/post"}],"author":[{"embeddable":true,"href":"https:\/\/www.hashtag.al\/index.php\/wp-json\/wp\/v2\/users\/32"}],"replies":[{"embeddable":true,"href":"https:\/\/www.hashtag.al\/index.php\/wp-json\/wp\/v2\/comments?post=705715"}],"version-history":[{"count":0,"href":"https:\/\/www.hashtag.al\/index.php\/wp-json\/wp\/v2\/posts\/705715\/revisions"}],"wp:featuredmedia":[{"embeddable":true,"href":"https:\/\/www.hashtag.al\/index.php\/wp-json\/wp\/v2\/media\/705716"}],"wp:attachment":[{"href":"https:\/\/www.hashtag.al\/index.php\/wp-json\/wp\/v2\/media?parent=705715"}],"wp:term":[{"taxonomy":"category","embeddable":true,"href":"https:\/\/www.hashtag.al\/index.php\/wp-json\/wp\/v2\/categories?post=705715"},{"taxonomy":"post_tag","embeddable":true,"href":"https:\/\/www.hashtag.al\/index.php\/wp-json\/wp\/v2\/tags?post=705715"}],"curies":[{"name":"wp","href":"https:\/\/api.w.org\/{rel}","templated":true}]}}