{"id":705706,"date":"2024-10-24T18:23:17","date_gmt":"2024-10-24T16:23:17","guid":{"rendered":"https:\/\/www.hashtag.al\/?p=705706"},"modified":"2024-10-24T18:24:47","modified_gmt":"2024-10-24T16:24:47","slug":"franca-perpiqet-te-futet-ne-vallen-e-luftes-ne-liban-kerkon-mbeshtetje-per-ushtrine-e-vendit","status":"publish","type":"post","link":"https:\/\/www.hashtag.al\/index.php\/2024\/10\/24\/franca-perpiqet-te-futet-ne-vallen-e-luftes-ne-liban-kerkon-mbeshtetje-per-ushtrine-e-vendit\/","title":{"rendered":"Franca p\u00ebrpiqet t\u00eb futet n\u00eb &#8220;vallen&#8221; e luft\u00ebs n\u00eb Liban, k\u00ebrkon mb\u00ebshtetje p\u00ebr ushtrin\u00eb e vendit","gt_translate_keys":[{"key":"rendered","format":"text"}]},"content":{"rendered":"<p><img loading=\"lazy\" decoding=\"async\" class=\"aligncenter size-full wp-image-705707\" src=\"https:\/\/www.hashtag.al\/wp-content\/uploads\/2024\/10\/idf.png\" alt=\"\" width=\"875\" height=\"578\" srcset=\"https:\/\/www.hashtag.al\/wp-content\/uploads\/2024\/10\/idf.png 875w, https:\/\/www.hashtag.al\/wp-content\/uploads\/2024\/10\/idf-300x198.png 300w, https:\/\/www.hashtag.al\/wp-content\/uploads\/2024\/10\/idf-768x507.png 768w\" sizes=\"auto, (max-width: 875px) 100vw, 875px\" \/><\/p>\n<p><span style=\"color: #000000;\">Nj\u00eb sulm izraelit vrau tre trupa libaneze n\u00eb Libanin jugor t\u00eb enjten, nd\u00ebrsa Franca priti nj\u00eb konferenc\u00eb p\u00ebr t\u00eb mbledhur mb\u00ebshtetjen p\u00ebr forcat shtet\u00ebrore libaneze, t\u00eb cilat shihen si jetike p\u00ebr \u00e7do zgjidhje diplomatike t\u00eb luft\u00ebs midis Izraelit. dhe Hezbollahut.<\/span><\/p>\n<p><span style=\"color: #000000;\">Ushtar\u00ebt libanez\u00eb u vran\u00eb nd\u00ebrsa po evakuonin t\u00eb plagosurit n\u00eb periferi t\u00eb fshatit jugor Yater, tha ushtria libaneze. Ata u vran\u00eb rreth or\u00ebs 4 e 15 t\u00eb m\u00ebngjesit, tha nj\u00eb burim i siguris\u00eb. Nuk kishte asnj\u00eb koment t\u00eb menj\u00ebhersh\u00ebm mbi sulmin nga ushtria izraelite, e cila m\u00eb par\u00eb ka th\u00ebn\u00eb se nuk po operon kund\u00ebr ushtris\u00eb libaneze.<\/span><\/p>\n<p><span style=\"color: #000000;\">Zona \u00ebsht\u00eb pjes\u00eb e rajonit kufitar t\u00eb goditur nga Izraeli gjat\u00eb ofensiv\u00ebs s\u00eb tij nj\u00ebmujore kund\u00ebr grupit libanez Hezbollah t\u00eb armatosur r\u00ebnd\u00eb, t\u00eb mb\u00ebshtetur nga Irani, n\u00eb nj\u00eb konflikt q\u00eb doli nga lufta e Gaz\u00ebs.<\/span><\/p>\n<p><span style=\"color: #000000;\">Me m\u00eb shum\u00eb se 2,500 njer\u00ebz t\u00eb vrar\u00eb n\u00eb Liban dhe mbi 1 milion t\u00eb detyruar t\u00eb largohen nga sht\u00ebpit\u00eb e tyre, sipas autoriteteve libaneze, konferenca e Parisit synon t\u00eb mobilizoj\u00eb ndihm\u00ebn humanitare dhe mb\u00ebshtetjen p\u00ebr ushtrin\u00eb libaneze.<\/span><\/p>\n<p><span style=\"color: #000000;\">Ushtria libaneze, nj\u00eb p\u00ebrfituese e mb\u00ebshtetjes s\u00eb SHBA-s\u00eb, ka pak ndikim n\u00eb terren n\u00eb bastionet e Hezbollahut n\u00eb Libanin jugor. Ajo rekruton nga t\u00eb gjith\u00eb komunitetet e panum\u00ebrta sektare t\u00eb Libanit dhe \u00ebsht\u00eb konsideruar si nj\u00eb garantues i paqes q\u00eb nga lufta civile e viteve 1975-1990.<\/span><\/p>\n<p><span style=\"color: #000000;\">Vendosja e tij n\u00eb jug \u00ebsht\u00eb nj\u00eb pjes\u00eb ky\u00e7e e rezolut\u00ebs 1701 t\u00eb K\u00ebshillit t\u00eb Sigurimit t\u00eb OKB-s\u00eb, e cila i dha fund nj\u00eb lufte t\u00eb vitit 2006 midis Hezbollahut dhe Izraelit. Takimi i Parisit \u00ebsht\u00eb vendosur t\u00eb p\u00ebrs\u00ebris\u00eb se rezoluta 1701 duhet t\u00eb jet\u00eb baza p\u00ebr nj\u00eb nd\u00ebrprerje t\u00eb armiq\u00ebsive aktuale.<\/span><\/p>\n<p><span style=\"color: #000000;\"><em>&#8220;Duhet t\u00eb ket\u00eb nj\u00eb arm\u00ebpushim n\u00eb Liban. M\u00eb shum\u00eb d\u00ebme, m\u00eb shum\u00eb viktima, m\u00eb shum\u00eb sulme nuk do t\u00eb mund\u00ebsojn\u00eb fundin e terrorizmit ose sigurin\u00eb p\u00ebr t\u00eb gjith\u00eb,&#8221;<\/em> tha presidenti francez Emmanuel Macron. Ai tha se konferenca do mb\u00ebshtes\u00eb rekrutimin e 6,000 trupave libaneze dhe do t&#8217;i siguroj\u00eb ushtris\u00eb furnizime kryesore.<\/span><\/p>\n<p><span style=\"color: #000000;\">Kryeministri i p\u00ebrkohsh\u00ebm i Libanit Najib Mikati tha se Bejruti mund t\u00eb vendos\u00eb 8,000 ushtar\u00eb si pjes\u00eb e nj\u00eb plani arm\u00ebpushimi, por b\u00ebri thirrje p\u00ebr mb\u00ebshtetje financiare dhe trajnim nd\u00ebrkomb\u00ebtar.<\/span><\/p>\n<p><span style=\"color: #000000;\">Sekretari amerikan i Mbrojtjes Lloyd Austin i tha homologut t\u00eb tij izraelit t\u00eb m\u00ebrkur\u00ebn se Uashingtoni kishte shqet\u00ebsime p\u00ebr sulmet kund\u00ebr forcave t\u00eb armatosura libaneze, nd\u00ebrsa i k\u00ebrkoi Izraelit t\u00eb merrte hapa p\u00ebr t\u00eb garantuar sigurin\u00eb e ushtris\u00eb libaneze dhe misionit paqeruajt\u00ebs t\u00eb OKB-s\u00eb n\u00eb Liban, tha Pentagoni.<\/span><\/p>\n","protected":false,"gt_translate_keys":[{"key":"rendered","format":"html"}]},"excerpt":{"rendered":"<p>Nj\u00eb sulm izraelit vrau tre trupa libaneze n\u00eb Libanin jugor t\u00eb enjten, nd\u00ebrsa Franca priti nj\u00eb konferenc\u00eb p\u00ebr t\u00eb mbledhur mb\u00ebshtetjen p\u00ebr forcat shtet\u00ebrore libaneze, t\u00eb cilat shihen si jetike p\u00ebr \u00e7do zgjidhje diplomatike t\u00eb luft\u00ebs midis Izraelit. dhe Hezbollahut. Ushtar\u00ebt libanez\u00eb u vran\u00eb nd\u00ebrsa po evakuonin t\u00eb plagosurit n\u00eb periferi t\u00eb fshatit jugor Yater, [&hellip;]<\/p>\n","protected":false,"gt_translate_keys":[{"key":"rendered","format":"html"}]},"author":51,"featured_media":705707,"comment_status":"closed","ping_status":"open","sticky":false,"template":"","format":"standard","meta":{"footnotes":""},"categories":[53],"tags":[],"class_list":["post-705706","post","type-post","status-publish","format-standard","has-post-thumbnail","hentry","category-fast-foodi"],"gt_translate_keys":[{"key":"link","format":"url"}],"_links":{"self":[{"href":"https:\/\/www.hashtag.al\/index.php\/wp-json\/wp\/v2\/posts\/705706","targetHints":{"allow":["GET"]}}],"collection":[{"href":"https:\/\/www.hashtag.al\/index.php\/wp-json\/wp\/v2\/posts"}],"about":[{"href":"https:\/\/www.hashtag.al\/index.php\/wp-json\/wp\/v2\/types\/post"}],"author":[{"embeddable":true,"href":"https:\/\/www.hashtag.al\/index.php\/wp-json\/wp\/v2\/users\/51"}],"replies":[{"embeddable":true,"href":"https:\/\/www.hashtag.al\/index.php\/wp-json\/wp\/v2\/comments?post=705706"}],"version-history":[{"count":0,"href":"https:\/\/www.hashtag.al\/index.php\/wp-json\/wp\/v2\/posts\/705706\/revisions"}],"wp:featuredmedia":[{"embeddable":true,"href":"https:\/\/www.hashtag.al\/index.php\/wp-json\/wp\/v2\/media\/705707"}],"wp:attachment":[{"href":"https:\/\/www.hashtag.al\/index.php\/wp-json\/wp\/v2\/media?parent=705706"}],"wp:term":[{"taxonomy":"category","embeddable":true,"href":"https:\/\/www.hashtag.al\/index.php\/wp-json\/wp\/v2\/categories?post=705706"},{"taxonomy":"post_tag","embeddable":true,"href":"https:\/\/www.hashtag.al\/index.php\/wp-json\/wp\/v2\/tags?post=705706"}],"curies":[{"name":"wp","href":"https:\/\/api.w.org\/{rel}","templated":true}]}}