{"id":705322,"date":"2024-10-22T18:55:22","date_gmt":"2024-10-22T16:55:22","guid":{"rendered":"https:\/\/www.hashtag.al\/?p=705322"},"modified":"2024-10-22T18:55:22","modified_gmt":"2024-10-22T16:55:22","slug":"hezbollahu-merr-pergjegjesine-per-sulmin-me-drone-ne-rezidencen-e-netanyahut","status":"publish","type":"post","link":"https:\/\/www.hashtag.al\/index.php\/2024\/10\/22\/hezbollahu-merr-pergjegjesine-per-sulmin-me-drone-ne-rezidencen-e-netanyahut\/","title":{"rendered":"Hezbollahu merr p\u00ebrgjegj\u00ebsin\u00eb p\u00ebr sulmin me dron\u00eb n\u00eb rezidenc\u00ebn e Netanyahut","gt_translate_keys":[{"key":"rendered","format":"text"}]},"content":{"rendered":"<p><span style=\"color: #000000;\"><a href=\"https:\/\/www.hashtag.al\/wp-content\/uploads\/2024\/10\/Screenshot-2024-10-22-185232.png\"><img loading=\"lazy\" decoding=\"async\" class=\"aligncenter size-full wp-image-705323\" src=\"https:\/\/www.hashtag.al\/wp-content\/uploads\/2024\/10\/Screenshot-2024-10-22-185232.png\" alt=\"\" width=\"1210\" height=\"652\" srcset=\"https:\/\/www.hashtag.al\/wp-content\/uploads\/2024\/10\/Screenshot-2024-10-22-185232.png 1210w, https:\/\/www.hashtag.al\/wp-content\/uploads\/2024\/10\/Screenshot-2024-10-22-185232-300x162.png 300w, https:\/\/www.hashtag.al\/wp-content\/uploads\/2024\/10\/Screenshot-2024-10-22-185232-1024x552.png 1024w, https:\/\/www.hashtag.al\/wp-content\/uploads\/2024\/10\/Screenshot-2024-10-22-185232-768x414.png 768w\" sizes=\"auto, (max-width: 1210px) 100vw, 1210px\" \/><\/a><\/span><\/p>\n<p><span style=\"color: #000000;\">Hezbollahu e ka marr\u00eb p\u00ebrgjegj\u00ebsin\u00eb p\u00ebr nj\u00eb sulm me dron\u00eb t\u00eb kryer jav\u00ebn e kaluar, q\u00eb ka sh\u00ebnjestruar rezidenc\u00ebn e kryeministrit izraelit, Benjamin Netanyahu, dhe e ka pranuar se disa luft\u00ebtar\u00eb t\u00eb tij jan\u00eb marr\u00eb peng prej ushtris\u00eb izraelite.<\/span><\/p>\n<p><span style=\"color: #000000;\">Hezbollahu, grup militant dhe parti politike q\u00eb kontrollon pjes\u00ebn m\u00eb t\u00eb madhe n\u00eb jug t\u00eb Libanit, \u00ebsht\u00eb shpallur organizat\u00eb terroriste nga Shtetet e Bashkuara, derisa Bashkimi Evropian e ka n\u00eb list\u00eb t\u00eb zez\u00eb vet\u00ebm krahun e armatosur, por jo partin\u00eb, e cila ka ul\u00ebse n\u00eb Parlamentin e Libanit.<\/span><\/p>\n<p><span style=\"color: #000000;\">Z\u00ebdh\u00ebn\u00ebsi i grupit, Mohammed Afif, ka th\u00ebn\u00eb se Hezbollahu merr p\u00ebrgjegj\u00ebsi t\u00eb plot\u00eb p\u00ebr operacionin n\u00eb Kaesarea, q\u00eb ka sh\u00ebnjestruar Netanyahun, p\u00ebrcjell <span style=\"color: #0000ff;\"><a style=\"color: #0000ff;\" href=\"https:\/\/www.evropaelire.org\/a\/hezbollahu-merr-pergjegjesine-per-sulmin-me-drone-ne-rezidencen-e-netanyahut\/33168222.html\">REL.<\/a><\/span><\/span><\/p>\n<p><span style=\"color: #000000;\">T\u00eb shtun\u00ebn, kryeministri izraelit e ka akuzuar Hezbollahun p\u00ebr atentat kund\u00ebr tij dhe gruas t\u00eb tij, pas l\u00ebshimit t\u00eb dronit drejt rezidenc\u00ebs s\u00eb tij n\u00eb qytez\u00ebn Kaesarea.<\/span><\/p>\n<p><span style=\"color: #000000;\">Askush nuk \u00ebsht\u00eb plagosur n\u00eb k\u00ebt\u00eb sulm.<\/span><\/p>\n<p><span style=\"color: #000000;\">Ushtria izraelite ka b\u00ebr\u00eb t\u00eb ditur se i marr\u00eb peng kat\u00ebr luft\u00ebtar\u00eb t\u00eb Hezbollahut prej nisjes s\u00eb ofensiv\u00ebs n\u00eb Liban, dhe e ka publikuar nj\u00eb video n\u00eb t\u00eb cil\u00ebn nj\u00ebri prej tyre shihet duke u p\u00ebrgjigjur.<\/span><\/p>\n<p><span style=\"color: #000000;\">Shtetet e Bashkuara kan\u00eb th\u00ebn\u00eb t\u00eb h\u00ebn\u00ebn se k\u00ebrkojn\u00eb q\u00eb lufta Izrael-Hezbollah t\u00eb p\u00ebrfundoj\u00eb \u201csa m\u00eb shpejt q\u00eb \u00ebsht\u00eb e mundur\u201d, teksa shtyjn\u00eb p\u00ebrpara nj\u00eb rezolut\u00eb t\u00eb Kombeve t\u00eb Bashkuara, q\u00eb i k\u00ebrkon grupit t\u00eb armatosur t\u00eb t\u00ebrhiqet prej jugut t\u00eb Libanit.<\/span><\/p>\n<p><span style=\"color: #000000;\">Shk\u00ebmbimet e sulmeve raketore n\u00eb kufirin e Libanit kan\u00eb nisur pas nisjes s\u00eb luft\u00ebs s\u00eb Izraelit n\u00eb Gaz\u00eb, m\u00eb 7 tetor t\u00eb vitit t\u00eb kaluar.<\/span><\/p>\n<p><span style=\"color: #000000;\">Lufta \u00ebsht\u00eb nxitur nga sulmet e Hamasit n\u00eb jug t\u00eb Izraelit, duke l\u00ebn\u00eb mbi 1.200 njer\u00ebz t\u00eb vrar\u00eb dhe duke marr\u00eb 240 pengje tjera.<\/span><\/p>\n<p><span style=\"color: #000000;\">Si pasoj\u00eb e ofensiv\u00ebs izraelite n\u00eb Gaz\u00eb jan\u00eb vrar\u00eb m\u00eb shum\u00eb se 42.000 palestinez\u00eb, kryesisht civil\u00eb, sipas autoriteteve sh\u00ebndet\u00ebsore palestineze.<\/span><\/p>\n<p><span style=\"color: #000000;\">N\u00eb shtator, Izraeli e ka zgjeruar luft\u00ebn edhe n\u00eb Liban, me q\u00ebllim t\u00eb shkat\u00ebrrimit t\u00eb kapaciteteve t\u00eb Hezbollahut n\u00eb zon\u00ebn kufitare.<\/span><\/p>\n<p><span style=\"color: #000000;\">Hezbollahu, n\u00eb an\u00ebn tjet\u00ebr, \u00ebsht\u00eb zotuar se do ta vazhdoj\u00eb luft\u00ebn, derisa t\u00eb arrihet nj\u00eb arm\u00ebpushim n\u00eb Gaz\u00eb.<\/span><\/p>\n","protected":false,"gt_translate_keys":[{"key":"rendered","format":"html"}]},"excerpt":{"rendered":"<p>Hezbollahu e ka marr\u00eb p\u00ebrgjegj\u00ebsin\u00eb p\u00ebr nj\u00eb sulm me dron\u00eb t\u00eb kryer jav\u00ebn e kaluar, q\u00eb ka sh\u00ebnjestruar rezidenc\u00ebn e kryeministrit izraelit, Benjamin Netanyahu, dhe e ka pranuar se disa luft\u00ebtar\u00eb t\u00eb tij jan\u00eb marr\u00eb peng prej ushtris\u00eb izraelite. Hezbollahu, grup militant dhe parti politike q\u00eb kontrollon pjes\u00ebn m\u00eb t\u00eb madhe n\u00eb jug t\u00eb Libanit, [&hellip;]<\/p>\n","protected":false,"gt_translate_keys":[{"key":"rendered","format":"html"}]},"author":32,"featured_media":705323,"comment_status":"closed","ping_status":"open","sticky":false,"template":"","format":"standard","meta":{"footnotes":""},"categories":[6],"tags":[],"class_list":["post-705322","post","type-post","status-publish","format-standard","has-post-thumbnail","hentry","category-nderkombetare"],"gt_translate_keys":[{"key":"link","format":"url"}],"_links":{"self":[{"href":"https:\/\/www.hashtag.al\/index.php\/wp-json\/wp\/v2\/posts\/705322","targetHints":{"allow":["GET"]}}],"collection":[{"href":"https:\/\/www.hashtag.al\/index.php\/wp-json\/wp\/v2\/posts"}],"about":[{"href":"https:\/\/www.hashtag.al\/index.php\/wp-json\/wp\/v2\/types\/post"}],"author":[{"embeddable":true,"href":"https:\/\/www.hashtag.al\/index.php\/wp-json\/wp\/v2\/users\/32"}],"replies":[{"embeddable":true,"href":"https:\/\/www.hashtag.al\/index.php\/wp-json\/wp\/v2\/comments?post=705322"}],"version-history":[{"count":0,"href":"https:\/\/www.hashtag.al\/index.php\/wp-json\/wp\/v2\/posts\/705322\/revisions"}],"wp:featuredmedia":[{"embeddable":true,"href":"https:\/\/www.hashtag.al\/index.php\/wp-json\/wp\/v2\/media\/705323"}],"wp:attachment":[{"href":"https:\/\/www.hashtag.al\/index.php\/wp-json\/wp\/v2\/media?parent=705322"}],"wp:term":[{"taxonomy":"category","embeddable":true,"href":"https:\/\/www.hashtag.al\/index.php\/wp-json\/wp\/v2\/categories?post=705322"},{"taxonomy":"post_tag","embeddable":true,"href":"https:\/\/www.hashtag.al\/index.php\/wp-json\/wp\/v2\/tags?post=705322"}],"curies":[{"name":"wp","href":"https:\/\/api.w.org\/{rel}","templated":true}]}}