{"id":705161,"date":"2024-10-22T08:36:37","date_gmt":"2024-10-22T06:36:37","guid":{"rendered":"https:\/\/www.hashtag.al\/?p=705161"},"modified":"2024-10-22T08:36:37","modified_gmt":"2024-10-22T06:36:37","slug":"kundershtoi-forcerisht-vendimin-e-gjykates-ministri-hoxha-komenton-pamjet-e-arrestimit-te-metes","status":"publish","type":"post","link":"https:\/\/www.hashtag.al\/index.php\/2024\/10\/22\/kundershtoi-forcerisht-vendimin-e-gjykates-ministri-hoxha-komenton-pamjet-e-arrestimit-te-metes\/","title":{"rendered":"\u201cKund\u00ebrshtoi forc\u00ebrisht vendimin e gjykat\u00ebs\u201d &#8211; Ministri Hoxha komenton pamjet e arrestimit t\u00eb Met\u00ebs","gt_translate_keys":[{"key":"rendered","format":"text"}]},"content":{"rendered":"<p><img loading=\"lazy\" decoding=\"async\" class=\"aligncenter size-full wp-image-705162\" src=\"https:\/\/www.hashtag.al\/wp-content\/uploads\/2024\/10\/meyahoxha.jpg\" alt=\"\" width=\"2000\" height=\"1000\" srcset=\"https:\/\/www.hashtag.al\/wp-content\/uploads\/2024\/10\/meyahoxha.jpg 2000w, https:\/\/www.hashtag.al\/wp-content\/uploads\/2024\/10\/meyahoxha-300x150.jpg 300w, https:\/\/www.hashtag.al\/wp-content\/uploads\/2024\/10\/meyahoxha-1024x512.jpg 1024w, https:\/\/www.hashtag.al\/wp-content\/uploads\/2024\/10\/meyahoxha-768x384.jpg 768w, https:\/\/www.hashtag.al\/wp-content\/uploads\/2024\/10\/meyahoxha-1536x768.jpg 1536w\" sizes=\"auto, (max-width: 2000px) 100vw, 2000px\" \/><\/p>\n<p><span style=\"color: #000000;\">Ministri i Brendsh\u00ebm Hoxha ka dh\u00ebn\u00eb versionin e tij t\u00eb shoq\u00ebrimit m\u00eb forc\u00eb t\u00eb kreut t\u00eb Partis\u00eb s\u00eb Liris\u00eb Meta dit\u00ebn e djeshme, pasi pamjet shkaktuan polemika n\u00eb rrjetet sociale dhe emisionet televizive t\u00eb mbr\u00ebmjes. <\/span><\/p>\n<p><span style=\"color: #000000;\">N\u00eb nj\u00eb sh\u00ebnim t\u00eb gjat\u00eb n\u00eb Facebook, Hoxha shkruan se shoq\u00ebrimi me forc\u00eb i Met\u00ebs ka ardhur pas kund\u00ebrshtimit nga ana e tij dhe mosbindjes ndaj urdhrit t\u00eb gjykat\u00ebs. <\/span><\/p>\n<p><span style=\"color: #000000;\">Sipas tij, t\u00eb nj\u00ebjtat pamje mund v\u00ebrejtur n\u00eb \u00e7do vend ku Meta do ndalohej p\u00ebr t\u2019u shoq\u00ebruar nd\u00ebrsa ka kursyer kritikat ndaj analist\u00ebve mediatik\u00eb teksa shkruan se jan\u00eb spektator\u00eb n\u00eb dh\u00ebnien e gjykimeve, jasht\u00eb dinamik\u00ebs dhe tensionit t\u00eb ngjarjes.<\/span><\/p>\n<p><span style=\"color: #000000;\">Hoxha sqaron se ndalimi i Met\u00ebs \u00ebsht\u00eb b\u00ebr\u00eb nga efektiv\u00eb t\u00eb st\u00ebrvitur p\u00ebr t\u00eb tilla operacione dhe q\u00eb zbatojn\u00eb protokollet e p\u00ebrcaktuara.<\/span><\/p>\n<p><span style=\"color: #000000;\"><em>\u201cKam ndjekur me v\u00ebmendje dhe respekt opinionet e nj\u00eb s\u00ebr\u00eb analist\u00ebsh t\u00eb angazhuar mbr\u00ebm\u00eb, lidhur me ndalimin e shtetasit Ilir Meta, nga Policia e Shtetit.<\/em><\/span><\/p>\n<p><span style=\"color: #000000;\"><em>Fjalori ka qen\u00eb ekstrem p\u00ebr m\u00ebnyr\u00ebn sesi u ekzekutua urdhri i Prokuroris\u00eb s\u00eb Posa\u00e7me Antikorrupsion, ndaj shtetasit n\u00eb fjal\u00eb.<\/em><\/span><\/p>\n<p><span style=\"color: #000000;\"><em>Jan\u00eb p\u00ebrdorur etiketime t\u00eb r\u00ebnda ndaj Policis\u00eb dhe jan\u00eb akuzuar efektiv\u00ebt e saj p\u00ebr faje, q\u00eb nuk i kan\u00eb b\u00ebr\u00eb, dhe reagimi ndaj rezistenc\u00ebs me forc\u00eb t\u00eb personit, q\u00eb kishin detyr\u00eb t\u00eb ndalonin \u00ebsht\u00eb nxjerr\u00eb jasht\u00eb kontekstit t\u00eb ngjarjes.<\/em><\/span><\/p>\n<p><span style=\"color: #000000;\"><em>Jan\u00eb hedhur edhe variante alternative p\u00ebr m\u00ebnyr\u00ebn se si duhej kryer, ku duhej kryer, e kur duhej kryer ndalimi i shtetasit Ilir Meta, p\u00ebr shkak t\u00eb asaj \u00e7ka ai ka p\u00ebrfaq\u00ebsuar n\u00eb dekadat e jet\u00ebs politike shqiptare.<\/em><\/span><\/p>\n<p><span style=\"color: #000000;\"><em>Nuk dua t\u00eb b\u00ebj asnj\u00eb polemik\u00eb me zot\u00ebrinjt\u00eb dhe zonjat e angazhuara, n\u00eb ekranet e k\u00ebtij diskutimi.<\/em><\/span><\/p>\n<p><span style=\"color: #000000;\"><em>Ata kishin mbr\u00ebm\u00eb, p\u00ebrtej pozicionimeve t\u00eb njohura, edhe avantazhin e spektatorit n\u00eb dh\u00ebnien e gjykimeve, jasht\u00eb dinamik\u00ebs dhe tensionit t\u00eb ngjarjes.<\/em><\/span><\/p>\n<p><span style=\"color: #000000;\"><em>Por e ndjej p\u00ebr detyr\u00eb t\u00eb shprehem n\u00eb em\u00ebr t\u00eb atyre efektiv\u00ebve, t\u00eb cil\u00ebt nuk e meritojn\u00eb trajtimin tejet tendencioz, q\u00eb iu b\u00eb operacionit t\u00eb tyre.<\/em><\/span><\/p>\n<p><span style=\"color: #000000;\"><em>P\u00ebr zbatimin e vendimit t\u00eb Gjykat\u00ebs u angazhuan efektiv\u00eb t\u00eb Forc\u00ebs L\u00ebviz\u00ebse Operacionale, forc\u00eb e posa\u00e7me e trajnuar dhe specializuar p\u00ebr t\u00eb ndjekur protokollet standarde sipas rastit, dhe jo punonj\u00ebs t\u00eb Rendit, q\u00eb \u00ebsht\u00eb nj\u00eb forc\u00eb sh\u00ebrbimi ditor.<\/em><\/span><\/p>\n<p><span style=\"color: #000000;\"><em>Ata fatkeq\u00ebsisht u p\u00ebrball\u00ebn me nj\u00eb subjekt, q\u00eb kund\u00ebrshtoi forc\u00ebrisht t\u2019i n\u00ebnshtrohej vendimit t\u00eb Gjykat\u00ebs, sapo mori dijeni p\u00ebr t\u00eb.<\/em><\/span><\/p>\n<p><span style=\"color: #000000;\"><em>Kjo \u00ebsht\u00eb zanafilla e ngjarjes dhe nga k\u00ebtu fillon arsyetimi sipas protokollit, q\u00eb Policia e Shtetit ndjek n\u00eb ekzekutimin e nj\u00eb vendimi ndalimi.<\/em><\/span><\/p>\n<p><span style=\"color: #000000;\"><em>Me k\u00ebt\u00eb fakt lidhet edhe e gjith\u00eb shija, sigurisht jo e mir\u00eb e sken\u00ebs q\u00eb u krijua.<\/em><\/span><\/p>\n<p><span style=\"color: #000000;\"><em>N\u00ebse shtetasi Ilir Meta nuk do ta kishte kund\u00ebrshtuar ekzekutimin e vendimit, dinamika e ngjarjes nuk do t\u00eb kishte prodhuar asgj\u00eb tjet\u00ebr, p\u00ebrve\u00e7se kalimin e qet\u00eb t\u00eb tij, nga automjeti privat n\u00eb automjetin e shoq\u00ebrimit n\u00eb Polici.<\/em><\/span><\/p>\n<p><span style=\"color: #000000;\"><em>Nga ana tjet\u00ebr, askush nuk e thot\u00eb dot, q\u00eb ajo shfaqje e dhunshme kund\u00ebrshtie, nuk do t\u00eb kishte qen\u00eb e nj\u00ebjta kudo tjet\u00ebr, ku do t\u00eb mund t\u00eb b\u00ebhej ndalimi i tij.<\/em><\/span><\/p>\n<p><span style=\"color: #000000;\"><em>Madje sipas analiz\u00ebs p\u00ebrgatitore t\u00eb operacionit, n\u00eb t\u00eb tjera rrethana, rezultati mund t\u00eb kishte qen\u00eb edhe m\u00eb problematik p\u00ebr shijen e atyre, q\u00eb mbr\u00ebm\u00eb e trajtuan Policin\u00eb si autore t\u00eb nj\u00eb operacioni t\u00eb dhunsh\u00ebm.<\/em><\/span><\/p>\n<p><span style=\"color: #000000;\"><em>Por fatkeq\u00ebsisht dhe \u00e7udit\u00ebrisht, t\u00eb gjith\u00eb ata \u201charruan\u201d, q\u00eb vet\u00ebm kund\u00ebrshtimi i saj me dhun\u00eb dhe asgj\u00eb tjet\u00ebr, e b\u00ebri t\u00eb pashmangsh\u00ebm shoq\u00ebrimin me forc\u00eb t\u00eb shtetasit Ilir Meta. P\u00ebr pasoj\u00eb edhe sken\u00ebn shqet\u00ebsuese!<\/em><\/span><\/p>\n<p><span style=\"color: #000000;\"><em>Prandaj me keqardhje t\u00eb sinqert\u00eb p\u00ebr pamund\u00ebsin\u00eb e shmangies s\u00eb shoq\u00ebrimit t\u00eb tij me forc\u00eb, jam po ashtu i keqardhur, q\u00eb nuk bie dot dakord me optik\u00ebn e akuzator\u00ebve t\u00eb mbr\u00ebmsh\u00ebm t\u00eb Policis\u00eb s\u00eb Shtetit.<\/em><\/span><\/p>\n<p><span style=\"color: #000000;\"><em>Me fjalorin e tyre ekstrem ndaj efektiv\u00ebve t\u00eb saj, jo dhe jo. Kurr\u00ebn e kurr\u00ebs.<\/em><\/span><\/p>\n<p><span style=\"color: #000000;\"><em>Dhe n\u00eb fund, e shoh t\u00eb nevojshme t\u00eb n\u00ebnvizoj nj\u00eb t\u00eb v\u00ebrtet\u00eb absolute dhe fare banale. Kur Policia e Shtetit, jo n\u00eb Shqip\u00ebri, por kudo n\u00eb bot\u00eb, merr nj\u00eb urdh\u00ebr arresti, nuk ka n\u00eb dispozicion shum\u00eb opsione, por vet\u00ebm nj\u00eb: T\u00eb ndaloj\u00eb personin e k\u00ebrkuar dhe pik\u00eb. As mund ta lajm\u00ebroj\u00eb, as mund ta ftoj\u00eb dhe as mund t\u00eb koordinoj\u00eb me t\u00eb, vendin dhe or\u00ebn e ndalimit. T\u00eb gjitha k\u00ebto nuk jan\u00eb thjesht\u00eb t\u00eb pamundura, por jan\u00eb vep\u00ebr penale, q\u00eb nd\u00ebshkohen me burg.<\/em><\/span><\/p>\n<p><span style=\"color: #000000;\"><em>Pra, Policia e Shtetit dje kreu detyr\u00ebn dhe u detyrua ta kryente duke p\u00ebrdorur forc\u00ebn, p\u00ebr gjith\u00eb sa sqarova m\u00eb lart, duke iu referuar dinamik\u00ebs s\u00eb ngjarjes, jo d\u00ebshir\u00ebs, sesi do t\u00eb kishte qen\u00eb m\u00eb mir\u00eb t\u00eb ndodhte apo t\u00eb mos ndodhte.\u201d<\/em> &#8211; shkruan Hoxha n\u00eb sh\u00ebnimin e tij.<\/span><\/p>\n","protected":false,"gt_translate_keys":[{"key":"rendered","format":"html"}]},"excerpt":{"rendered":"<p>Ministri i Brendsh\u00ebm Hoxha ka dh\u00ebn\u00eb versionin e tij t\u00eb shoq\u00ebrimit m\u00eb forc\u00eb t\u00eb kreut t\u00eb Partis\u00eb s\u00eb Liris\u00eb Meta dit\u00ebn e djeshme, pasi pamjet shkaktuan polemika n\u00eb rrjetet sociale dhe emisionet televizive t\u00eb mbr\u00ebmjes. N\u00eb nj\u00eb sh\u00ebnim t\u00eb gjat\u00eb n\u00eb Facebook, Hoxha shkruan se shoq\u00ebrimi me forc\u00eb i Met\u00ebs ka ardhur pas kund\u00ebrshtimit nga [&hellip;]<\/p>\n","protected":false,"gt_translate_keys":[{"key":"rendered","format":"html"}]},"author":51,"featured_media":705162,"comment_status":"closed","ping_status":"open","sticky":false,"template":"","format":"standard","meta":{"footnotes":""},"categories":[65],"tags":[],"class_list":["post-705161","post","type-post","status-publish","format-standard","has-post-thumbnail","hentry","category-lajme"],"gt_translate_keys":[{"key":"link","format":"url"}],"_links":{"self":[{"href":"https:\/\/www.hashtag.al\/index.php\/wp-json\/wp\/v2\/posts\/705161","targetHints":{"allow":["GET"]}}],"collection":[{"href":"https:\/\/www.hashtag.al\/index.php\/wp-json\/wp\/v2\/posts"}],"about":[{"href":"https:\/\/www.hashtag.al\/index.php\/wp-json\/wp\/v2\/types\/post"}],"author":[{"embeddable":true,"href":"https:\/\/www.hashtag.al\/index.php\/wp-json\/wp\/v2\/users\/51"}],"replies":[{"embeddable":true,"href":"https:\/\/www.hashtag.al\/index.php\/wp-json\/wp\/v2\/comments?post=705161"}],"version-history":[{"count":0,"href":"https:\/\/www.hashtag.al\/index.php\/wp-json\/wp\/v2\/posts\/705161\/revisions"}],"wp:featuredmedia":[{"embeddable":true,"href":"https:\/\/www.hashtag.al\/index.php\/wp-json\/wp\/v2\/media\/705162"}],"wp:attachment":[{"href":"https:\/\/www.hashtag.al\/index.php\/wp-json\/wp\/v2\/media?parent=705161"}],"wp:term":[{"taxonomy":"category","embeddable":true,"href":"https:\/\/www.hashtag.al\/index.php\/wp-json\/wp\/v2\/categories?post=705161"},{"taxonomy":"post_tag","embeddable":true,"href":"https:\/\/www.hashtag.al\/index.php\/wp-json\/wp\/v2\/tags?post=705161"}],"curies":[{"name":"wp","href":"https:\/\/api.w.org\/{rel}","templated":true}]}}