{"id":705152,"date":"2024-10-22T07:56:48","date_gmt":"2024-10-22T05:56:48","guid":{"rendered":"https:\/\/www.hashtag.al\/?p=705152"},"modified":"2024-10-22T07:56:48","modified_gmt":"2024-10-22T05:56:48","slug":"ekzekutohen-me-25-plumba-dy-perfaqesues-te-opozites-ne-vendin-afrikan","status":"publish","type":"post","link":"https:\/\/www.hashtag.al\/index.php\/2024\/10\/22\/ekzekutohen-me-25-plumba-dy-perfaqesues-te-opozites-ne-vendin-afrikan\/","title":{"rendered":"Ekzekutohen me 25 plumba dy p\u00ebrfaq\u00ebsues t\u00eb opozit\u00ebs n\u00eb vendin afrikan","gt_translate_keys":[{"key":"rendered","format":"text"}]},"content":{"rendered":"<p><img loading=\"lazy\" decoding=\"async\" class=\"aligncenter size-full wp-image-705153\" src=\"https:\/\/www.hashtag.al\/wp-content\/uploads\/2024\/10\/70543291_1004.webp\" alt=\"\" width=\"1200\" height=\"525\" srcset=\"https:\/\/www.hashtag.al\/wp-content\/uploads\/2024\/10\/70543291_1004.webp 1200w, https:\/\/www.hashtag.al\/wp-content\/uploads\/2024\/10\/70543291_1004-300x131.webp 300w, https:\/\/www.hashtag.al\/wp-content\/uploads\/2024\/10\/70543291_1004-1024x448.webp 1024w, https:\/\/www.hashtag.al\/wp-content\/uploads\/2024\/10\/70543291_1004-768x336.webp 768w\" sizes=\"auto, (max-width: 1200px) 100vw, 1200px\" \/><\/p>\n<p><span style=\"color: #000000;\">Nj\u00eb avokat q\u00eb p\u00ebrfaq\u00ebson kreun e opozit\u00ebs n\u00eb Mozambik, Venancio Mondlane, u q\u00ebllua p\u00ebr vdekje n\u00eb kryeqytetin Maputo mbr\u00ebmjen e s\u00eb premtes. Elvino Dias u vra s\u00eb bashku me kolegun e tij, z\u00ebdh\u00ebn\u00ebsin e partis\u00eb Podemos, Paulo Guambe, kur persona t\u00eb armatosur sulmuan makin\u00ebn e tyre, njoftuan autoritetet t\u00eb shtun\u00ebn.<\/span><\/p>\n<p><span style=\"color: #000000;\">Vrasjet pasuan zgjedhjet presidenciale n\u00eb vendin e Afrik\u00ebs jugore q\u00eb kan\u00eb ngjallur akuza p\u00ebr manipulim votash kund\u00ebr partis\u00eb n\u00eb pushtet prej shum\u00eb koh\u00ebsh Frelimo. Dias kishte p\u00ebrgatitur nj\u00eb apel p\u00ebr Podemos p\u00ebr t\u00eb kund\u00ebrshtuar rezultatet p\u00ebrfundimtare, t\u00eb cilat autoriteti zgjedhor pritet t\u00eb shpall\u00eb t\u00eb m\u00ebrkur\u00ebn, sipas mediave lokale.<\/span><\/p>\n<p><span style=\"color: #000000;\">Pamjet e shp\u00ebrndara n\u00eb mediat sociale treguan trupat e p\u00ebrgjakur t\u00eb Dias dhe Guambe brenda makin\u00ebs s\u00eb mbushur me plumba. Rreth 25 t\u00eb sht\u00ebna u q\u00eblluan ndaj automjetit nga &#8220;individ\u00eb t\u00eb panjohur&#8221;, raportoi grupi lokal jofitimprur\u00ebs Qendra p\u00ebr Demokraci dhe t\u00eb Drejtat e Njeriut (CDD), duke cituar d\u00ebshmitar\u00ebt.<\/span><\/p>\n<p><span style=\"color: #000000;\">Z\u00ebdh\u00ebn\u00ebsi i policis\u00eb s\u00eb Maputos, Leonel Muchina, u tha gazetar\u00ebve se viktimat kishin qen\u00eb m\u00eb par\u00eb n\u00eb nj\u00eb bar lokal, ku kishin debatuar me klient\u00ebt e tjer\u00eb p\u00ebr &#8220;\u00e7\u00ebshtjet martesore&#8221;, sipas agjencis\u00eb s\u00eb lajmeve \u201cClub of Mozambique\u201d. Muchina deklaroi se sulmuesit, emrat e t\u00eb cil\u00ebve ai nuk pranoi t\u00eb zbulonte, i ndoq\u00ebn viktimat, bllokuan makin\u00ebn e tyre dhe m\u00eb pas i q\u00eblluan. Nj\u00eb grua n\u00eb makin\u00eb ka p\u00ebsuar l\u00ebndime dhe \u00ebsht\u00eb d\u00ebrguar n\u00eb spital.<\/span><\/p>\n<p><img loading=\"lazy\" decoding=\"async\" class=\"aligncenter size-full wp-image-705154\" src=\"https:\/\/www.hashtag.al\/wp-content\/uploads\/2024\/10\/70543297_906.jpg\" alt=\"\" width=\"1110\" height=\"624\" srcset=\"https:\/\/www.hashtag.al\/wp-content\/uploads\/2024\/10\/70543297_906.jpg 1110w, https:\/\/www.hashtag.al\/wp-content\/uploads\/2024\/10\/70543297_906-300x169.jpg 300w, https:\/\/www.hashtag.al\/wp-content\/uploads\/2024\/10\/70543297_906-1024x576.jpg 1024w, https:\/\/www.hashtag.al\/wp-content\/uploads\/2024\/10\/70543297_906-768x432.jpg 768w\" sizes=\"auto, (max-width: 1110px) 100vw, 1110px\" \/><\/p>\n<p><span style=\"color: #000000;\"><em>\u201cKy \u00ebsht\u00eb padyshim nj\u00eb krim politik, i orkestruar nga skuadrat e vdekjes q\u00eb kan\u00eb synuar prej koh\u00ebsh aktivist\u00eb, mbrojt\u00ebs t\u00eb t\u00eb drejtave t\u00eb njeriut dhe avokat\u00eb t\u00eb pavarur\u201d<\/em>, tha n\u00eb nj\u00eb deklarat\u00eb drejtori i CDD-s\u00eb, Adriano Nuvunga.<\/span><\/p>\n<p><span style=\"color: #000000;\">Tensionet jan\u00eb rritur n\u00eb Mozambik pas zgjedhjeve t\u00eb 9 tetorit, t\u00eb cilat jan\u00eb fituar nga kandidati i Partis\u00eb Frelimo, Daniel Chapo. Politikani 47-vje\u00e7ar, i cili shihet si i paprekur nga skandalet e korrupsionit q\u00eb kan\u00eb d\u00ebmtuar trash\u00ebgimin\u00eb e partis\u00eb n\u00eb pushtet, \u00ebsht\u00eb vler\u00ebsuar si potencialisht fillimi i nj\u00eb kapitulli t\u00eb ri p\u00ebr nj\u00eb vend q\u00eb ishte qeverisur nga i nj\u00ebjti koalicion q\u00eb nga fitimi i pavar\u00ebsis\u00eb nga Portugalia n\u00eb vitin 1975.<\/span><\/p>\n<p><span style=\"color: #000000;\">Mondlane, nj\u00eb kandidat i pavarur i mb\u00ebshtetur nga Podemos, hodhi posht\u00eb rezultatet paraprake q\u00eb e vendos\u00ebn at\u00eb t\u00eb dytin pas Chapo.<\/span><\/p>\n<p><span style=\"color: #000000;\">Politikani thuhet se ka akuzuar forcat e siguris\u00eb komb\u00ebtare p\u00ebr vrasjen e avokatit dhe aleatit t\u00eb tij dhe p\u00ebrpjekje p\u00ebr t\u00eb fshehur p\u00ebrfshirjen e tyre. Mondlane pretendoi se policia kishte hequr g\u00ebzhojat e p\u00ebrdorura nga vendi i krimit dhe sekuestriimn ose d\u00ebmtimin e telefonave celular\u00eb t\u00eb d\u00ebshmitar\u00ebve t\u00eb mundsh\u00ebm, raportoi Club of Mozambique.<\/span><\/p>\n","protected":false,"gt_translate_keys":[{"key":"rendered","format":"html"}]},"excerpt":{"rendered":"<p>Nj\u00eb avokat q\u00eb p\u00ebrfaq\u00ebson kreun e opozit\u00ebs n\u00eb Mozambik, Venancio Mondlane, u q\u00ebllua p\u00ebr vdekje n\u00eb kryeqytetin Maputo mbr\u00ebmjen e s\u00eb premtes. Elvino Dias u vra s\u00eb bashku me kolegun e tij, z\u00ebdh\u00ebn\u00ebsin e partis\u00eb Podemos, Paulo Guambe, kur persona t\u00eb armatosur sulmuan makin\u00ebn e tyre, njoftuan autoritetet t\u00eb shtun\u00ebn. Vrasjet pasuan zgjedhjet presidenciale n\u00eb [&hellip;]<\/p>\n","protected":false,"gt_translate_keys":[{"key":"rendered","format":"html"}]},"author":51,"featured_media":705153,"comment_status":"closed","ping_status":"open","sticky":false,"template":"","format":"standard","meta":{"footnotes":""},"categories":[6],"tags":[],"class_list":["post-705152","post","type-post","status-publish","format-standard","has-post-thumbnail","hentry","category-nderkombetare"],"gt_translate_keys":[{"key":"link","format":"url"}],"_links":{"self":[{"href":"https:\/\/www.hashtag.al\/index.php\/wp-json\/wp\/v2\/posts\/705152","targetHints":{"allow":["GET"]}}],"collection":[{"href":"https:\/\/www.hashtag.al\/index.php\/wp-json\/wp\/v2\/posts"}],"about":[{"href":"https:\/\/www.hashtag.al\/index.php\/wp-json\/wp\/v2\/types\/post"}],"author":[{"embeddable":true,"href":"https:\/\/www.hashtag.al\/index.php\/wp-json\/wp\/v2\/users\/51"}],"replies":[{"embeddable":true,"href":"https:\/\/www.hashtag.al\/index.php\/wp-json\/wp\/v2\/comments?post=705152"}],"version-history":[{"count":0,"href":"https:\/\/www.hashtag.al\/index.php\/wp-json\/wp\/v2\/posts\/705152\/revisions"}],"wp:featuredmedia":[{"embeddable":true,"href":"https:\/\/www.hashtag.al\/index.php\/wp-json\/wp\/v2\/media\/705153"}],"wp:attachment":[{"href":"https:\/\/www.hashtag.al\/index.php\/wp-json\/wp\/v2\/media?parent=705152"}],"wp:term":[{"taxonomy":"category","embeddable":true,"href":"https:\/\/www.hashtag.al\/index.php\/wp-json\/wp\/v2\/categories?post=705152"},{"taxonomy":"post_tag","embeddable":true,"href":"https:\/\/www.hashtag.al\/index.php\/wp-json\/wp\/v2\/tags?post=705152"}],"curies":[{"name":"wp","href":"https:\/\/api.w.org\/{rel}","templated":true}]}}