{"id":705135,"date":"2024-10-21T20:42:43","date_gmt":"2024-10-21T18:42:43","guid":{"rendered":"https:\/\/www.hashtag.al\/?p=705135"},"modified":"2024-10-21T20:42:43","modified_gmt":"2024-10-21T18:42:43","slug":"kryemadhi-spak-u-me-njoftimin-e-tij-shkeli-sekretin-e-hetimor-dhe-manipuloi-opinionin-publik","status":"publish","type":"post","link":"https:\/\/www.hashtag.al\/index.php\/2024\/10\/21\/kryemadhi-spak-u-me-njoftimin-e-tij-shkeli-sekretin-e-hetimor-dhe-manipuloi-opinionin-publik\/","title":{"rendered":"Kryemadhi: SPAK-u me njoftimin e tij shkeli sekretin e hetimor dhe manipuloi opinionin publik","gt_translate_keys":[{"key":"rendered","format":"text"}]},"content":{"rendered":"<p><span style=\"color: #000000;\"><a style=\"color: #000000;\" href=\"https:\/\/www.hashtag.al\/wp-content\/uploads\/2024\/04\/kryemadhi.jpeg\"><img loading=\"lazy\" decoding=\"async\" class=\"aligncenter size-full wp-image-668994\" src=\"https:\/\/www.hashtag.al\/wp-content\/uploads\/2024\/04\/kryemadhi.jpeg\" alt=\"\" width=\"780\" height=\"440\" srcset=\"https:\/\/www.hashtag.al\/wp-content\/uploads\/2024\/04\/kryemadhi.jpeg 780w, https:\/\/www.hashtag.al\/wp-content\/uploads\/2024\/04\/kryemadhi-300x169.jpeg 300w, https:\/\/www.hashtag.al\/wp-content\/uploads\/2024\/04\/kryemadhi-768x433.jpeg 768w\" sizes=\"auto, (max-width: 780px) 100vw, 780px\" \/><\/a><\/span><\/p>\n<p><span style=\"color: #000000;\">Deputetja e Partis\u00eb s\u00eb Liris\u00eb, Monika Kryemadhi ka reaguar pas njoftimit t\u00eb SPAK-ut p\u00ebr arrestimin e Ilir Met\u00ebs dhe caktimin e mas\u00ebs detyrim paraqitje ndaj saj.<\/span><\/p>\n<p><span style=\"color: #000000;\">Kryemadhi ka konstatuar se deklarata e SPAK ka munges\u00eb profesionalizimi dhe duket e shkruar n\u00eb zyr\u00ebn e propagand\u00ebs s\u00eb Edi Ram\u00ebs.<\/span><\/p>\n<p><span style=\"color: #000000;\">Ajo rendit disa nga arsyet se pse deklarata ka shkelje dhe munges\u00eb profesionalizmi.<\/span><\/p>\n<p><span style=\"color: #000000;\">Sipas Kryemadhit ajo si n\u00eb cil\u00ebsin\u00eb e personit n\u00ebn hetim duhej q\u00eb nga ana e SPAK-ut t\u00eb ruhej sekreti hetimor por nd\u00ebrkoh\u00eb prokuroria ofron p\u00ebr publikun t\u00eb pav\u00ebrteta t\u00eb cilat sipas saj ka arritur t\u00eb progoj\u00eb t\u00eb kund\u00ebrt\u00ebn p\u00ebrmes provave t\u00eb dor\u00ebzuara prej koh\u00ebsh.<\/span><\/p>\n<p><span style=\"color: #000000;\"><strong>Deklarata e Kryemadhit:<\/strong><\/span><\/p>\n<p><span style=\"color: #000000;\">Sapo u njoha me deklarat\u00ebn e SPAK p\u00ebr mediat dhe konstatoj me keqardhje munges\u00ebn e profesionalizmit dhe shkeljet e detyrimit ligjor q\u00eb keni n\u00eb funksion t\u00eb ruajtjes s\u00eb sekretit hetimor.<\/span><\/p>\n<p><span style=\"color: #000000;\">K\u00ebt\u00eb detyrim iu a imponon neni 279 i Kodit t\u00eb Procedur\u00ebs Penale. K\u00ebt\u00eb nen ka p\u00ebrdorur SPAK-u edhe p\u00ebr t\u2019i mbyllur goj\u00ebn gazetar\u00ebve kur kan\u00eb pasur material p\u00ebr t\u00eb folur mbi korrupsionin apo krimet e qeveris\u00eb s\u00eb Edi Ram\u00ebs.<\/span><\/p>\n<p><span style=\"color: #000000;\">N\u00eb k\u00ebt\u00eb deklarat\u00eb, nd\u00ebr t\u00eb tjera b\u00ebhet me dije nga prokuroria e posa\u00e7me se kjo \u00e7\u00ebshtje \u00ebsht\u00eb ende n\u00ebn hetim, nd\u00ebrkoh\u00eb q\u00eb prokuroria vet\u00eb ofron p\u00ebr publikun si ushqim t\u00eb dh\u00ebna t\u00eb pav\u00ebrteta p\u00ebr mua dhe familjen time, p\u00ebr t\u00eb cilat, un\u00eb gjat\u00eb hetimit kam arritur t\u00eb v\u00ebrtetoj t\u00eb kund\u00ebrt\u00ebn n\u00ebp\u00ebrmjet provave shkresore dhe aktit t\u00eb ekspertimit kontab\u00ebl t\u00eb \u00e7ertifikuar, q\u00eb kam depozituar pran\u00eb SPAK prej koh\u00ebsh.<\/span><\/p>\n<p><span style=\"color: #000000;\">\u00c7udit\u00ebrisht, n\u00eb 167 faqe vendim, me t\u00eb cilin \u00ebsht\u00eb disponuar caktimi i mas\u00ebs s\u00eb sigurimit personal, nuk pasqyrohet n\u00eb asnj\u00eb rresht, asnj\u00eb e dh\u00ebn\u00eb lidhur me provat q\u00eb un\u00eb kam depozituar n\u00eb mb\u00ebshtetje t\u00eb pretendimeve t\u00eb mia, t\u00eb cilat rr\u00ebzojn\u00eb aludimet e SPAK.<\/span><\/p>\n<p><span style=\"color: #000000;\">Ju sot ligj\u00ebrisht m\u00eb keni komunikuar faktin se ndaj meje n\u00eb cil\u00ebsin\u00eb e personit n\u00ebn hetim t\u00eb dyshuar p\u00ebr kryerjen e disa veprave penale \u00ebsht\u00eb caktuar nj\u00eb mas\u00eb sigurie, nd\u00ebrkoh\u00eb q\u00eb edhe pse kam ende cil\u00ebsin\u00eb e personit n\u00ebn hetim, ju, xhelat\u00ebt e bindur t\u00eb Edi Ram\u00ebs politikisht shpreheni se un\u00eb dhe familja ime akuzohemi, nd\u00ebrkoh\u00eb q\u00eb k\u00ebt\u00eb gj\u00eb n\u00eb faz\u00eb t\u00eb hetimit, nuk mund ta b\u00ebni as ligj\u00ebrisht, as publikisht.<\/span><\/p>\n<p><span style=\"color: #000000;\">Deklarata e sotme e SPAK duket e shkruar n\u00eb zyr\u00ebn e Propagand\u00ebs t\u00eb Edi Ram\u00ebs.<\/span><\/p>\n<p><span style=\"color: #000000;\">Pasi, p\u00ebr familjen time SPAK shkel \u00e7do t\u00eb drejt\u00eb t\u00eb njeriut t\u00eb mbrojtur nga Konventat Europiane dhe Kushtetuta, p\u00ebr nj\u00eb proces t\u00eb rregullt ligjor, kurse p\u00ebr mafioz\u00ebt n\u00eb karriget e qeveris\u00eb dhe bashk\u00ebpun\u00ebtor\u00ebt e tyre p\u00ebrulen dhe nuk shohin krimet e p\u00ebrditshme n\u00eb kurriz t\u00eb shqiptar\u00ebve.<\/span><\/p>\n<p><span style=\"color: #000000;\">Intimidimi i SPAK n\u00eb bashk\u00ebpunim me Edi Ram\u00ebn, ndaj gjyq\u00ebsorit shqiptar, duke manipuluar opinionin publik p\u00ebrmes nxjerrjes s\u00eb sekretit hetimor dhe duke paraqitur si fakte disa akuza t\u00eb rreme dhe t\u00eb pabaza, do t\u00eb marr\u00eb p\u00ebrgjigjen e merituar n\u00eb \u00e7do shkall\u00eb t\u00eb gjyq\u00ebsorit brenda dhe jasht\u00eb vendit.<\/span><\/p>\n<p><span style=\"color: #000000;\">SPAK mund t\u00eb b\u00ebj\u00eb akuz\u00ebn, por kurr\u00ebsesi gjyqin! Kjo i takon vet\u00ebm gjykat\u00ebs dhe p\u00ebrballja e g\u00ebnjeshtrave me motivacion politik, me t\u00eb v\u00ebrtetat do t\u00eb jet\u00eb kudo dhe ndaj kujtdo, me t\u00eb njejt\u00ebn monedh\u00eb.<\/span><\/p>\n","protected":false,"gt_translate_keys":[{"key":"rendered","format":"html"}]},"excerpt":{"rendered":"<p>Deputetja e Partis\u00eb s\u00eb Liris\u00eb, Monika Kryemadhi ka reaguar pas njoftimit t\u00eb SPAK-ut p\u00ebr arrestimin e Ilir Met\u00ebs dhe caktimin e mas\u00ebs detyrim paraqitje ndaj saj. Kryemadhi ka konstatuar se deklarata e SPAK ka munges\u00eb profesionalizimi dhe duket e shkruar n\u00eb zyr\u00ebn e propagand\u00ebs s\u00eb Edi Ram\u00ebs. Ajo rendit disa nga arsyet se pse deklarata [&hellip;]<\/p>\n","protected":false,"gt_translate_keys":[{"key":"rendered","format":"html"}]},"author":32,"featured_media":665988,"comment_status":"closed","ping_status":"open","sticky":false,"template":"","format":"standard","meta":{"footnotes":""},"categories":[65,13],"tags":[],"class_list":["post-705135","post","type-post","status-publish","format-standard","has-post-thumbnail","hentry","category-lajme","category-te-fundit"],"gt_translate_keys":[{"key":"link","format":"url"}],"_links":{"self":[{"href":"https:\/\/www.hashtag.al\/index.php\/wp-json\/wp\/v2\/posts\/705135","targetHints":{"allow":["GET"]}}],"collection":[{"href":"https:\/\/www.hashtag.al\/index.php\/wp-json\/wp\/v2\/posts"}],"about":[{"href":"https:\/\/www.hashtag.al\/index.php\/wp-json\/wp\/v2\/types\/post"}],"author":[{"embeddable":true,"href":"https:\/\/www.hashtag.al\/index.php\/wp-json\/wp\/v2\/users\/32"}],"replies":[{"embeddable":true,"href":"https:\/\/www.hashtag.al\/index.php\/wp-json\/wp\/v2\/comments?post=705135"}],"version-history":[{"count":0,"href":"https:\/\/www.hashtag.al\/index.php\/wp-json\/wp\/v2\/posts\/705135\/revisions"}],"wp:featuredmedia":[{"embeddable":true,"href":"https:\/\/www.hashtag.al\/index.php\/wp-json\/wp\/v2\/media\/665988"}],"wp:attachment":[{"href":"https:\/\/www.hashtag.al\/index.php\/wp-json\/wp\/v2\/media?parent=705135"}],"wp:term":[{"taxonomy":"category","embeddable":true,"href":"https:\/\/www.hashtag.al\/index.php\/wp-json\/wp\/v2\/categories?post=705135"},{"taxonomy":"post_tag","embeddable":true,"href":"https:\/\/www.hashtag.al\/index.php\/wp-json\/wp\/v2\/tags?post=705135"}],"curies":[{"name":"wp","href":"https:\/\/api.w.org\/{rel}","templated":true}]}}