{"id":705123,"date":"2024-10-21T19:05:48","date_gmt":"2024-10-21T17:05:48","guid":{"rendered":"https:\/\/www.hashtag.al\/?p=705123"},"modified":"2024-10-21T19:05:48","modified_gmt":"2024-10-21T17:05:48","slug":"arrestimi-i-metes-berisha-akt-terrorist-nga-regjimi-i-rames","status":"publish","type":"post","link":"https:\/\/www.hashtag.al\/index.php\/2024\/10\/21\/arrestimi-i-metes-berisha-akt-terrorist-nga-regjimi-i-rames\/","title":{"rendered":"Arrestimi i Met\u00ebs, Berisha: Akt terrorist nga regjimi i Ram\u00ebs","gt_translate_keys":[{"key":"rendered","format":"text"}]},"content":{"rendered":"<p><span style=\"color: #000000;\"><a style=\"color: #000000;\" href=\"https:\/\/www.hashtag.al\/wp-content\/uploads\/2024\/10\/berisha-1.jpg\"><img loading=\"lazy\" decoding=\"async\" class=\"aligncenter size-full wp-image-705126\" src=\"https:\/\/www.hashtag.al\/wp-content\/uploads\/2024\/10\/berisha-1.jpg\" alt=\"\" width=\"750\" height=\"448\" srcset=\"https:\/\/www.hashtag.al\/wp-content\/uploads\/2024\/10\/berisha-1.jpg 750w, https:\/\/www.hashtag.al\/wp-content\/uploads\/2024\/10\/berisha-1-300x179.jpg 300w\" sizes=\"auto, (max-width: 750px) 100vw, 750px\" \/><\/a><\/span><\/p>\n<p><span style=\"color: #000000;\">Kryetari i Partis\u00eb Demokratike, Sali Berisha, ka mbajtur nj\u00eb fjalim gjat\u00eb mbledhjes s\u00eb kryesis\u00eb, ku ka komentuar arrestimin e kreut t\u00eb Partis\u00eb s\u00eb Liris\u00eb, Ilir Meta.<\/span><\/p>\n<p><span style=\"color: #000000;\">Berisha e cil\u00ebsoi arrestimin si nj\u00eb &#8220;akt terrorist&#8221; t\u00eb kryer nga regjimi i kryeministrit Edi Rama, duke akuzuar qeverin\u00eb p\u00ebr abuzime dhe p\u00ebrdorim t\u00eb dhun\u00ebs ndaj kund\u00ebrshtar\u00ebve politik\u00eb. Ai theksoi se Meta u t\u00ebrhoq zvarr\u00eb nga forca policore, t\u00eb cilat Berisha i quajti &#8220;bandat me uniform\u00ebn e Ram\u00ebs&#8221;.<\/span><\/p>\n<p><span style=\"color: #000000;\">K\u00ebto akuza p\u00ebrshkruajn\u00eb nj\u00eb p\u00ebrplasje t\u00eb thell\u00eb mes opozit\u00ebs dhe qeveris\u00eb, duke theksuar tensionet e vazhdueshme politike n\u00eb vend.<\/span><\/p>\n<p><span style=\"color: #000000;\"><strong>Pjes\u00eb nga fjala e Sali Berisha:<\/strong><\/span><\/p>\n<p><span style=\"color: #000000;\"><em>Kjo mbledhje kryesie, e thirrur dit\u00eb m\u00eb par\u00eb, mblidhet sot n\u00eb nj\u00eb dit\u00eb n\u00eb t\u00eb cil\u00ebn regjimi i Edi Ram\u00ebs, rr\u00ebmbeu dhe t\u00ebrhoqi zvarre e goditi, ish-presidentin, ish-kryeministrin, ish-kryetarin e parlamentit, kryetarin e partis\u00eb s\u00eb dyt\u00eb m\u00eb t\u00eb madhe, Ilir Meta. E gjitha kjo si nj\u00eb person n\u00eb hetim.<\/em><\/span><\/p>\n<p><span style=\"color: #000000;\"><em>Edi Rama n\u00eb k\u00ebt\u00eb akt prej frikacaku d\u00ebshmoi se n\u00eb shpirtin e tij nuk ka asnj\u00eb dallim nga i ati xhelat, q\u00eb i tmerruar nga vargjet e Havzi Nel\u00ebs, firmoste varjen e tij n\u00eb litar si kund\u00ebrshtar politik.<\/em><\/span><\/p>\n<p><span style=\"color: #000000;\"><em>T\u00eb nxjerr\u00ebsh nj\u00eb band\u00eb me uniform, t\u00eb rr\u00ebmbejn\u00eb, zvarrisin e godasin nj\u00ebrin nga personalitet me karrier\u00eb m\u00eb t\u00eb gjat\u00eb politike, i cili n\u00eb rinin\u00eb e tij b\u00ebri aq sa kishte mund\u00ebsi, p\u00ebr nj\u00eb orientim europian t\u00eb partis\u00eb s\u00eb krimit. N\u00eb periudha tjera, ve\u00e7an\u00ebrisht gjat\u00eb luft\u00ebs n\u00eb Kosov\u00eb, dha kontribut n\u00eb p\u00ebrballimin e kriz\u00ebs. Q\u00ebndroi n\u00eb detyr\u00ebn e presidentit n\u00eb mbrojtje t\u00eb kushtetut\u00ebs dhe pluralizmit.<\/em><\/span><\/p>\n<p><span style=\"color: #000000;\"><em>Edi Rama ka b\u00ebr\u00eb gjith\u00e7ka q\u00eb t\u00eb shkat\u00ebrroj\u00eb Ilir Met\u00ebn dhe partin\u00eb e tij q\u00eb themeloi. Ai ka p\u00ebrdorur standardeve m\u00eb t\u00eb ul\u00ebta morale t\u00eb individit. Ka p\u00ebrdorur makinacionet me bandat vrastare. Ai p\u00ebrdori mercenar\u00ebt e SPAK-it me q\u00ebllimit e vet\u00ebm t\u00eb zhduk\u00eb partin\u00eb e Liris\u00eb.<\/em><\/span><\/p>\n<p><span style=\"color: #000000;\"><em>Sot u them t\u00eb gjith\u00eb atyre q\u00eb kan\u00eb votuar Ilir Met\u00ebn nga 92 deri m\u00eb sot, se kjo q\u00eb ndodhi sot me Ilir Met\u00ebn, ndodhi vet\u00ebm p\u00ebr shkak t\u00eb besimit t\u00eb tyre ndaj tij, ndaj q\u00ebndrimeve t\u00eb tij dhe urrejt\u00ebs s\u00eb pap\u00ebrmbajtur t\u00eb nj\u00eb njeriu t\u00eb standardeve m\u00eb t\u00eb ul\u00ebta moral\u00eb, njer\u00ebzore, n\u00eb politik\u00ebn shqiptare, Edi Ram\u00ebs.<\/em><\/span><\/p>\n<p><span style=\"color: #000000;\"><em>Kjo q\u00eb ndodhi sot ishte e paralajm\u00ebruar n\u00eb m\u00ebnyr\u00eb t\u00eb p\u00ebrs\u00ebritur nga vet\u00eb Edi Rama dhe momenti u zgjodh p\u00ebr t\u00eb mbuluar n\u00eb nj\u00eb m\u00ebnyr\u00eb ose nj\u00eb tjet\u00ebr, zbulimin se nr i dyt\u00eb n\u00eb list\u00ebn e Durr\u00ebsit, Ergys Cybrja, i vendosur fill pas t\u00eb parit n\u00eb gjini, ishte nj\u00eb kriminel i sponsorizuar n\u00eb nj\u00ebra nga dy sht\u00ebpit\u00eb mafioze t\u00eb Shqip\u00ebris\u00eb, Avdylajt.<\/em><\/span><\/p>\n<p><span style=\"color: #000000;\"><em>Ishte nj\u00eb kriminel q\u00eb fshihte, mbronte nj\u00eb xhelat e kasap t\u00eb v\u00ebrtet\u00eb q\u00eb ndau n\u00eb pjes\u00eb trupin e Jan Preng\u00ebs t\u00eb rr\u00ebmbyer nga banda e Cyrbjes dhe Edi Ram\u00ebs.<\/em><\/span><\/p>\n","protected":false,"gt_translate_keys":[{"key":"rendered","format":"html"}]},"excerpt":{"rendered":"<p>Kryetari i Partis\u00eb Demokratike, Sali Berisha, ka mbajtur nj\u00eb fjalim gjat\u00eb mbledhjes s\u00eb kryesis\u00eb, ku ka komentuar arrestimin e kreut t\u00eb Partis\u00eb s\u00eb Liris\u00eb, Ilir Meta. Berisha e cil\u00ebsoi arrestimin si nj\u00eb &#8220;akt terrorist&#8221; t\u00eb kryer nga regjimi i kryeministrit Edi Rama, duke akuzuar qeverin\u00eb p\u00ebr abuzime dhe p\u00ebrdorim t\u00eb dhun\u00ebs ndaj kund\u00ebrshtar\u00ebve politik\u00eb. Ai [&hellip;]<\/p>\n","protected":false,"gt_translate_keys":[{"key":"rendered","format":"html"}]},"author":32,"featured_media":705126,"comment_status":"closed","ping_status":"open","sticky":false,"template":"","format":"standard","meta":{"footnotes":""},"categories":[65,13],"tags":[],"class_list":["post-705123","post","type-post","status-publish","format-standard","has-post-thumbnail","hentry","category-lajme","category-te-fundit"],"gt_translate_keys":[{"key":"link","format":"url"}],"_links":{"self":[{"href":"https:\/\/www.hashtag.al\/index.php\/wp-json\/wp\/v2\/posts\/705123","targetHints":{"allow":["GET"]}}],"collection":[{"href":"https:\/\/www.hashtag.al\/index.php\/wp-json\/wp\/v2\/posts"}],"about":[{"href":"https:\/\/www.hashtag.al\/index.php\/wp-json\/wp\/v2\/types\/post"}],"author":[{"embeddable":true,"href":"https:\/\/www.hashtag.al\/index.php\/wp-json\/wp\/v2\/users\/32"}],"replies":[{"embeddable":true,"href":"https:\/\/www.hashtag.al\/index.php\/wp-json\/wp\/v2\/comments?post=705123"}],"version-history":[{"count":0,"href":"https:\/\/www.hashtag.al\/index.php\/wp-json\/wp\/v2\/posts\/705123\/revisions"}],"wp:featuredmedia":[{"embeddable":true,"href":"https:\/\/www.hashtag.al\/index.php\/wp-json\/wp\/v2\/media\/705126"}],"wp:attachment":[{"href":"https:\/\/www.hashtag.al\/index.php\/wp-json\/wp\/v2\/media?parent=705123"}],"wp:term":[{"taxonomy":"category","embeddable":true,"href":"https:\/\/www.hashtag.al\/index.php\/wp-json\/wp\/v2\/categories?post=705123"},{"taxonomy":"post_tag","embeddable":true,"href":"https:\/\/www.hashtag.al\/index.php\/wp-json\/wp\/v2\/tags?post=705123"}],"curies":[{"name":"wp","href":"https:\/\/api.w.org\/{rel}","templated":true}]}}