{"id":705109,"date":"2024-10-21T19:45:21","date_gmt":"2024-10-21T17:45:21","guid":{"rendered":"https:\/\/www.hashtag.al\/?p=705109"},"modified":"2024-10-21T19:45:21","modified_gmt":"2024-10-21T17:45:21","slug":"deputeti-qe-duam-rama-politika-eshte-nje-rruge-e-veshtire-po-pergatisim-gjeneraten-ps-2030","status":"publish","type":"post","link":"https:\/\/www.hashtag.al\/index.php\/2024\/10\/21\/deputeti-qe-duam-rama-politika-eshte-nje-rruge-e-veshtire-po-pergatisim-gjeneraten-ps-2030\/","title":{"rendered":"\u2018Deputeti q\u00eb duam\u2019, Rama: Politika \u00ebsht\u00eb nj\u00eb rrug\u00eb e v\u00ebshtir\u00eb, po p\u00ebrgatisim gjenerat\u00ebn PS 2030","gt_translate_keys":[{"key":"rendered","format":"text"}]},"content":{"rendered":"<p><a href=\"https:\/\/www.hashtag.al\/wp-content\/uploads\/2024\/10\/Screenshot-2024-10-21-175851.png\"><img loading=\"lazy\" decoding=\"async\" class=\"aligncenter size-full wp-image-705110\" src=\"https:\/\/www.hashtag.al\/wp-content\/uploads\/2024\/10\/Screenshot-2024-10-21-175851.png\" alt=\"\" width=\"892\" height=\"547\" srcset=\"https:\/\/www.hashtag.al\/wp-content\/uploads\/2024\/10\/Screenshot-2024-10-21-175851.png 892w, https:\/\/www.hashtag.al\/wp-content\/uploads\/2024\/10\/Screenshot-2024-10-21-175851-300x184.png 300w, https:\/\/www.hashtag.al\/wp-content\/uploads\/2024\/10\/Screenshot-2024-10-21-175851-768x471.png 768w\" sizes=\"auto, (max-width: 892px) 100vw, 892px\" \/><\/a><\/p>\n<p><span style=\"color: #000000;\"><em>\u201cPolitika \u00ebsht\u00eb nj\u00eb rrug\u00eb e v\u00ebshtir\u00eb, por vet\u00ebm guximtar\u00ebt ia dalin\u201d.<\/em><\/span><\/p>\n<p><span style=\"color: #000000;\">K\u00ebshtu \u00ebsht\u00eb shprehur dit\u00ebn e sotme kryeministri nj\u00ebher\u00ebsh edhe kryetar i PS Edi Rama, para t\u00eb rinjve, nga takimi i hapur me grupin e 3 t\u00eb aplikant\u00ebve n\u00eb platform\u00ebn digjitale \u201cDeputeti q\u00eb duam\u201d.<\/span><\/p>\n<p><span style=\"color: #000000;\"><em>\u201cDuhet ta dini q\u00eb kush merr p\u00ebrsip\u00ebr t\u00eb hyj\u00eb n\u00eb rrug\u00ebn e politik\u00ebs nuk hyn n\u00eb nj\u00eb rrug\u00eb t\u00eb shtruar, nuk hyn n\u00eb nj\u00eb rrug\u00eb q\u00eb \u00ebsht\u00eb e drejt\u00eb, e as hyn n\u00eb nj\u00eb rrug\u00eb q\u00eb \u00ebsht\u00eb e shesht\u00eb, hyn n\u00eb nj\u00eb rrug\u00eb q\u00eb \u00ebsht\u00eb si ato shtigjet gjarp\u00ebruese q\u00eb her\u00eb shkojn\u00eb lart, e her\u00eb posht\u00eb, her\u00eb nd\u00ebrpriten nga pengesa, her\u00eb b\u00ebhen t\u00eb rrezikshme, her\u00eb t\u00eb b\u00ebjn\u00eb t\u00eb thuash m\u00eb mir\u00eb t\u00eb kthehem dhe ajo q\u00eb ti konsideron t\u00eb drejt\u00eb \u00ebsht\u00eb nj\u00eb e drejt\u00eb t\u00eb cil\u00ebs vet\u00ebm ti munt t\u2019ia nxjerr\u00ebsh dukjen n\u00ebse ke forc\u00ebn t\u2019i rezistosh asaj rrug\u00ebs gjarp\u00ebruese. Nuk ka nj\u00eb vler\u00ebsim objektiv t\u00eb mundsh\u00ebm, edhe vet\u00eb zgjedhja dhe vet\u00eb vota ka nj\u00eb doz\u00eb solidariteti e rrethanash q\u00eb b\u00ebjn\u00eb q\u00eb dikush n\u00eb moment t\u00eb caktuar t\u00eb shihet e vler\u00ebsohet m\u00eb shum\u00eb. Por ama kjo \u00ebsht\u00eb nj\u00eb rrug\u00eb p\u00ebr guximtar\u00ebt. Un\u00eb jam mbi t\u00eb gjitha mir\u00ebnjoh\u00ebs p\u00ebr ju q\u00eb s\u00ebpari trokisni n\u00eb der\u00ebn e PS.<\/em><\/span><\/p>\n<p><span style=\"color: #000000;\"><em>Ju e dini m\u00eb mri\u00eb se un\u00eb se pavar\u00ebsisht se \u00e7far\u00eb mund t\u00eb mendojn\u00eb ata q\u00eb ju shohin nga larg, q\u00eb ju nuk keni aplikuar me ndihm\u00ebn e dikujt apo sepse keni nj\u00eb mbem\u00ebr t\u00eb njohur, por keni aplikuar duke besuar q\u00eb nuk ka jet\u00eb pa p\u00ebrvoj\u00eb. Shum\u00eb nga ju jan\u00eb k\u00ebtu ulur me iden\u00eb q\u00eb kjo \u00ebhst\u00eb loj\u00eb e q\u00eb n\u00eb fund fare ju mund t\u00eb ndiheni si t\u00eb p\u00ebrdorur p\u00ebr nj\u00eb shfaqe, propagand\u00eb q\u00eb ja po mbledhim t\u00eb rinjt\u00eb, e n\u00eb fund duke qen\u00eb se shumica juaj nuk do ja dali dot, pasi vet\u00ebm me kaq aplikant\u00eb kemi 3 parlamente vet\u00ebm me ju, nd\u00ebrkoh\u00eb q\u00eb n\u00eb list\u00ebn e PS do t\u00eb jen\u00eb 140 plus edhe nj\u00eb num\u00ebr mbi q\u00eb i p\u00ebrket pjes\u00ebs s\u00eb mbyllur t\u00eb list\u00ebs, dhe n\u00eb total skuadra \u00ebsht\u00eb m\u00eb pak se 200 persoan, nd\u00ebkroh\u00eb q\u00eb lojtar\u00eb q\u00eb duan t\u00ebfuten n\u00eb fush\u00eb tani jan\u00eb 1 mij\u00eb\u201d,<\/em> tha Rama.<\/span><\/p>\n<p><span style=\"color: #000000;\">Rama tha se politika \u00ebsht\u00eb n\u00eb nj\u00eb moment riform\u00ebsimi, pasi ka nj\u00eb pjes\u00eb t\u00eb vet\u00ebm shum\u00eb t\u00eb degraduar.<\/span><\/p>\n<p><span style=\"color: #000000;\">N\u00eb k\u00ebt\u00eb kuad\u00ebr ai tha se PS ka detyr\u00ebn q\u00eb t\u00eb udh\u00ebheq\u00eb rip\u00ebrt\u00ebritjen e politik\u00ebs.<\/span><\/p>\n<p><span style=\"color: #000000;\"><em>\u201cP\u00ebrmes platform\u00ebs \u201cdeputeti q\u00eb duam\u201d t\u00eb p\u00ebrgatisim fuqin\u00eb q\u00eb do t\u00eb marr\u00eb stafet\u00ebn. Po p\u00ebrgatisim PS 2030 q\u00eb do t\u00eb \u00e7oj\u00eb p\u00ebrpara k\u00ebt\u00eb parti n\u00eb dekad\u00ebn e ardhshme. Thot\u00eb se jan\u00eb shum\u00eb 3 mandate, po p\u00ebrse jan\u00eb shum\u00eb? N\u00eb vendet shum\u00eb demokratike t\u00eb Europ\u00ebs, n\u00eb vendet me standardet m\u00eb t\u00eb larta se shumica e vendeve t\u00eb Europ\u00ebs, n\u00eb veri t\u00eb Europ\u00ebs, kemi parti q\u00eb kan\u00eb b\u00ebr\u00eb histori duke q\u00ebndruar 40 apo 50 vjet n\u00eb pushtet. Kjo nuk \u00ebsht\u00eb ambicie p\u00ebr pushtet, por p\u00ebr Shqip\u00ebrin\u00eb\u201d,<\/em> tha Edi Rama.<\/span><\/p>\n<p><span style=\"color: #000000;\">Kryeministri Edi Rama, tha se t\u00eb merresh me politik\u00eb nuk do t\u00eb thot\u00eb se po merresh me nj\u00eb pun\u00eb t\u00eb pist\u00eb.<\/span><\/p>\n<p><span style=\"color: #000000;\"><em>\u201cGjith\u00e7ka varet nga duart, duart e pastra b\u00ebjn\u00eb nj\u00eb pun\u00eb, ata t\u00eb pista b\u00ebjn\u00eb nj\u00eb pun\u00eb t\u00eb caktuar, duart e afta b\u00ebjn\u00eb nj\u00eb gj\u00eb, duart e fshehura b\u00ebjn\u00eb nj\u00eb gj\u00eb tjet\u00ebr. K\u00ebrkon shum\u00eb kurajo, forc\u00eb dhe fuqi t\u00eb brendshme p\u00ebr t\u00eb mos u dor\u00ebzuar, sepse politika \u00ebsht\u00eb shpikja m\u00eb e jasht\u00ebzakonshme q\u00eb njeriu ka b\u00ebr\u00eb\u201d,<\/em> tha Rama.<\/span><\/p>\n","protected":false,"gt_translate_keys":[{"key":"rendered","format":"html"}]},"excerpt":{"rendered":"<p>\u201cPolitika \u00ebsht\u00eb nj\u00eb rrug\u00eb e v\u00ebshtir\u00eb, por vet\u00ebm guximtar\u00ebt ia dalin\u201d. K\u00ebshtu \u00ebsht\u00eb shprehur dit\u00ebn e sotme kryeministri nj\u00ebher\u00ebsh edhe kryetar i PS Edi Rama, para t\u00eb rinjve, nga takimi i hapur me grupin e 3 t\u00eb aplikant\u00ebve n\u00eb platform\u00ebn digjitale \u201cDeputeti q\u00eb duam\u201d. \u201cDuhet ta dini q\u00eb kush merr p\u00ebrsip\u00ebr t\u00eb hyj\u00eb n\u00eb rrug\u00ebn [&hellip;]<\/p>\n","protected":false,"gt_translate_keys":[{"key":"rendered","format":"html"}]},"author":32,"featured_media":705110,"comment_status":"closed","ping_status":"open","sticky":false,"template":"","format":"standard","meta":{"footnotes":""},"categories":[65],"tags":[],"class_list":["post-705109","post","type-post","status-publish","format-standard","has-post-thumbnail","hentry","category-lajme"],"gt_translate_keys":[{"key":"link","format":"url"}],"_links":{"self":[{"href":"https:\/\/www.hashtag.al\/index.php\/wp-json\/wp\/v2\/posts\/705109","targetHints":{"allow":["GET"]}}],"collection":[{"href":"https:\/\/www.hashtag.al\/index.php\/wp-json\/wp\/v2\/posts"}],"about":[{"href":"https:\/\/www.hashtag.al\/index.php\/wp-json\/wp\/v2\/types\/post"}],"author":[{"embeddable":true,"href":"https:\/\/www.hashtag.al\/index.php\/wp-json\/wp\/v2\/users\/32"}],"replies":[{"embeddable":true,"href":"https:\/\/www.hashtag.al\/index.php\/wp-json\/wp\/v2\/comments?post=705109"}],"version-history":[{"count":0,"href":"https:\/\/www.hashtag.al\/index.php\/wp-json\/wp\/v2\/posts\/705109\/revisions"}],"wp:featuredmedia":[{"embeddable":true,"href":"https:\/\/www.hashtag.al\/index.php\/wp-json\/wp\/v2\/media\/705110"}],"wp:attachment":[{"href":"https:\/\/www.hashtag.al\/index.php\/wp-json\/wp\/v2\/media?parent=705109"}],"wp:term":[{"taxonomy":"category","embeddable":true,"href":"https:\/\/www.hashtag.al\/index.php\/wp-json\/wp\/v2\/categories?post=705109"},{"taxonomy":"post_tag","embeddable":true,"href":"https:\/\/www.hashtag.al\/index.php\/wp-json\/wp\/v2\/tags?post=705109"}],"curies":[{"name":"wp","href":"https:\/\/api.w.org\/{rel}","templated":true}]}}