{"id":705078,"date":"2024-10-21T14:59:22","date_gmt":"2024-10-21T12:59:22","guid":{"rendered":"https:\/\/www.hashtag.al\/?p=705078"},"modified":"2024-10-21T14:59:22","modified_gmt":"2024-10-21T12:59:22","slug":"pamje-nga-arrestimi-i-metes-agjentet-e-bkh-se-e-nxjerrin-me-force-nga-makina-e-tij","status":"publish","type":"post","link":"https:\/\/www.hashtag.al\/index.php\/2024\/10\/21\/pamje-nga-arrestimi-i-metes-agjentet-e-bkh-se-e-nxjerrin-me-force-nga-makina-e-tij\/","title":{"rendered":"Pamje nga arrestimi i Met\u00ebs, agjent\u00ebt e BKH-s\u00eb e nxjerrin me forc\u00eb nga makina e tij","gt_translate_keys":[{"key":"rendered","format":"text"}]},"content":{"rendered":"<p><span style=\"color: #000000;\"><a style=\"color: #000000;\" href=\"https:\/\/www.hashtag.al\/wp-content\/uploads\/2024\/10\/pamje-nga-arrestimi-i-metes-639x450-1.gif\"><img loading=\"lazy\" decoding=\"async\" class=\"aligncenter size-full wp-image-705080\" src=\"https:\/\/www.hashtag.al\/wp-content\/uploads\/2024\/10\/pamje-nga-arrestimi-i-metes-639x450-1.gif\" alt=\"\" width=\"639\" height=\"450\" \/><\/a><\/span><\/p>\n<p><span style=\"color: #000000;\">Nj\u00eb tjet\u00ebr video \u00ebsht\u00eb publikuar, nga momenti i arrestimit t\u00eb kreut t\u00eb Partis\u00eb s\u00eb Liris\u00eb, Ilir Meta.<\/span><\/p>\n<p><span style=\"color: #000000;\">N\u00eb pamje duken momentet kur agjent\u00ebt e BKH i afrohen makin\u00ebs s\u00eb Met\u00ebs dhe komunikojn\u00eb me t\u00eb.<\/span><\/p>\n<p><span style=\"color: #000000;\">Nuk dihet \u00e7far\u00eb dialogu \u00ebsht\u00eb zhvilluar, por brenda pak \u00e7asteve special\u00ebt veprojn\u00eb dhe nd\u00ebrhyjn\u00eb forc\u00ebrish duke e nxjerr\u00eb ish-kreun e shtetit nga automjeti.<\/span><\/p>\n<p>&nbsp;<\/p>\n<p><iframe loading=\"lazy\" title=\"Pamje t\u00eb reja\/ T\u00ebrhiqet zvarr\u00eb dhe nxirret nga makina i rrethuar nga polic\u00ebt, ja arrestimi i Met\u00ebs\" src=\"https:\/\/www.youtube.com\/embed\/nk6Ebs6cFEI\" width=\"638\" height=\"360\" frameborder=\"0\" allowfullscreen=\"allowfullscreen\"><\/iframe><\/p>\n<p><span style=\"color: #000000;\"><span style=\"color: #ff0000;\">VINI RE:<\/span> Ky material \u00ebsht\u00eb pron\u00ebsi intelektuale e <span style=\"color: #0000ff;\"><a style=\"color: #0000ff;\" href=\"https:\/\/www.balkanweb.com\/pamjet-e-reja-terhiqet-zvarre-dhe-nxirret-nga-makina-i-rrethuar-nga-policet-ja-si-u-arrestua-ilir-meta-video\/#gsc.tab=0\">Balkanweb<\/a><\/span><\/span><\/p>\n","protected":false,"gt_translate_keys":[{"key":"rendered","format":"html"}]},"excerpt":{"rendered":"<p>Nj\u00eb tjet\u00ebr video \u00ebsht\u00eb publikuar, nga momenti i arrestimit t\u00eb kreut t\u00eb Partis\u00eb s\u00eb Liris\u00eb, Ilir Meta. N\u00eb pamje duken momentet kur agjent\u00ebt e BKH i afrohen makin\u00ebs s\u00eb Met\u00ebs dhe komunikojn\u00eb me t\u00eb. Nuk dihet \u00e7far\u00eb dialogu \u00ebsht\u00eb zhvilluar, por brenda pak \u00e7asteve special\u00ebt veprojn\u00eb dhe nd\u00ebrhyjn\u00eb forc\u00ebrish duke e nxjerr\u00eb ish-kreun e shtetit [&hellip;]<\/p>\n","protected":false,"gt_translate_keys":[{"key":"rendered","format":"html"}]},"author":32,"featured_media":705080,"comment_status":"closed","ping_status":"open","sticky":false,"template":"","format":"standard","meta":{"footnotes":""},"categories":[65],"tags":[],"class_list":["post-705078","post","type-post","status-publish","format-standard","has-post-thumbnail","hentry","category-lajme"],"gt_translate_keys":[{"key":"link","format":"url"}],"_links":{"self":[{"href":"https:\/\/www.hashtag.al\/index.php\/wp-json\/wp\/v2\/posts\/705078","targetHints":{"allow":["GET"]}}],"collection":[{"href":"https:\/\/www.hashtag.al\/index.php\/wp-json\/wp\/v2\/posts"}],"about":[{"href":"https:\/\/www.hashtag.al\/index.php\/wp-json\/wp\/v2\/types\/post"}],"author":[{"embeddable":true,"href":"https:\/\/www.hashtag.al\/index.php\/wp-json\/wp\/v2\/users\/32"}],"replies":[{"embeddable":true,"href":"https:\/\/www.hashtag.al\/index.php\/wp-json\/wp\/v2\/comments?post=705078"}],"version-history":[{"count":0,"href":"https:\/\/www.hashtag.al\/index.php\/wp-json\/wp\/v2\/posts\/705078\/revisions"}],"wp:featuredmedia":[{"embeddable":true,"href":"https:\/\/www.hashtag.al\/index.php\/wp-json\/wp\/v2\/media\/705080"}],"wp:attachment":[{"href":"https:\/\/www.hashtag.al\/index.php\/wp-json\/wp\/v2\/media?parent=705078"}],"wp:term":[{"taxonomy":"category","embeddable":true,"href":"https:\/\/www.hashtag.al\/index.php\/wp-json\/wp\/v2\/categories?post=705078"},{"taxonomy":"post_tag","embeddable":true,"href":"https:\/\/www.hashtag.al\/index.php\/wp-json\/wp\/v2\/tags?post=705078"}],"curies":[{"name":"wp","href":"https:\/\/api.w.org\/{rel}","templated":true}]}}