{"id":705050,"date":"2024-10-21T13:28:28","date_gmt":"2024-10-21T11:28:28","guid":{"rendered":"https:\/\/www.hashtag.al\/?p=705050"},"modified":"2024-10-21T13:28:28","modified_gmt":"2024-10-21T11:28:28","slug":"arrestimi-i-metes-berisha-persekutim-politik","status":"publish","type":"post","link":"https:\/\/www.hashtag.al\/index.php\/2024\/10\/21\/arrestimi-i-metes-berisha-persekutim-politik\/","title":{"rendered":"Arrestimi i Met\u00ebs, Berisha: Persekutim politik","gt_translate_keys":[{"key":"rendered","format":"text"}]},"content":{"rendered":"<p style=\"text-align: left;\"><span style=\"color: #000000;\"><img loading=\"lazy\" decoding=\"async\" class=\" wp-image-703984 aligncenter\" src=\"https:\/\/www.hashtag.al\/wp-content\/uploads\/2024\/10\/berisha7-300x158.jpg\" alt=\"\" width=\"598\" height=\"315\" srcset=\"https:\/\/www.hashtag.al\/wp-content\/uploads\/2024\/10\/berisha7-300x158.jpg 300w, https:\/\/www.hashtag.al\/wp-content\/uploads\/2024\/10\/berisha7-1024x538.jpg 1024w, https:\/\/www.hashtag.al\/wp-content\/uploads\/2024\/10\/berisha7-768x404.jpg 768w, https:\/\/www.hashtag.al\/wp-content\/uploads\/2024\/10\/berisha7.jpg 1180w\" sizes=\"auto, (max-width: 598px) 100vw, 598px\" \/><\/span><\/p>\n<p style=\"text-align: left;\"><span style=\"color: #000000;\">Pas urdh\u00ebrit t\u00eb SPAK p\u00ebr arrestimin e kreut t\u00eb PL-s\u00eb, Ilir Meta, menj\u00ebher\u00eb ka reaguar kryetari i PD-s\u00eb, Sali Berisha.\u00a0<\/span><\/p>\n<p style=\"text-align: left;\"><span style=\"color: #000000;\">Berisha u shpreh se ky \u00ebsht\u00eb nj\u00eb persekutim politik.<\/span><\/p>\n<p style=\"text-align: left;\"><span style=\"color: #000000;\">Ai theksoi se nuk jan\u00eb paraqitur prova apo dokumente q\u00eb t\u00eb justifikonin arrestimin, duke akuzuar Ram\u00ebn se po p\u00ebrpiqet t\u00eb eliminoj\u00eb politikisht, madje edhe fizikisht, Met\u00ebn.<\/span><\/p>\n<p style=\"text-align: left;\"><span style=\"color: #000000;\"><em>&#8220;Persekutimi i Kreut t\u00eb PL \u00ebsht\u00eb politik. Nuk kan\u00eb konfirmuar asnj\u00eb fakt, asnj\u00eb dokument por kan\u00eb zbatuar urdhrat e Edi Ram\u00ebs, i cili \u00ebsht\u00eb p\u00ebrpjekur me t\u00eb gjitha m\u00ebnyrat p\u00ebr eliminimin politik dhe ndoshta dhe fizik t\u00eb Ilir Met\u00ebs.<\/em><\/span><\/p>\n<p style=\"text-align: left;\"><span style=\"color: #000000;\"><em>Rama \u00ebsht\u00eb i implikuar direk n\u00eb zhdukje t\u00eb personave n\u00eb m\u00ebnyr\u00eb ekstraligjore, antikushtetuese. Ju kam informuar k\u00ebtu se Dumani fle mbi nj\u00eb dosje n\u00eb t\u00eb cil\u00ebn bisedohet p\u00ebr eliminimin e nj\u00eb politikani t\u00eb af\u00ebrt me Edi Ram\u00ebn&#8221;<\/em>, u shpreh Berisha.<\/span><\/p>\n","protected":false,"gt_translate_keys":[{"key":"rendered","format":"html"}]},"excerpt":{"rendered":"<p>Pas urdh\u00ebrit t\u00eb SPAK p\u00ebr arrestimin e kreut t\u00eb PL-s\u00eb, Ilir Meta, menj\u00ebher\u00eb ka reaguar kryetari i PD-s\u00eb, Sali Berisha.\u00a0 Berisha u shpreh se ky \u00ebsht\u00eb nj\u00eb persekutim politik. Ai theksoi se nuk jan\u00eb paraqitur prova apo dokumente q\u00eb t\u00eb justifikonin arrestimin, duke akuzuar Ram\u00ebn se po p\u00ebrpiqet t\u00eb eliminoj\u00eb politikisht, madje edhe fizikisht, Met\u00ebn. [&hellip;]<\/p>\n","protected":false,"gt_translate_keys":[{"key":"rendered","format":"html"}]},"author":49,"featured_media":703984,"comment_status":"closed","ping_status":"open","sticky":false,"template":"","format":"standard","meta":{"footnotes":""},"categories":[65],"tags":[],"class_list":["post-705050","post","type-post","status-publish","format-standard","has-post-thumbnail","hentry","category-lajme"],"gt_translate_keys":[{"key":"link","format":"url"}],"_links":{"self":[{"href":"https:\/\/www.hashtag.al\/index.php\/wp-json\/wp\/v2\/posts\/705050","targetHints":{"allow":["GET"]}}],"collection":[{"href":"https:\/\/www.hashtag.al\/index.php\/wp-json\/wp\/v2\/posts"}],"about":[{"href":"https:\/\/www.hashtag.al\/index.php\/wp-json\/wp\/v2\/types\/post"}],"author":[{"embeddable":true,"href":"https:\/\/www.hashtag.al\/index.php\/wp-json\/wp\/v2\/users\/49"}],"replies":[{"embeddable":true,"href":"https:\/\/www.hashtag.al\/index.php\/wp-json\/wp\/v2\/comments?post=705050"}],"version-history":[{"count":0,"href":"https:\/\/www.hashtag.al\/index.php\/wp-json\/wp\/v2\/posts\/705050\/revisions"}],"wp:featuredmedia":[{"embeddable":true,"href":"https:\/\/www.hashtag.al\/index.php\/wp-json\/wp\/v2\/media\/703984"}],"wp:attachment":[{"href":"https:\/\/www.hashtag.al\/index.php\/wp-json\/wp\/v2\/media?parent=705050"}],"wp:term":[{"taxonomy":"category","embeddable":true,"href":"https:\/\/www.hashtag.al\/index.php\/wp-json\/wp\/v2\/categories?post=705050"},{"taxonomy":"post_tag","embeddable":true,"href":"https:\/\/www.hashtag.al\/index.php\/wp-json\/wp\/v2\/tags?post=705050"}],"curies":[{"name":"wp","href":"https:\/\/api.w.org\/{rel}","templated":true}]}}