{"id":704862,"date":"2024-10-20T19:11:13","date_gmt":"2024-10-20T17:11:13","guid":{"rendered":"https:\/\/www.hashtag.al\/?p=704862"},"modified":"2024-10-20T19:56:10","modified_gmt":"2024-10-20T17:56:10","slug":"arrestohet-ish-deputeti-i-ps-se-jurgis-cyrbja","status":"publish","type":"post","link":"https:\/\/www.hashtag.al\/index.php\/2024\/10\/20\/arrestohet-ish-deputeti-i-ps-se-jurgis-cyrbja\/","title":{"rendered":"Arrestohet ish-deputeti i PS-s\u00eb Jurgis \u00c7yrbja","gt_translate_keys":[{"key":"rendered","format":"text"}]},"content":{"rendered":"<p><span style=\"color: #000000;\"><img loading=\"lazy\" decoding=\"async\" class=\"aligncenter size-full wp-image-702762\" src=\"https:\/\/www.hashtag.al\/wp-content\/uploads\/2024\/10\/Jurgis-Cyrbja11-768x632-1.jpg\" alt=\"\" width=\"768\" height=\"632\" \/><\/span><\/p>\n<p><span style=\"color: #000000;\">Ish-deputeti i PS-s\u00eb Jurgis \u00c7yrbja \u00ebsht\u00eb arrestuar me urdh\u00ebr t\u00eb SPAK.<\/span><\/p>\n<p><span style=\"color: #000000;\">\u00c7yrbja u mor i pandehur zyrtarisht nga SPAK p\u00ebr shp\u00ebrdorim detyre.<\/span><\/p>\n<p><span style=\"color: #000000;\">Gjithashtu jan\u00eb kryer disa arrestime t\u00eb tjera dhe aksioni \u00ebsht\u00eb n\u00eb proces. Arrestimi \u00ebsht\u00eb kryer n\u00eb Durr\u00ebs, teksa \u00c7yrbja ishte duke udh\u00ebtuar me makin\u00eb me shoferin e tij.<\/span><\/p>\n<p><span style=\"color: #000000;\">Dyshohet se arrestimi ka lidhje me nj\u00eb tjet\u00ebr \u00e7\u00ebshtje dhe jo me at\u00eb t\u00eb denoncimit nga deputeti demokrat Edi Paloka. Ish-ligjv\u00ebn\u00ebsi akuzohet edhe p\u00ebr koh\u00ebn kur ka drejtuar Hipotek\u00ebn e Durr\u00ebsit, deputet i t\u00eb cil\u00ebs u zgjodh m\u00eb pas. <\/span><\/p>\n<p><span style=\"color: #000000;\">Ai dyshohet se ka pasur lidhje me nj\u00eb grup kriminal n\u00eb Durr\u00ebs dhe se ka komunikuar n\u00eb platform\u00ebn e koduar SKY ECC me grupin n\u00eb fjal\u00eb<\/span><\/p>\n<p><span style=\"color: #000000;\">Ish-deputeti i PS-s\u00eb do t\u00eb p\u00ebrballet n\u00eb gjykat\u00eb me akuz\u00ebn p\u00ebr \u201cshp\u00ebrdorim detyre\u201d n\u00eb koh\u00ebn kur ishte drejtor i Hipotek\u00ebs Durr\u00ebs t\u00eb b\u00ebr\u00eb nga PD-ja, \u00e7\u00ebshtje ve\u00e7mas nga cc\u00ebshtja p\u00ebr t\u00eb cil\u00ebn u arrestua mbr\u00ebmjen\u00a0 e sotme.<\/span><\/p>\n<p><span style=\"color: #000000;\">Rreth dy jav\u00eb m\u00eb par\u00eb ai dor\u00ebzoi mandatin e deputetit pasi u thirr n\u00eb SPAK nd\u00ebrsa n\u00eb\u00a0 nj\u00eb reagim t\u00eb par\u00eb deklaronte se dor\u00ebzimi i mandatit kishte t\u00eb b\u00ebnte me shkaqe sh\u00ebndet\u00ebsore.<\/span><\/p>\n<p><span style=\"color: #000000;\"><em>\u201cKam nevoj\u00eb p\u00ebr koh\u00eb. Do t\u00eb kujdesem p\u00ebr sh\u00ebndetin tim. Nuk kam asnj\u00eb shqet\u00ebsim t\u00eb natyr\u00ebs ligjore. Dor\u00ebheqja nuk lidhet me thirrjen n\u00eb SPAK. Ishte nj\u00eb vendim q\u00eb e mora n\u00eb vler\u00ebsim t\u00eb situat\u00ebs sime personale\u201d,<\/em> deklaronte \u00c7yrbja.<\/span><\/p>\n<p><span style=\"color: #000000;\">Jurgis \u00c7yrbja \u00ebsht\u00eb zgjedhur p\u00ebr her\u00eb t\u00eb par\u00eb deputet i PS-s\u00eb n\u00eb zgjedhjet e vitit 2017. Megjithat\u00eb ai ka sh\u00ebrbyer si deputet q\u00eb nga viti 2015 pasi z\u00ebvend\u00ebsoi Blendi Klosin q\u00eb u em\u00ebrua minist\u00ebr n\u00eb qeverin\u00eb Rama 1.<\/span><\/p>\n","protected":false,"gt_translate_keys":[{"key":"rendered","format":"html"}]},"excerpt":{"rendered":"<p>Ish-deputeti i PS-s\u00eb Jurgis \u00c7yrbja \u00ebsht\u00eb arrestuar me urdh\u00ebr t\u00eb SPAK. \u00c7yrbja u mor i pandehur zyrtarisht nga SPAK p\u00ebr shp\u00ebrdorim detyre. Gjithashtu jan\u00eb kryer disa arrestime t\u00eb tjera dhe aksioni \u00ebsht\u00eb n\u00eb proces. Arrestimi \u00ebsht\u00eb kryer n\u00eb Durr\u00ebs, teksa \u00c7yrbja ishte duke udh\u00ebtuar me makin\u00eb me shoferin e tij. Dyshohet se arrestimi ka lidhje [&hellip;]<\/p>\n","protected":false,"gt_translate_keys":[{"key":"rendered","format":"html"}]},"author":51,"featured_media":702762,"comment_status":"closed","ping_status":"open","sticky":false,"template":"","format":"standard","meta":{"footnotes":""},"categories":[22],"tags":[],"class_list":["post-704862","post","type-post","status-publish","format-standard","has-post-thumbnail","hentry","category-ballina"],"gt_translate_keys":[{"key":"link","format":"url"}],"_links":{"self":[{"href":"https:\/\/www.hashtag.al\/index.php\/wp-json\/wp\/v2\/posts\/704862","targetHints":{"allow":["GET"]}}],"collection":[{"href":"https:\/\/www.hashtag.al\/index.php\/wp-json\/wp\/v2\/posts"}],"about":[{"href":"https:\/\/www.hashtag.al\/index.php\/wp-json\/wp\/v2\/types\/post"}],"author":[{"embeddable":true,"href":"https:\/\/www.hashtag.al\/index.php\/wp-json\/wp\/v2\/users\/51"}],"replies":[{"embeddable":true,"href":"https:\/\/www.hashtag.al\/index.php\/wp-json\/wp\/v2\/comments?post=704862"}],"version-history":[{"count":0,"href":"https:\/\/www.hashtag.al\/index.php\/wp-json\/wp\/v2\/posts\/704862\/revisions"}],"wp:featuredmedia":[{"embeddable":true,"href":"https:\/\/www.hashtag.al\/index.php\/wp-json\/wp\/v2\/media\/702762"}],"wp:attachment":[{"href":"https:\/\/www.hashtag.al\/index.php\/wp-json\/wp\/v2\/media?parent=704862"}],"wp:term":[{"taxonomy":"category","embeddable":true,"href":"https:\/\/www.hashtag.al\/index.php\/wp-json\/wp\/v2\/categories?post=704862"},{"taxonomy":"post_tag","embeddable":true,"href":"https:\/\/www.hashtag.al\/index.php\/wp-json\/wp\/v2\/tags?post=704862"}],"curies":[{"name":"wp","href":"https:\/\/api.w.org\/{rel}","templated":true}]}}