{"id":704739,"date":"2024-10-19T17:36:02","date_gmt":"2024-10-19T15:36:02","guid":{"rendered":"https:\/\/www.hashtag.al\/?p=704739"},"modified":"2024-10-19T17:36:02","modified_gmt":"2024-10-19T15:36:02","slug":"kellici-deputeti-plarent-ndreca-ne-sherbim-edhe-te-aferes-se-inceneratorit-te-tiranes","status":"publish","type":"post","link":"https:\/\/www.hashtag.al\/index.php\/2024\/10\/19\/kellici-deputeti-plarent-ndreca-ne-sherbim-edhe-te-aferes-se-inceneratorit-te-tiranes\/","title":{"rendered":"K\u00eblli\u00e7i: Deputeti Plarent Ndreca n\u00eb sh\u00ebrbim edhe t\u00eb afer\u00ebs s\u00eb inceneratorit t\u00eb Tiran\u00ebs","gt_translate_keys":[{"key":"rendered","format":"text"}]},"content":{"rendered":"<p>&nbsp;<\/p>\n<p><span style=\"color: #000000;\"><a href=\"https:\/\/www.hashtag.al\/wp-content\/uploads\/2024\/10\/kellici1.jpeg\"><img loading=\"lazy\" decoding=\"async\" class=\"aligncenter size-full wp-image-704740\" src=\"https:\/\/www.hashtag.al\/wp-content\/uploads\/2024\/10\/kellici1.jpeg\" alt=\"\" width=\"1600\" height=\"1066\" srcset=\"https:\/\/www.hashtag.al\/wp-content\/uploads\/2024\/10\/kellici1.jpeg 1600w, https:\/\/www.hashtag.al\/wp-content\/uploads\/2024\/10\/kellici1-300x200.jpeg 300w, https:\/\/www.hashtag.al\/wp-content\/uploads\/2024\/10\/kellici1-1024x682.jpeg 1024w, https:\/\/www.hashtag.al\/wp-content\/uploads\/2024\/10\/kellici1-768x512.jpeg 768w, https:\/\/www.hashtag.al\/wp-content\/uploads\/2024\/10\/kellici1-1536x1023.jpeg 1536w\" sizes=\"auto, (max-width: 1600px) 100vw, 1600px\" \/><\/a><\/span><\/p>\n<p><span style=\"color: #000000;\">Belind K\u00eblli\u00e7i, p\u00ebrmes nj\u00eb deklarate p\u00ebr media, ka zbuluar gjetjet e reja t\u00eb Grupit t\u00eb Ekspert\u00ebve t\u00eb PD p\u00ebr inceneratorin e Tiran\u00ebs.<\/span><\/p>\n<p><span style=\"color: #000000;\">Sipas tij n\u00eb k\u00ebt\u00eb afer\u00eb, si\u00e7 e cil\u00ebson K\u00eblli\u00e7i, del i p\u00ebrfshir\u00eb edhe deputeti i PS-s\u00eb, Plarent Ndrca.<\/span><\/p>\n<p><span style=\"color: #000000;\">Nd\u00ebr t\u00eb tjera, ai tha se n\u00eb dit\u00ebt n\u00eb vijim do t\u00eb b\u00ebjn\u00eb publike faktet sesi Ndreca ka fshehur n\u00eb ILDKPI kompanin\u00eb e tij t\u00eb licencuar me firm\u00ebn e SHEFIT dhe pronat q\u00eb ai me shum\u00eb mund p\u00ebrpiqet t\u00eb fsheh\u00eb n\u00eb jugun e Shqip\u00ebris\u00eb.<\/span><\/p>\n<p><span style=\"color: #000000;\">Ai paralajm\u00ebroi gjithashtu se informacionet q\u00eb disponojn\u00eb do t\u2019ia d\u00ebrgojn\u00eb Prokuroris\u00eb s\u00eb Posa\u00e7me.<\/span><\/p>\n<p>&nbsp;<\/p>\n<p><span style=\"color: #000000;\">Deklarata e K\u00eblli\u00e7it:<\/span><\/p>\n<p><span style=\"color: #000000;\"><em>T\u00eb nderuar qytetar\u00eb,<\/em><\/span><\/p>\n<p><span style=\"color: #000000;\"><em>Prej m\u00eb shum\u00eb se 1 viti nga kjo foltore ju kemi informuar p\u00ebr t\u00eb gjith\u00eb gjetjet e Grupit t\u00eb Ekspert\u00ebve t\u00eb PD p\u00ebr afer\u00ebn korruptive t\u00eb shekullit, Inceneratorin e Tiran\u00ebs dhe jo vet\u00ebm.<\/em><\/span><\/p>\n<p><span style=\"color: #000000;\"><em>Ju kemi informuar p\u00ebr t\u00eb gjitha aktet flagrante dhe firmat e pronarit faktik t\u00eb inceneratorit t\u00eb Tiran\u00ebs dhe bashk\u00ebpun\u00ebtor\u00ebve m\u00eb t\u00eb af\u00ebrm t\u00eb tij, t\u00eb cil\u00ebt af\u00ebrmendsh nuk hetohen nga koleg\u00ebt e Erionit n\u00eb SPAK.<\/em><\/span><\/p>\n<p><span style=\"color: #000000;\"><em>Sot do t\u00eb b\u00ebjm\u00eb publik nj\u00eb tjet\u00ebr em\u00ebr t\u00eb r\u00ebnd\u00ebsish\u00ebm, p\u00ebr t\u00eb cilin koleg\u00ebt e Erionit nuk hetojn\u00eb dhe mesa duket vijojn\u00eb detyr\u00ebn e ngarkuar t\u00eb fshehjes s\u00eb provave flagrante t\u00eb k\u00ebsaj afere.<\/em><\/span><\/p>\n<p><span style=\"color: #000000;\"><em>MERILA LUGA, n\u00eb dukje t\u00eb par\u00eb nj\u00eb em\u00ebr i par\u00ebnd\u00ebsish\u00ebm, por lidhjet e saj hedhin dyshime p\u00ebr arsyet se p\u00ebrse ajo ende sot nuk \u00ebsht\u00eb hetuar apo th\u00ebrritur nga koleg\u00ebt e Erionit n\u00eb SPAK.<\/em><\/span><\/p>\n<p><span style=\"color: #000000;\"><em>Merila Luga mban detyr\u00ebn e financieres s\u00eb Stela Gugalles, partneres s\u00eb Mirel M\u00ebrtirit, por jo vet\u00ebm.<\/em><\/span><\/p>\n<p><span style=\"color: #000000;\"><em>N\u00eb ekran do t\u00eb shihni ekstraktin zyrtar t\u00eb n\u00ebntorit 2022 t\u00eb kompanis\u00eb famoze n\u00eb pron\u00ebsi t\u00eb Mirel M\u00ebrtirit t\u00eb regjistruar n\u00eb Bullgari, EM CAPITAL.<\/em><\/span><\/p>\n<p><span style=\"color: #000000;\"><em>Merila Luga s\u00ebbashku me Denisa Tollku\u00e7in jan\u00eb dy an\u00ebtaret e bordit t\u00eb drejtor\u00ebve, Denisa e besuara e Mirelit dhe Klodianit si dhe zonja e dyt\u00eb do t\u00eb kuptohet n\u00eb fund t\u00eb k\u00ebsaj deklarate.<\/em><\/span><\/p>\n<p><span style=\"color: #000000;\"><em>Merila Luga ka p\u00ebr bashk\u00ebshort shtetasin Benn Caka.<\/em><\/span><\/p>\n<p><span style=\"color: #000000;\"><em>Ky shtetas sipas deklaratave publike t\u00eb prokuroris\u00eb s\u00eb Durr\u00ebsit \u00ebsht\u00eb arrestuar dhe d\u00ebnuar s\u00ebbashku me shtetasin Regan Merdani p\u00ebr krijimin e skemave mashtruese financiare.<\/em><\/span><\/p>\n<p><span style=\"color: #000000;\"><em>Regan Merdani \u00ebsht\u00eb pjes\u00eb e skemave mashtruese t\u00eb p\u00ebrdorura edhe n\u00eb afer\u00ebn e incenerator\u00ebve, skema q\u00eb ende sot i mban mend i madh e i vog\u00ebl pasi nuk kishin kursyer as pleq q\u00eb jetonin n\u00eb azile e as ata q\u00eb ishin n\u00eb bot\u00ebn e p\u00ebrtejme.<\/em><\/span><\/p>\n<p><span style=\"color: #000000;\"><em>Por \u00e7udit\u00ebrisht Benn Caka, bashk\u00ebpun\u00ebtori i Regan Merdanit, ndalohet nga Prokuroria e Durr\u00ebsit vet\u00ebm 30 dit\u00eb p\u00ebrpara se t\u00eb k\u00ebrkohej arrestimi i Klodian Zotos dhe Lefter Kok\u00ebs, pik\u00ebrisht p\u00ebr p\u00ebrdorimin e k\u00ebsaj skeme mashtrimi financiar.<\/em><\/span><\/p>\n<p><span style=\"color: #000000;\"><em>Rast\u00ebsi kjo apo nj\u00eb veprim i b\u00ebr\u00eb enkas n\u00eb dijeni t\u00eb plot\u00eb t\u00eb SPAK p\u00ebr t\u00eb mos p\u00ebrfshir\u00eb Benn Cak\u00ebn, e p\u00ebr t\u00eb leht\u00ebsuar gruan e tij e p\u00ebr rrjedhoj\u00eb ata q\u00eb e mbrojn\u00eb?!<\/em><\/span><\/p>\n<p><span style=\"color: #000000;\"><em>A thua nuk e dinte gruaja q\u00eb burri po b\u00ebnt\u00eb evazion me pun\u00ebdh\u00ebn\u00ebsin e saj?!<\/em><\/span><\/p>\n<p><span style=\"color: #000000;\"><em>Por ecim m\u00eb tej pasi Benn Caka ka nj\u00eb v\u00eblla q\u00eb quhet Ferdinand Caka i cili ka qen\u00eb ortaku n\u00eb biznes prej shum\u00eb vitesh i Plarent Ndrec\u00ebs.<\/em><\/span><\/p>\n<p><span style=\"color: #000000;\"><em>Xhuljan Caka i biri Ferdinandit, fillimisht dhe ky n\u00eb mosh\u00ebn 20 vje\u00e7are, ka qen\u00eb ortaku n\u00eb biznes i Plarent Ndrec\u00ebs, m\u00eb pas \u00ebsht\u00eb pun\u00ebsuar si Drejtor Juridik pran\u00eb Uj\u00ebsjell\u00ebs Kanalizime Tiran\u00eb, duke vazhduar n\u00eb pozicionin e titullarit n\u00eb sektorin e gjykatave pran\u00eb Drejtoris\u00eb Juridike n\u00eb Bashkin\u00eb Tiran\u00eb, p\u00ebr tu pun\u00ebsuar m\u00eb pas si P\u00ebrgjegj\u00ebs Sektori n\u00eb Ministrin\u00eb e Brend\u00ebshme kur Plarenti ishte Sekretar i P\u00ebrgjithsh\u00ebm i k\u00ebsaj ministrie, nga e cila mbahet mend nga \u00e7do shqiptar p\u00ebr vjedhjen me tenderin famoz t\u00eb uniformave t\u00eb Policis\u00eb s\u00eb Shtetit, afer\u00eb p\u00ebr t\u00eb cil\u00ebn Plarenti u amnistua plot\u00ebsisht nga koleg\u00ebt e Erionit n\u00eb SPAK.<\/em><\/span><\/p>\n<p><span style=\"color: #000000;\"><em>Por p\u00ebr t\u00eb plot\u00ebsuar CV Xhuljan Caka \u00ebsht\u00eb p\u00ebrzgjedhur edhe si trajnues i KZAZ-ve n\u00eb Qarkun e Tiran\u00ebs n\u00eb zgjedhjet moniste t\u00eb vitit 2019.<\/em><\/span><\/p>\n<p><span style=\"color: #000000;\"><em>Ky \u00ebsht\u00eb nj\u00eb rrjet i t\u00ebr\u00eb lidhjesh t\u00eb deputetit Plarent Ndreca, i cili ka patur besimin e plot\u00eb t\u00eb shefit t\u00eb tij politik, pasi q\u00eb n\u00eb vitin 2009 Erion Veliaj e p\u00ebrzgjodhi at\u00eb si kandidat t\u00eb parti\u00e7k\u00ebs G99 n\u00eb qarkun e Lezh\u00ebs, e m\u00eb pas ushtarin e tij e promovoi fuqish\u00ebm gjat\u00eb psuhtetit t\u00eb \u201cRilidnjes\u201d<\/em><\/span><\/p>\n<p><span style=\"color: #000000;\"><em>Sot i takon koleg\u00ebve t\u00eb Erionit n\u00eb SPAK t\u00eb hedhin drit\u00eb mbi faktin se p\u00ebrse Merila Luga, lidhje e ushtarit Plarent Ndreca t\u00eb cil\u00ebs ju besua drejtimi i kompanis\u00eb famoze EM CAPITAL, nuk \u00ebsht\u00eb marr\u00eb kurr\u00eb n\u00eb pyetje dhe nuk \u00ebsht\u00eb ende n\u00ebn hetim.<\/em><\/span><\/p>\n<p><span style=\"color: #000000;\"><em>Kompania EM CAPITAL, sipas gazetar\u00ebve q\u00eb ndjekin SPAK, ka kryer disa transaksione me kompani t\u00eb lidhura me Erion Veliajn, e p\u00ebr t\u00eb cilat sot SPAK ka nisur nj\u00eb hetim pasuror p\u00ebr pronarin faktik t\u00eb Inceneratorit t\u00eb Tiran\u00ebs.<\/em><\/span><\/p>\n<p><span style=\"color: #000000;\"><em>T\u00eb gjitha k\u00ebto informacione un\u00eb do i\u2019a p\u00ebrcjell Struktur\u00ebs Speciale pasi ne kemi marr\u00eb zotim se k\u00ebsaj \u00e7\u00ebshtje do ti shkojm\u00eb deri n\u00eb fund dhe ta harroj\u00eb kushdo q\u00eb mendon se do t\u00eb zgjas\u00eb agonin\u00eb e pronarit faktik t\u00eb Inceneratorit t\u00eb Tiran\u00ebs, se Partia Demokratike do t\u00eb ndalet<\/em><\/span><\/p>\n<p><span style=\"color: #000000;\"><em>Sa p\u00ebr ekspertin e PS n\u00eb Komisionin Hetimor t\u00eb Incenerator\u00ebve, ushtarin e mir\u00eb Plarent Ndreca, dit\u00ebt n\u00eb vijim do t\u00eb b\u00ebjm\u00eb publike faktet sesi ai ka fshehur n\u00eb ILDKPI kompanin\u00eb e tij t\u00eb li\u00e7ensuar me firm\u00ebn e SHEFIT dhe pronat q\u00eb ai me shum\u00eb mund p\u00ebrpiqet t\u00eb fsheh\u00eb n\u00eb jugun e Shqip\u00ebris\u00eb.<\/em><\/span><\/p>\n<p><span style=\"color: #000000;\"><em>S\u00ebrish gjej rastin t\u00eb ftoj koleg\u00ebt e Erionit n\u00eb SPAK, q\u00eb pas posht\u00ebrimit dhe p\u00ebrdorimit publik q\u00eb ky i fundit i ka b\u00ebr\u00eb, t\u00eb marrin kurajo e t\u00eb zbatojn\u00eb ligjin, t\u00eb ngrihen n\u00eb lart\u00ebsin\u00eb e detyr\u00ebs dhe p\u00ebr nj\u00eb moment t\u00eb vet\u00ebm t\u00eb ndalin luft\u00ebn politike me opozit\u00ebn dhe t\u00eb \u00e7ojn\u00eb p\u00ebrpara drejt\u00ebsis\u00eb pronarin faktik t\u00eb Inceneratorit Tiran\u00eb, kreun e Grupit t\u00eb Strukturuar Kriminal 5D, i cili \u00ebsht\u00eb kthyer tashm\u00eb n\u00eb sinonimin e fjal\u00ebs hajdut p\u00ebr \u00e7do qytetar shqiptar.<\/em><\/span><\/p>\n<p><span style=\"color: #000000;\"><em>Ju faleminderit.<\/em><\/span><\/p>\n<p><img decoding=\"async\" src=\"https:\/\/www.panorama.com.al\/wp-content\/uploads\/2024\/10\/117.jpg\" alt=\"1\" \/><\/p>\n<p><img decoding=\"async\" src=\"https:\/\/www.panorama.com.al\/wp-content\/uploads\/2024\/10\/217.jpg\" alt=\"2\" \/><\/p>\n<p><img decoding=\"async\" src=\"https:\/\/www.panorama.com.al\/wp-content\/uploads\/2024\/10\/38.jpg\" alt=\"3\" \/><\/p>\n","protected":false,"gt_translate_keys":[{"key":"rendered","format":"html"}]},"excerpt":{"rendered":"<p>&nbsp; Belind K\u00eblli\u00e7i, p\u00ebrmes nj\u00eb deklarate p\u00ebr media, ka zbuluar gjetjet e reja t\u00eb Grupit t\u00eb Ekspert\u00ebve t\u00eb PD p\u00ebr inceneratorin e Tiran\u00ebs. Sipas tij n\u00eb k\u00ebt\u00eb afer\u00eb, si\u00e7 e cil\u00ebson K\u00eblli\u00e7i, del i p\u00ebrfshir\u00eb edhe deputeti i PS-s\u00eb, Plarent Ndrca. Nd\u00ebr t\u00eb tjera, ai tha se n\u00eb dit\u00ebt n\u00eb vijim do t\u00eb b\u00ebjn\u00eb publike [&hellip;]<\/p>\n","protected":false,"gt_translate_keys":[{"key":"rendered","format":"html"}]},"author":32,"featured_media":704740,"comment_status":"closed","ping_status":"open","sticky":false,"template":"","format":"standard","meta":{"footnotes":""},"categories":[65],"tags":[],"class_list":["post-704739","post","type-post","status-publish","format-standard","has-post-thumbnail","hentry","category-lajme"],"gt_translate_keys":[{"key":"link","format":"url"}],"_links":{"self":[{"href":"https:\/\/www.hashtag.al\/index.php\/wp-json\/wp\/v2\/posts\/704739","targetHints":{"allow":["GET"]}}],"collection":[{"href":"https:\/\/www.hashtag.al\/index.php\/wp-json\/wp\/v2\/posts"}],"about":[{"href":"https:\/\/www.hashtag.al\/index.php\/wp-json\/wp\/v2\/types\/post"}],"author":[{"embeddable":true,"href":"https:\/\/www.hashtag.al\/index.php\/wp-json\/wp\/v2\/users\/32"}],"replies":[{"embeddable":true,"href":"https:\/\/www.hashtag.al\/index.php\/wp-json\/wp\/v2\/comments?post=704739"}],"version-history":[{"count":0,"href":"https:\/\/www.hashtag.al\/index.php\/wp-json\/wp\/v2\/posts\/704739\/revisions"}],"wp:featuredmedia":[{"embeddable":true,"href":"https:\/\/www.hashtag.al\/index.php\/wp-json\/wp\/v2\/media\/704740"}],"wp:attachment":[{"href":"https:\/\/www.hashtag.al\/index.php\/wp-json\/wp\/v2\/media?parent=704739"}],"wp:term":[{"taxonomy":"category","embeddable":true,"href":"https:\/\/www.hashtag.al\/index.php\/wp-json\/wp\/v2\/categories?post=704739"},{"taxonomy":"post_tag","embeddable":true,"href":"https:\/\/www.hashtag.al\/index.php\/wp-json\/wp\/v2\/tags?post=704739"}],"curies":[{"name":"wp","href":"https:\/\/api.w.org\/{rel}","templated":true}]}}