{"id":704712,"date":"2024-10-19T15:38:04","date_gmt":"2024-10-19T13:38:04","guid":{"rendered":"https:\/\/www.hashtag.al\/?p=704712"},"modified":"2024-10-19T15:43:43","modified_gmt":"2024-10-19T13:43:43","slug":"sulm-me-dron-ndaj-shtepise-se-kryeministrit-izraelit-netanyahu","status":"publish","type":"post","link":"https:\/\/www.hashtag.al\/index.php\/2024\/10\/19\/sulm-me-dron-ndaj-shtepise-se-kryeministrit-izraelit-netanyahu\/","title":{"rendered":"Sulm me dron ndaj sht\u00ebpis\u00eb s\u00eb Kryeministrit izraelit","gt_translate_keys":[{"key":"rendered","format":"text"}]},"content":{"rendered":"<p style=\"text-align: left;\"><span style=\"color: #000000;\"><img loading=\"lazy\" decoding=\"async\" class=\"wp-image-704713 aligncenter\" src=\"https:\/\/www.hashtag.al\/wp-content\/uploads\/2024\/10\/Screenshot-2024-10-19-153506-300x171.png\" alt=\"\" width=\"846\" height=\"482\" srcset=\"https:\/\/www.hashtag.al\/wp-content\/uploads\/2024\/10\/Screenshot-2024-10-19-153506-300x171.png 300w, https:\/\/www.hashtag.al\/wp-content\/uploads\/2024\/10\/Screenshot-2024-10-19-153506-1024x584.png 1024w, https:\/\/www.hashtag.al\/wp-content\/uploads\/2024\/10\/Screenshot-2024-10-19-153506-768x438.png 768w, https:\/\/www.hashtag.al\/wp-content\/uploads\/2024\/10\/Screenshot-2024-10-19-153506.png 1056w\" sizes=\"auto, (max-width: 846px) 100vw, 846px\" \/><\/span><\/p>\n<p style=\"text-align: left;\"><span style=\"color: #000000;\">Qeveria izraelite njoftoi se nj\u00eb dron ishte l\u00ebshuar t\u00eb shtun\u00ebn n\u00eb drejtim t\u00eb sht\u00ebpis\u00eb s\u00eb Kryeministrit Benjamin Netanyahu q\u00eb ndodhet n\u00eb qytetin Caesarea.<\/span><\/p>\n<p style=\"text-align: left;\"><span style=\"color: #000000;\">Z\u00ebdh\u00ebn\u00ebsi tha se as zoti Netanyahu dhe as bashk\u00ebshortja e tij nuk ndodheshin n\u00eb sht\u00ebpi dhe se si pasoj\u00eb e sulmit nuk pati viktima.<\/span><\/p>\n<p style=\"text-align: left;\"><span style=\"color: #000000;\">Ky zhvillim vjen nd\u00ebrsa udh\u00ebheq\u00ebsi suprem i Iranit tha se Hamasi do t\u00eb vazhdoj\u00eb luft\u00ebn kund\u00ebr Izraelit edhe pas vrasjes s\u00eb organizatorit t\u00eb sulmit t\u00eb p\u00ebrgjaksh\u00ebm t\u00eb 7 tetorit t\u00eb vitit t\u00eb kaluar.<\/span><\/p>\n<p style=\"text-align: left;\"><span style=\"color: #000000;\">Nd\u00ebrkaq n\u00eb Gaz\u00eb, t\u00eb pakt\u00ebn 50 persona u vran\u00eb si pasoj\u00eb e disa sulmeve izraelite, mes tyre edhe f\u00ebmij\u00eb, njoftuan zyrtar\u00eb t\u00eb sh\u00ebndet\u00ebsis\u00eb, si dhe nj\u00eb gazetar i agjencis\u00eb s\u00eb lajmeve &#8216;AP&#8217;.<\/span><\/p>\n<p style=\"text-align: left;\"><span style=\"color: #000000;\">N\u00eb shtator, rebel\u00ebt Houthi t\u00eb Jemenit l\u00ebshuan nj\u00eb raket\u00eb balistike drejt aeroportit &#8216;Ben Gurion&#8217; nd\u00ebrsa avioni me t\u00eb cilin udh\u00ebtonte zoti Netanyahut po ulej. Raketa u interceptua nga forcat e siguris\u00eb izraelite.<\/span><\/p>\n<p style=\"text-align: left;\"><span style=\"color: #000000;\">Sulmet e s\u00eb shtun\u00ebs ndaj Izrael vijn\u00eb nd\u00ebrsa lufta e k\u00ebtij vendi me grupin militant Hezbollah \u2013 nj\u00eb aleat i Hamasit q\u00eb mb\u00ebshtetet nga Irani \u2013 \u00ebsht\u00eb intensifikuar n\u00eb jav\u00ebt e fundit.<\/span><\/p>\n<p style=\"text-align: left;\"><span style=\"color: #000000;\">Hamasi dhe Hezbollahu jan\u00eb cil\u00ebsuar si organizata terroriste nga Shtetet e Bashkuara, Mbret\u00ebria e Bashkuar, Bashkimi Evropian e t\u00eb tjera vende. Hezbollahu b\u00ebri t\u00eb ditur t\u00eb premten se planifikon t\u00eb nis\u00eb nj\u00eb faz\u00eb t\u00eb re luftimesh duke hedhur m\u00eb shum\u00eb raketa me vet\u00ebdrejtim dhe duke shp\u00ebrthyer dron\u00eb n\u00eb Izrael.<\/span><\/p>\n<p style=\"text-align: left;\"><span style=\"color: #000000;\">Udh\u00ebheq\u00ebsi prej nj\u00eb kohe t\u00eb gjat\u00eb i grupit militant, Hassan Nasrallah, u vra nga nj\u00eb sulm ajror izraelit n\u00eb fund t\u00eb shtatorit dhe shteti hebre d\u00ebrgoi trupa tok\u00ebsore n\u00eb Liban n\u00eb fillim t\u00eb tetorit.<\/span><\/p>\n<p style=\"text-align: left;\"><span style=\"color: #000000;\">Krahas dronit t\u00eb l\u00ebshuar n\u00eb drejtim t\u00eb sht\u00ebpis\u00eb s\u00eb zotit Netanyahut, ushtria izraelite tha se rreth 55 predha ishin q\u00eblluar me bresh\u00ebri nga Libani, n\u00eb dy sulme t\u00eb ve\u00e7anta n\u00eb pjes\u00ebn veriore t\u00eb Izraelin t\u00eb shtun\u00ebn n\u00eb m\u00ebngjes. Disa prej tyre ishin interceptuar tha ushtria nd\u00ebrsa shtoi se deri tani nuk ka njoftime p\u00ebr viktima.<\/span><\/p>\n<p style=\"text-align: left;\"><span style=\"color: #000000;\">Izraeli b\u00ebri gjithashtu t\u00eb ditur t\u00eb shtun\u00ebn se kishte vrar\u00eb z\u00ebvend\u00ebskomandantin e Hezbollahut n\u00eb qytetin jugor t\u00eb Bint Jbeil. Ushtria tha se Nasser Rashid mbik\u00ebqyrte sulmet kund\u00ebr Izraelit.<\/span><\/p>\n<p style=\"text-align: left;\"><span style=\"color: #000000;\">N\u00eb Liban, Ministria e Sh\u00ebndet\u00ebsis\u00eb njoftoi se nj\u00eb sulm ajror izraelit t\u00eb shtun\u00ebn goditi nj\u00eb automjet n\u00eb nj\u00eb autostrad\u00eb kryesore n\u00eb veri t\u00eb Bejrutit, duke vrar\u00eb dy persona. Nuk dihet se kush ndodhej n\u00eb makin\u00eb n\u00eb momentin e sulmit.<\/span><\/p>\n<p style=\"text-align: left;\"><span style=\"color: #000000;\">T\u00eb tjera sulme izraelite godit\u00ebn Gaz\u00ebn t\u00eb shtun\u00ebn. Ministria palestineze e Sh\u00ebndet\u00ebsis\u00eb b\u00ebri t\u00eb ditur n\u00eb nj\u00eb deklarat\u00eb se ishin goditur katet e sip\u00ebrme t\u00eb Spitalit Indonezian n\u00eb Beit Lahiya dhe se trupat izraelite kishin hapur zjarr n\u00eb nd\u00ebrtes\u00ebn e spitalit dhe oborrin e tij, duke shkaktuar panik mes pacient\u00ebve dhe personelit mjek\u00ebsor. N\u00eb spitalin Awda n\u00eb Jabaliya, ishin goditur katet e fundit t\u00eb nd\u00ebrtes\u00ebs, duke plagosur disa pjes\u00ebtar\u00eb t\u00eb personelit, b\u00ebhej e ditur n\u00eb nj\u00eb deklarat\u00eb t\u00eb spitalit.<a href=\"https:\/\/www.zeriamerikes.com\/a\/7828540.html\"><span style=\"color: #0000ff;\"><strong>\/VOA<\/strong><\/span><\/a><\/span><\/p>\n","protected":false,"gt_translate_keys":[{"key":"rendered","format":"html"}]},"excerpt":{"rendered":"<p>Qeveria izraelite njoftoi se nj\u00eb dron ishte l\u00ebshuar t\u00eb shtun\u00ebn n\u00eb drejtim t\u00eb sht\u00ebpis\u00eb s\u00eb Kryeministrit Benjamin Netanyahu q\u00eb ndodhet n\u00eb qytetin Caesarea. Z\u00ebdh\u00ebn\u00ebsi tha se as zoti Netanyahu dhe as bashk\u00ebshortja e tij nuk ndodheshin n\u00eb sht\u00ebpi dhe se si pasoj\u00eb e sulmit nuk pati viktima. Ky zhvillim vjen nd\u00ebrsa udh\u00ebheq\u00ebsi suprem i Iranit [&hellip;]<\/p>\n","protected":false,"gt_translate_keys":[{"key":"rendered","format":"html"}]},"author":49,"featured_media":704713,"comment_status":"closed","ping_status":"open","sticky":false,"template":"","format":"standard","meta":{"footnotes":""},"categories":[6],"tags":[],"class_list":["post-704712","post","type-post","status-publish","format-standard","has-post-thumbnail","hentry","category-nderkombetare"],"gt_translate_keys":[{"key":"link","format":"url"}],"_links":{"self":[{"href":"https:\/\/www.hashtag.al\/index.php\/wp-json\/wp\/v2\/posts\/704712","targetHints":{"allow":["GET"]}}],"collection":[{"href":"https:\/\/www.hashtag.al\/index.php\/wp-json\/wp\/v2\/posts"}],"about":[{"href":"https:\/\/www.hashtag.al\/index.php\/wp-json\/wp\/v2\/types\/post"}],"author":[{"embeddable":true,"href":"https:\/\/www.hashtag.al\/index.php\/wp-json\/wp\/v2\/users\/49"}],"replies":[{"embeddable":true,"href":"https:\/\/www.hashtag.al\/index.php\/wp-json\/wp\/v2\/comments?post=704712"}],"version-history":[{"count":0,"href":"https:\/\/www.hashtag.al\/index.php\/wp-json\/wp\/v2\/posts\/704712\/revisions"}],"wp:featuredmedia":[{"embeddable":true,"href":"https:\/\/www.hashtag.al\/index.php\/wp-json\/wp\/v2\/media\/704713"}],"wp:attachment":[{"href":"https:\/\/www.hashtag.al\/index.php\/wp-json\/wp\/v2\/media?parent=704712"}],"wp:term":[{"taxonomy":"category","embeddable":true,"href":"https:\/\/www.hashtag.al\/index.php\/wp-json\/wp\/v2\/categories?post=704712"},{"taxonomy":"post_tag","embeddable":true,"href":"https:\/\/www.hashtag.al\/index.php\/wp-json\/wp\/v2\/tags?post=704712"}],"curies":[{"name":"wp","href":"https:\/\/api.w.org\/{rel}","templated":true}]}}