{"id":704709,"date":"2024-10-19T15:53:21","date_gmt":"2024-10-19T13:53:21","guid":{"rendered":"https:\/\/www.hashtag.al\/?p=704709"},"modified":"2024-10-19T16:30:29","modified_gmt":"2024-10-19T14:30:29","slug":"franca-premton-mbeshtetje-per-planin-e-ukraines-per-ti-dhene-fund-pushtimit-rus","status":"publish","type":"post","link":"https:\/\/www.hashtag.al\/index.php\/2024\/10\/19\/franca-premton-mbeshtetje-per-planin-e-ukraines-per-ti-dhene-fund-pushtimit-rus\/","title":{"rendered":"Franca premton mb\u00ebshtetje p\u00ebr planin e Ukrain\u00ebs p\u00ebr t\u2019i dh\u00ebn\u00eb fund luft\u00ebs","gt_translate_keys":[{"key":"rendered","format":"text"}]},"content":{"rendered":"<p><span style=\"color: #000000;\"><a href=\"https:\/\/www.hashtag.al\/wp-content\/uploads\/2024\/10\/Screenshot-2024-10-19-162810.png\"><img loading=\"lazy\" decoding=\"async\" class=\"aligncenter size-full wp-image-704726\" src=\"https:\/\/www.hashtag.al\/wp-content\/uploads\/2024\/10\/Screenshot-2024-10-19-162810.png\" alt=\"\" width=\"620\" height=\"360\" srcset=\"https:\/\/www.hashtag.al\/wp-content\/uploads\/2024\/10\/Screenshot-2024-10-19-162810.png 620w, https:\/\/www.hashtag.al\/wp-content\/uploads\/2024\/10\/Screenshot-2024-10-19-162810-300x174.png 300w, https:\/\/www.hashtag.al\/wp-content\/uploads\/2024\/10\/Screenshot-2024-10-19-162810-250x145.png 250w\" sizes=\"auto, (max-width: 620px) 100vw, 620px\" \/><\/a><\/span><\/p>\n<p><span style=\"color: #000000;\">Ministri i Jasht\u00ebm i Franc\u00ebs, Jean-Noel Barrot, \u00ebsht\u00eb zotuar se vendi i tij do ta mb\u00ebshtes\u00eb planin e Ukrain\u00ebs p\u00ebr t\u2019i dh\u00ebn\u00eb fund luft\u00ebs mbi dyvje\u00e7are e gjysm\u00eb me Rusin\u00eb, duke th\u00ebn\u00eb n\u00eb Kiev t\u00eb shtun\u00ebn se do t\u00eb punoj\u00eb me zyrtar\u00eb ukrainas p\u00ebr t\u00eb siguruar mb\u00ebshtetjen e vendeve t\u00eb tjera p\u00ebr k\u00ebt\u00eb plan.<\/span><\/p>\n<p><span style=\"color: #000000;\">Presidenti i Ukrain\u00ebs, Volodymyr Zelensky, e shpalosi k\u00ebt\u00eb jav\u00eb para lider\u00ebve per\u00ebndimor\u00eb \u201cplanin e fitores\u201d s\u00eb Kievit, p\u00ebrmes t\u00eb cilit shpreson se do ta detyroj\u00eb Rusin\u00eb t\u2019i jap\u00eb fund pushtimit t\u00eb Ukrain\u00ebs p\u00ebrmes bisedimeve.<\/span><\/p>\n<p><span style=\"color: #000000;\">Ky plan \u00ebsht\u00eb duke u shqyrtuar nga partner\u00ebt per\u00ebndimor\u00eb t\u00eb Ukrain\u00ebs, mb\u00ebshtetja nga t\u00eb cil\u00ebt ka qen\u00eb jetik n\u00eb p\u00ebrpjekjet e Kievit p\u00ebr t\u2019i b\u00ebr\u00eb ball\u00eb fqinjit t\u00eb vet t\u00eb madh.<\/span><\/p>\n<p><span style=\"color: #000000;\">Nj\u00eb pik\u00eb ky\u00e7e n\u00eb plan \u00ebsht\u00eb k\u00ebrkesa p\u00ebr ftes\u00eb formale p\u00ebr Ukrain\u00ebn p\u00ebr t\u2019u b\u00ebr\u00eb an\u00ebtare e NATO-s, t\u00eb cil\u00ebt mb\u00ebshtet\u00ebsit per\u00ebndimor\u00eb kan\u00eb ngurruar ta shqyrtojn\u00eb pa p\u00ebrfunduar lufta.<\/span><\/p>\n<p><span style=\"color: #000000;\">\u201cNj\u00eb fitore e Rusis\u00eb do t\u00eb ishte p\u00ebrulje para ligjit t\u00eb t\u00eb fortit dhe do ta shtynte rendin nd\u00ebrkomb\u00ebtar drejt kaosit\u201d, tha Barrot n\u00eb nj\u00eb konferenc\u00eb t\u00eb p\u00ebrbashk\u00ebt shtypi me homologun e tij ukrainas, Andrii Sybiha.<\/span><\/p>\n<p><span style=\"color: #000000;\">\u201cKjo \u00ebsht\u00eb arsyeja pse shk\u00ebmbimet tona duhet t\u00eb na mund\u00ebsojn\u00eb t\u00eb sh\u00ebnojm\u00eb p\u00ebrparim n\u00eb planin e fitores s\u00eb presidentit Zelensky dhe t\u2019i bindim sa shum\u00eb vende ta mb\u00ebshtesim at\u00eb\u201d, shtoi ai.<\/span><\/p>\n<p><span style=\"color: #000000;\">Prej kur nisi pushtimi m\u00eb 2022, Franca ka qen\u00eb nj\u00eb nga mb\u00ebshtet\u00ebset m\u00eb t\u00eb fuqishme ushtarake, diplomatike dhe ekonomike t\u00eb Ukrain\u00ebs n\u00eb Evrop\u00eb.<\/span><\/p>\n<p><span style=\"color: #000000;\">Ajo \u00ebsht\u00eb duke e st\u00ebrvitur pajisur nj\u00eb brigad\u00eb t\u00eb re t\u00eb ushtar\u00ebve ukrainas p\u00ebr dislokim n\u00eb vij\u00ebn e par\u00eb t\u00eb frontit.<\/span><\/p>\n<p><span style=\"color: #000000;\">Presidenti francez, Emmanuel Macron, gjithashtu ka b\u00ebr\u00eb thirrje m\u00eb par\u00eb p\u00ebr nj\u00eb ndryshim t\u00eb politik\u00ebs nga aleat\u00ebt per\u00ebndimor\u00eb t\u00eb Ukrain\u00ebs, q\u00eb mund t\u00eb ndryshoj\u00eb natyr\u00ebn e luft\u00ebs \u2013 duke e lejuar Kievin t\u00eb godas\u00eb bazat ushtarake brenda Rusis\u00eb me arm\u00eb t\u00eb sofistikuara me rreze t\u00eb gjat\u00eb veprimi t\u00eb siguruara nga partner\u00ebt per\u00ebndimor\u00eb, q\u00eb p\u00ebrfshijn\u00eb edhe raketat nga Franca.<\/span><\/p>\n<p><span style=\"color: #000000;\">Arm\u00ebt me rreze t\u00eb gjat\u00eb veprimi jan\u00eb pjes\u00eb ky\u00e7e e planit t\u00eb Zelenskyt me pes\u00eb pika, por deri tani aleat\u00ebt e Kievit kan\u00eb ngurruar t\u2019ia japin atij drit\u00ebn jeshile.<\/span><\/p>\n<p><span style=\"color: #000000;\">Barrot gjithashtu njoftoi se Franca do ta kryej\u00eb d\u00ebrges\u00ebn e par\u00eb t\u00eb avion\u00ebve luftarak\u00eb Mirage 2000 n\u00eb Ukrain\u00eb n\u00eb tre muajt e par\u00eb t\u00eb vitit 2025. Pilot\u00ebt dhe mekanik\u00ebt ukrainas jan\u00eb st\u00ebrvitur p\u00ebr t&#8217;i drejtuar dhe mir\u00ebmbajtur ata.<\/span><\/p>\n<p><span style=\"color: #000000;\">\u201cDuke i b\u00ebr\u00eb ball\u00eb pushtuesit me guxim t\u00eb jasht\u00ebzakonsh\u00ebm, ju nuk po luftoni vet\u00ebm p\u00ebr integritetin territorial t\u00eb Ukrain\u00ebs, por gjithashtu po mbani nj\u00eb vij\u00eb t\u00eb frontit q\u00eb ndan Evrop\u00ebn nga Rusia e Vladimir Putinit, q\u00eb ndan lirin\u00eb nga shtypja\u201d, tha ministri francez n\u00eb Kiev.<span style=\"color: #0000ff;\"><strong><a style=\"color: #0000ff;\" href=\"https:\/\/www.evropaelire.org\/a\/franca-premton-mbeshtetje-planin-ukraines\/33164776.html\">\/REL<\/a><\/strong><\/span><\/span><\/p>\n","protected":false,"gt_translate_keys":[{"key":"rendered","format":"html"}]},"excerpt":{"rendered":"<p>Ministri i Jasht\u00ebm i Franc\u00ebs, Jean-Noel Barrot, \u00ebsht\u00eb zotuar se vendi i tij do ta mb\u00ebshtes\u00eb planin e Ukrain\u00ebs p\u00ebr t\u2019i dh\u00ebn\u00eb fund luft\u00ebs mbi dyvje\u00e7are e gjysm\u00eb me Rusin\u00eb, duke th\u00ebn\u00eb n\u00eb Kiev t\u00eb shtun\u00ebn se do t\u00eb punoj\u00eb me zyrtar\u00eb ukrainas p\u00ebr t\u00eb siguruar mb\u00ebshtetjen e vendeve t\u00eb tjera p\u00ebr k\u00ebt\u00eb plan. Presidenti [&hellip;]<\/p>\n","protected":false,"gt_translate_keys":[{"key":"rendered","format":"html"}]},"author":49,"featured_media":704726,"comment_status":"closed","ping_status":"open","sticky":false,"template":"","format":"standard","meta":{"footnotes":""},"categories":[6],"tags":[],"class_list":["post-704709","post","type-post","status-publish","format-standard","has-post-thumbnail","hentry","category-nderkombetare"],"gt_translate_keys":[{"key":"link","format":"url"}],"_links":{"self":[{"href":"https:\/\/www.hashtag.al\/index.php\/wp-json\/wp\/v2\/posts\/704709","targetHints":{"allow":["GET"]}}],"collection":[{"href":"https:\/\/www.hashtag.al\/index.php\/wp-json\/wp\/v2\/posts"}],"about":[{"href":"https:\/\/www.hashtag.al\/index.php\/wp-json\/wp\/v2\/types\/post"}],"author":[{"embeddable":true,"href":"https:\/\/www.hashtag.al\/index.php\/wp-json\/wp\/v2\/users\/49"}],"replies":[{"embeddable":true,"href":"https:\/\/www.hashtag.al\/index.php\/wp-json\/wp\/v2\/comments?post=704709"}],"version-history":[{"count":0,"href":"https:\/\/www.hashtag.al\/index.php\/wp-json\/wp\/v2\/posts\/704709\/revisions"}],"wp:featuredmedia":[{"embeddable":true,"href":"https:\/\/www.hashtag.al\/index.php\/wp-json\/wp\/v2\/media\/704726"}],"wp:attachment":[{"href":"https:\/\/www.hashtag.al\/index.php\/wp-json\/wp\/v2\/media?parent=704709"}],"wp:term":[{"taxonomy":"category","embeddable":true,"href":"https:\/\/www.hashtag.al\/index.php\/wp-json\/wp\/v2\/categories?post=704709"},{"taxonomy":"post_tag","embeddable":true,"href":"https:\/\/www.hashtag.al\/index.php\/wp-json\/wp\/v2\/tags?post=704709"}],"curies":[{"name":"wp","href":"https:\/\/api.w.org\/{rel}","templated":true}]}}