{"id":704640,"date":"2024-10-18T23:27:11","date_gmt":"2024-10-18T21:27:11","guid":{"rendered":"https:\/\/www.hashtag.al\/?p=704640"},"modified":"2024-10-18T23:27:56","modified_gmt":"2024-10-18T21:27:56","slug":"historia-pas-rrjetit-ne-rritje-te-shkollave-franceze-te-financuara-nga-e-djathta-ekstreme-dhe-importimi-i-anti-woke-nga-shba","status":"publish","type":"post","link":"https:\/\/www.hashtag.al\/index.php\/2024\/10\/18\/historia-pas-rrjetit-ne-rritje-te-shkollave-franceze-te-financuara-nga-e-djathta-ekstreme-dhe-importimi-i-anti-woke-nga-shba\/","title":{"rendered":"Historia pas rrjetit n\u00eb rritje t\u00eb shkollave franceze t\u00eb financuara nga e djathta ekstreme dhe importimi i anti-woke nga SHBA","gt_translate_keys":[{"key":"rendered","format":"text"}]},"content":{"rendered":"<p><span style=\"color: #000000;\"><a href=\"https:\/\/www.hashtag.al\/wp-content\/uploads\/2024\/10\/issep-antiwoke.png\"><img loading=\"lazy\" decoding=\"async\" class=\"aligncenter size-full wp-image-704641\" src=\"https:\/\/www.hashtag.al\/wp-content\/uploads\/2024\/10\/issep-antiwoke.png\" alt=\"\" width=\"856\" height=\"608\" srcset=\"https:\/\/www.hashtag.al\/wp-content\/uploads\/2024\/10\/issep-antiwoke.png 856w, https:\/\/www.hashtag.al\/wp-content\/uploads\/2024\/10\/issep-antiwoke-300x213.png 300w, https:\/\/www.hashtag.al\/wp-content\/uploads\/2024\/10\/issep-antiwoke-768x545.png 768w\" sizes=\"auto, (max-width: 856px) 100vw, 856px\" \/><\/a><\/span><\/p>\n<p><span style=\"color: #000000;\">N\u00eb Franc\u00eb, donator\u00ebt kan\u00eb derdhur para n\u00eb institucione q\u00eb p\u00ebrputhen plot\u00ebsisht me vlerat konservatore.<\/span><\/p>\n<p><span style=\"color: #000000;\">&#8220;Si i shkat\u00ebrron jet\u00ebt ideologjia transgjinore?&#8221; thuhet n\u00eb titullin e konferenc\u00ebs s\u00eb fundit t\u00eb mbajtur n\u00eb Institutin e Shkencave Sociale, Ekonomike dhe Politike, ISSEP.<\/span><\/p>\n<p><span style=\"color: #000000;\">Shkolla, e vendosur n\u00eb qytetin francez t\u00eb Lionit, u themelua nga eurodeputetja franceze e ekstremit t\u00eb djatht\u00eb Marion Mar\u00e9chal Le Pen n\u00eb vitin 2018.<\/span><\/p>\n<p><span style=\"color: #000000;\">Mar\u00e9chal Le Pen \u00ebsht\u00eb nj\u00eb ish-deputete e Rally National dhe ish-z\u00ebdh\u00ebn\u00ebse e politikanit t\u00eb ekstremit t\u00eb djatht\u00eb \u00c9ric Zemmour, lider i partis\u00eb Reconqu\u00eate.<\/span><\/p>\n<p><span style=\"color: #000000;\">T\u00eb vendosura n\u00eb nj\u00eb ish zon\u00eb industriale t\u00eb qytetit t\u00eb tret\u00eb m\u00eb t\u00eb madh t\u00eb Franc\u00ebs, nd\u00ebrtesat e shkollave ishin gjithashtu t\u00eb pikturuara me slogane q\u00eb lexonin &#8220;jo nj\u00eb zon\u00eb p\u00ebr fashist\u00ebt&#8221; dhe &#8220;transfob\u00ebt jasht\u00eb nga jeta jon\u00eb&#8221;.<\/span><\/p>\n<p><span style=\"color: #000000;\">Edhe pse fasadat e institucionit mund t\u00eb jen\u00eb pastruar q\u00eb at\u00ebher\u00eb, ideologjia mbetet. N\u00eb fakt, ajo tregon me krenari m\u00ebsimet e saj &#8220;anti-woke&#8221;.<\/span><\/p>\n<p><span style=\"color: #000000;\">ISSEP ofron diploma n\u00eb shkencat politike dhe module n\u00eb fushata politike. Megjithat\u00eb, shteti francez nuk i njeh k\u00ebto kualifikime, k\u00ebshtu q\u00eb shkolla nuk merr fonde publike.<\/span><\/p>\n<p><span style=\"color: #000000;\"><strong>&#8216;Importimi i woke&#8217; vs &#8216;qasja metapolitike&#8217;<\/strong><\/span><\/p>\n<p><span style=\"color: #000000;\">Marion Mar\u00e9chal Le Pen &#8211; mbesa e Marine Le Pen dhe mbesa e Jean-Marie Le Pen &#8211; sh\u00ebrbeu si drejtoresh\u00eb e shkoll\u00ebs deri n\u00eb vitin 2022. M\u00eb pas, ajo hoqi dor\u00eb nga posti i saj, duke p\u00ebrmendur angazhimet e saj zyrtare politike n\u00eb partin\u00eb Reconqu\u00eate t\u00eb Eric Zemmour si p\u00ebrplasje me d\u00ebshir\u00ebn e saj &#8220;p\u00ebr ruajtjen&#8221; &#8220;e pavar\u00ebsis\u00eb&#8221; s\u00eb shkoll\u00ebs.<\/span><\/p>\n<p><span style=\"color: #000000;\">Bashk\u00ebthemeluesi i shkoll\u00ebs, Thibaut Monnier, \u00ebsht\u00eb nj\u00eb deputet n\u00eb detyr\u00eb p\u00ebr partin\u00eb Rally National dhe ish-an\u00ebtar i Reconqu\u00eate.<\/span><\/p>\n<p><span style=\"color: #000000;\">&#8220;<em>Asnj\u00eb nga drejtuesit e shkoll\u00ebs nuk ka nj\u00eb mandat politik<\/em>,&#8221; tha p\u00ebr Euronews Victoria Pourchet, drejtuese e programeve t\u00eb shkoll\u00ebs.<\/span><\/p>\n<p><span style=\"color: #000000;\">Pavar\u00ebsisht k\u00ebsaj, profili i LinkedIn i Monnier ende e tregon at\u00eb si drejtor t\u00eb shkoll\u00ebs, nd\u00ebrsa profili i tij n\u00eb faqen e internetit t\u00eb Asambles\u00eb Komb\u00ebtare Franceze liston nj\u00eb student aktual ISSEP q\u00eb punon p\u00ebr t\u00eb si asistent parlamentar.<\/span><\/p>\n<p><span style=\"color: #000000;\">Pourchet pretendon se sistemi i arsimit t\u00eb lart\u00eb n\u00eb Franc\u00eb &#8220;nuk frym\u00ebzon m\u00eb nj\u00eb thirrje p\u00ebr udh\u00ebheqje, p\u00ebr marrjen e p\u00ebrgjegj\u00ebsis\u00eb, p\u00ebr marrjen e rrezikut dhe p\u00ebrkushtimin&#8221;. Ajo faj\u00ebson p\u00ebr k\u00ebt\u00eb &#8220;ideologjit\u00eb woke t\u00eb importuara nga p\u00ebrtej Atlantikut&#8221;.<\/span><\/p>\n<p><span style=\"color: #000000;\">&#8220;<em>M\u00ebsimi (i sot\u00ebm) bazohet n\u00eb thelb n\u00eb nj\u00eb d\u00ebshir\u00eb p\u00ebr t\u00eb zb\u00ebrthyer metodat, modelet dhe traditat q\u00eb kan\u00eb qen\u00eb forca dhe suksesi i qytet\u00ebrimit evropian p\u00ebr m\u00eb shum\u00eb se 2000 vjet<\/em>,&#8221; shpjegoi ajo.<\/span><\/p>\n<p><span style=\"color: #000000;\"><strong>&#8216;Nj\u00eb anti Science-Po&#8217;<\/strong><\/span><\/p>\n<p><span style=\"color: #000000;\">P\u00ebr ekspert\u00ebt, kjo retorik\u00eb \u00ebsht\u00eb padyshim partiake. &#8220;ISSEP \u00ebsht\u00eb ndoshta universiteti m\u00eb i past\u00ebr ideologjik q\u00eb mb\u00ebshtetet shum\u00eb n\u00eb iden\u00eb e t\u00eb qenit nj\u00eb &#8216;anti-Science Po&#8217;,&#8221; i tha Euronews Wendy Via, bashk\u00ebthemeluese e Projektit Global kund\u00ebr Urrejtjes dhe Ekstremizmit.<\/span><\/p>\n<p><span style=\"color: #000000;\">&#8220;<em>Ajo thuhet se ka qen\u00eb e suksesshme n\u00eb t\u00ebrheqjen e student\u00ebve q\u00eb jan\u00eb an\u00ebtar\u00eb t\u00eb grupeve t\u00eb ekstremit t\u00eb djatht\u00eb n\u00eb Franc\u00eb, t\u00eb tilla si Rally National Rally ose grupi aktivist ekstrem G\u00e9n\u00e9ration Identitaire. N\u00eb Spanj\u00eb, ata me nostalgji p\u00ebr regjimin e (diktatorit fashist Francisco) Franko kan\u00eb gjetur nj\u00eb sht\u00ebpi n\u00eb deg\u00ebn e tyre n\u00eb Madrid<\/em>\u201d, shtoi Via.<\/span><\/p>\n<p><span style=\"color: #000000;\">Q\u00ebllimi i institucionit mund t\u00eb jet\u00eb formimi i gjenerat\u00ebs s\u00eb ardhshme t\u00eb lider\u00ebve politik\u00eb, por edhe nd\u00ebrtimi i nj\u00eb rrjeti t\u00eb q\u00ebndruesh\u00ebm \u00ebsht\u00eb gjithashtu ky\u00e7. N\u00eb fillim t\u00eb k\u00ebtij viti, postimet n\u00eb mediat sociale treguan se shkolla organizoi nj\u00eb ekspedit\u00eb lundrimi t\u00eb t\u00eb diplomuarve.<\/span><\/p>\n<p><span style=\"color: #000000;\">Ajo q\u00eb mund t\u00eb dukej si nj\u00eb aktivitet i zakonsh\u00ebm veror ishte, n\u00eb fakt, nj\u00eb udh\u00ebtim 300 kilometrash me kajak, duke ndjekur hapat e perandorit francez Napoleon Bonaparte.<\/span><\/p>\n<p><span style=\"color: #000000;\">Shkolla ka politikan\u00eb si figura dhe nj\u00eb s\u00ebr\u00eb fol\u00ebsish t\u00eb lidhur me t\u00eb djatht\u00ebn dhe ekstremin e djatht\u00eb.<\/span><\/p>\n<p><span style=\"color: #000000;\">\u201c<em>Duke ftuar an\u00ebtar\u00ebt me kostume dhe kravata t\u00eb s\u00eb djatht\u00ebs ekstreme p\u00ebr t\u00eb dh\u00ebn\u00eb m\u00ebsim ose p\u00ebr t\u00eb folur n\u00eb eventet e tyre ose p\u00ebr t\u00eb marr\u00eb pjes\u00eb n\u00eb konferenca t\u00eb m\u00ebdha jasht\u00eb vendit, kjo vello intelektualizmi i ndihmon ata t\u00eb perceptohen si aktor\u00eb legjitim\u00eb<\/em>\u201d, tha Via.<\/span><\/p>\n<p><span style=\"color: #000000;\">Mes profesor\u00ebve t\u00eb listuar, shum\u00eb prej tyre kan\u00eb diploma m\u00ebsimore t\u00eb njohura nga shteti francez. Megjithat\u00eb, t\u00eb tjer\u00ebt jan\u00eb zhytur n\u00eb polemika t\u00eb kaluara.<\/span><\/p>\n<p><span style=\"color: #000000;\">Nj\u00eb profesor u p\u00ebrball me nj\u00eb ndalim kat\u00ebrvje\u00e7ar nga m\u00ebsimdh\u00ebnia p\u00ebr p\u00ebrfshirjen e tij n\u00eb largimin e dhunsh\u00ebm t\u00eb student\u00ebve q\u00eb protestonin n\u00eb nj\u00eb amfiteat\u00ebr n\u00eb vitin 2018. Nj\u00eb tjet\u00ebr u shfaq n\u00eb gazet\u00ebn e grupit nacionalist pro-monarkis\u00eb s\u00eb ekstremit t\u00eb djatht\u00eb Action Fran\u00e7aise.<\/span><\/p>\n<p><span style=\"color: #000000;\">Nga ana tjet\u00ebr, ISSEP \u00ebsht\u00eb &#8220;jopartiak&#8221; dhe nuk promovon &#8220;nj\u00eb parti, grup apo l\u00ebvizje specifike,&#8221; tha Pourchet.<\/span><\/p>\n<p><span style=\"color: #000000;\">Megjithat\u00eb, &#8220;<em>lufta e sotme politike qart\u00ebsisht nuk mund t\u00eb kufizohet n\u00eb gara t\u00eb thjeshta elektorale ose n\u00eb televizione. Kjo \u00ebsht\u00eb arsyeja pse ISSEP ka miratuar nj\u00eb qasje metapolitike<\/em>,&#8221; shtoi ajo.<\/span><\/p>\n<p><span style=\"color: #000000;\"><strong>Kampusi i Madridit dhe lidhjet me SHBA<\/strong><\/span><\/p>\n<p><span style=\"color: #000000;\">Institucionet q\u00eb mbartin filozofi m\u00ebsimore konservatore &#8211; ose ultra-konservatore &#8211; ekzistojn\u00eb n\u00eb t\u00eb gjith\u00eb Evrop\u00ebn. N\u00eb vitin 2020, kryeministri hungarez Viktor Orb\u00e1n injektoi m\u00eb shum\u00eb se 1.5 miliard\u00eb euro n\u00eb kolegjiumin e tij Mathias Corvinus, duke hapur kampuse n\u00eb disa kryeqytete evropiane, duke p\u00ebrfshir\u00eb Brukselin dhe Vjen\u00ebn.<\/span><\/p>\n<p><span style=\"color: #000000;\">&#8220;<em>Ka edhe lidhje jasht\u00eb vendit. Kolegjiumi Mathias Corvinus (MCC) \u00ebsht\u00eb nj\u00eb partner zyrtar i ISSEP, i cili \u00ebsht\u00eb i rr\u00ebnjosur thell\u00eb n\u00eb rrjetin e propagand\u00ebs Orbanist<\/em>,&#8221; tha Gales.<\/span><\/p>\n<p><span style=\"color: #000000;\">ISSEP hapi gjithashtu nj\u00eb kampus n\u00eb Madrid, ku nj\u00eb pjes\u00eb e stafit m\u00ebsimdh\u00ebn\u00ebs i p\u00ebrkasin partis\u00eb s\u00eb ekstremit t\u00eb djatht\u00eb Vox. Me lidhje n\u00eb t\u00eb gjith\u00eb Evrop\u00ebn, k\u00ebto institucione kan\u00eb k\u00ebrkuar gjithashtu mb\u00ebshtetjen e SHBA-s\u00eb.<\/span><\/p>\n<p><span style=\"color: #000000;\">&#8220;K\u00ebto rrjete franceze kan\u00eb lidhje direkte dhe indirekte me t\u00eb djatht\u00ebn ekstreme amerikane, kryesisht p\u00ebrmes vet\u00eb Marion Mar\u00e9chal-Le Pen. Ajo nuk \u00ebsht\u00eb e huaj p\u00ebr ngjarjet amerikane si CPAC, ku ajo ishte fol\u00ebse n\u00eb 2018 dhe e shpalli ISSEP-in e saj si nj\u00eb model i ardhsh\u00ebm p\u00ebr arsimin e lart\u00eb\u201d, shpjegoi Via.<\/span><\/p>\n<p><span style=\"color: #000000;\"><strong>M\u00ebsime alternative t\u00eb s\u00eb djatht\u00ebs n\u00eb fundjav\u00eb<\/strong><\/span><\/p>\n<p><span style=\"color: #000000;\">N\u00eb vitin 2004, pasi kaloi koh\u00eb n\u00eb SHBA, ish-gazetari konservator Alexandre Pesey themeloi Institutin e Trajnimit Politik (Institut de Formation Politique).<\/span><\/p>\n<p><span style=\"color: #000000;\">\u201cMarion Mar\u00e9chal Le Pen ka th\u00ebn\u00eb se IFP e frym\u00ebzoi at\u00eb p\u00ebr t\u00eb krijuar ISSEP\u201d, tha Pesey p\u00ebr Euronews.<\/span><\/p>\n<p><span style=\"color: #000000;\">Ky nuk \u00ebsht\u00eb nj\u00eb universitet me koh\u00eb t\u00eb plot\u00eb, por nj\u00eb institucion q\u00eb organizon seminare dhe klasa n\u00eb fundjav\u00eb p\u00ebr student\u00ebt. P\u00ebr t&#8217;u pranuar, pjes\u00ebmarr\u00ebsit duhet t\u00eb jen\u00eb n\u00ebn 30 vje\u00e7 dhe t\u00eb ndajn\u00eb vlerat e shkoll\u00ebs.<\/span><\/p>\n<p><span style=\"color: #000000;\">&#8220;Ata jan\u00eb t\u00eb gjith\u00eb njer\u00ebz me etje p\u00ebr kuptim, q\u00eb duan t&#8217;i sh\u00ebrbejn\u00eb bindjeve t\u00eb tyre, t&#8217;i sh\u00ebrbejn\u00eb vendit t\u00eb tyre. Disa p\u00ebrfshihen n\u00eb politik\u00eb, t\u00eb tjer\u00eb n\u00eb shoqata, t\u00eb tjer\u00eb n\u00eb media,&#8221; tha Pesey.<\/span><\/p>\n<p><span style=\"color: #000000;\">\u201cKjo mund t\u00eb jet\u00eb duke pasur nj\u00eb llogari politike n\u00eb Instagram, duke shkuar n\u00eb fushat\u00eb p\u00ebr nj\u00eb parti politike, nd\u00ebrkoh\u00eb q\u00eb disa nga student\u00ebt tan\u00eb t\u00eb tjer\u00eb dalin edhe n\u00eb zgjedhje\u201d, shton ai.<\/span><\/p>\n<p><span style=\"color: #000000;\">N\u00eb vitin 2018, Pesey hapi edhe Institutin e Gazetaris\u00eb s\u00eb Lir\u00eb (Institut Libre Du Journalisme). Deri m\u00eb sot, 200 student\u00eb kan\u00eb marr\u00eb pjes\u00eb n\u00eb kurset e gazetaris\u00eb.<\/span><\/p>\n<p><span style=\"color: #000000;\">Lista e fol\u00ebsve t\u00eb ftuar p\u00ebr t\u00eb folur p\u00ebrfshin Zemmour, t\u00eb cilin OJQ-t\u00eb kund\u00ebr racizmit dhe t\u00eb drejtave civile e kan\u00eb p\u00ebrmendur vazhdimisht p\u00ebr gjuh\u00eb urrejtjeje.<\/span><\/p>\n<p><span style=\"color: #000000;\">Pavar\u00ebsisht gjobave t\u00eb p\u00ebrs\u00ebritura q\u00eb sistemi i drejt\u00ebsis\u00eb franceze ka l\u00ebshuar ndaj politikanit p\u00ebr gjuh\u00ebn e urrejtjes, Pesey shpjegoi se &#8220;n\u00ebse ata kan\u00eb b\u00ebr\u00eb v\u00ebrejtje q\u00eb jan\u00eb problematike, i takon sall\u00ebs s\u00eb gjyqit t\u00eb vendos\u00eb, jo neve&#8221;.<\/span><\/p>\n<p><span style=\"color: #000000;\">&#8220;Ne nuk jemi k\u00ebtu p\u00ebr t\u00eb censuruar dhe sigurisht q\u00eb nuk jemi gjyqtar\u00eb.&#8221;<\/span><\/p>\n<p><span style=\"color: #000000;\"><span style=\"color: #ff0000;\">VINI RE:<\/span> Artikulli \u00ebsht\u00eb pron\u00eb intelektuale e <a href=\"https:\/\/www.euronews.com\/2024\/10\/18\/what-is-the-story-behind-the-growing-network-of-french-far-right-funded-schools-and-univer\"><span style=\"color: #3366ff;\">Euronews<\/span><\/a><\/span><\/p>\n<p><span style=\"color: #000000;\">P\u00ebrshtati p\u00ebr <span style=\"color: #3366ff;\">Hashtag.al<\/span>, Klaudio Agolli<\/span><\/p>\n","protected":false,"gt_translate_keys":[{"key":"rendered","format":"html"}]},"excerpt":{"rendered":"<p>N\u00eb Franc\u00eb, donator\u00ebt kan\u00eb derdhur para n\u00eb institucione q\u00eb p\u00ebrputhen plot\u00ebsisht me vlerat konservatore. &#8220;Si i shkat\u00ebrron jet\u00ebt ideologjia transgjinore?&#8221; thuhet n\u00eb titullin e konferenc\u00ebs s\u00eb fundit t\u00eb mbajtur n\u00eb Institutin e Shkencave Sociale, Ekonomike dhe Politike, ISSEP. Shkolla, e vendosur n\u00eb qytetin francez t\u00eb Lionit, u themelua nga eurodeputetja franceze e ekstremit t\u00eb djatht\u00eb [&hellip;]<\/p>\n","protected":false,"gt_translate_keys":[{"key":"rendered","format":"html"}]},"author":32,"featured_media":704641,"comment_status":"closed","ping_status":"open","sticky":false,"template":"","format":"standard","meta":{"footnotes":""},"categories":[22,13],"tags":[],"class_list":["post-704640","post","type-post","status-publish","format-standard","has-post-thumbnail","hentry","category-ballina","category-te-fundit"],"gt_translate_keys":[{"key":"link","format":"url"}],"_links":{"self":[{"href":"https:\/\/www.hashtag.al\/index.php\/wp-json\/wp\/v2\/posts\/704640","targetHints":{"allow":["GET"]}}],"collection":[{"href":"https:\/\/www.hashtag.al\/index.php\/wp-json\/wp\/v2\/posts"}],"about":[{"href":"https:\/\/www.hashtag.al\/index.php\/wp-json\/wp\/v2\/types\/post"}],"author":[{"embeddable":true,"href":"https:\/\/www.hashtag.al\/index.php\/wp-json\/wp\/v2\/users\/32"}],"replies":[{"embeddable":true,"href":"https:\/\/www.hashtag.al\/index.php\/wp-json\/wp\/v2\/comments?post=704640"}],"version-history":[{"count":0,"href":"https:\/\/www.hashtag.al\/index.php\/wp-json\/wp\/v2\/posts\/704640\/revisions"}],"wp:featuredmedia":[{"embeddable":true,"href":"https:\/\/www.hashtag.al\/index.php\/wp-json\/wp\/v2\/media\/704641"}],"wp:attachment":[{"href":"https:\/\/www.hashtag.al\/index.php\/wp-json\/wp\/v2\/media?parent=704640"}],"wp:term":[{"taxonomy":"category","embeddable":true,"href":"https:\/\/www.hashtag.al\/index.php\/wp-json\/wp\/v2\/categories?post=704640"},{"taxonomy":"post_tag","embeddable":true,"href":"https:\/\/www.hashtag.al\/index.php\/wp-json\/wp\/v2\/tags?post=704640"}],"curies":[{"name":"wp","href":"https:\/\/api.w.org\/{rel}","templated":true}]}}