{"id":704575,"date":"2024-10-18T18:57:55","date_gmt":"2024-10-18T16:57:55","guid":{"rendered":"https:\/\/www.hashtag.al\/?p=704575"},"modified":"2024-10-18T18:57:55","modified_gmt":"2024-10-18T16:57:55","slug":"von-der-leyen-do-te-vizitoje-ballkanin-perendimor-javen-e-ardhshme","status":"publish","type":"post","link":"https:\/\/www.hashtag.al\/index.php\/2024\/10\/18\/von-der-leyen-do-te-vizitoje-ballkanin-perendimor-javen-e-ardhshme\/","title":{"rendered":"Von der Leyen do t\u00eb vizitoj\u00eb Ballkanin Per\u00ebndimor jav\u00ebn e ardhshme","gt_translate_keys":[{"key":"rendered","format":"text"}]},"content":{"rendered":"<p><span style=\"color: #000000;\"><img loading=\"lazy\" decoding=\"async\" class=\" wp-image-704577 aligncenter\" src=\"https:\/\/www.hashtag.al\/wp-content\/uploads\/2024\/10\/Screenshot-2024-10-18-144330-300x173.png\" alt=\"\" width=\"848\" height=\"489\" srcset=\"https:\/\/www.hashtag.al\/wp-content\/uploads\/2024\/10\/Screenshot-2024-10-18-144330-300x173.png 300w, https:\/\/www.hashtag.al\/wp-content\/uploads\/2024\/10\/Screenshot-2024-10-18-144330-1024x590.png 1024w, https:\/\/www.hashtag.al\/wp-content\/uploads\/2024\/10\/Screenshot-2024-10-18-144330-768x442.png 768w, https:\/\/www.hashtag.al\/wp-content\/uploads\/2024\/10\/Screenshot-2024-10-18-144330-250x145.png 250w, https:\/\/www.hashtag.al\/wp-content\/uploads\/2024\/10\/Screenshot-2024-10-18-144330.png 1061w\" sizes=\"auto, (max-width: 848px) 100vw, 848px\" \/><\/span><\/p>\n<p><span style=\"color: #000000;\">Presidentja e Komisionit Evropian (KE), Ursula von der Leyen, do t\u2019i vizitoj\u00eb jav\u00ebn e ardhshme gjasht\u00eb vendet e Ballkanit Per\u00ebndimor, p\u00ebrfshir\u00eb Kosov\u00ebn, p\u00ebr t\u00eb shprehur p\u00ebrkushtimin e saj dhe t\u00eb komisionit p\u00ebr angazhim n\u00eb afrimin e rajonit drejt Bashkimit Evropian.<\/span><\/p>\n<p><span style=\"color: #000000;\">Von der Leyen, e cila n\u00eb ver\u00eb u rizgjodh p\u00ebr nj\u00eb mandat t\u00eb ri pes\u00ebvje\u00e7ar, ka paralajm\u00ebruar se procesin e zgjerimit e ka nd\u00ebr prioritetet kryesore dhe p\u00ebr k\u00ebt\u00eb e ka caktuar nj\u00eb komisionare, e cila do t\u00eb merret vet\u00ebm me zgjerimin e bllokut.<\/span><\/p>\n<p><span style=\"color: #000000;\">Sipas paralajm\u00ebrimeve nga KE-ja, gjat\u00eb vizit\u00ebs n\u00eb rajon Von der Leyen do t\u00eb p\u00ebrqendrohet m\u00eb s\u00eb shumti n\u00eb ndihm\u00ebn q\u00eb BE-ja po u jep vendeve t\u00eb rajonit p\u00ebr p\u00ebrshpejtimin e reformave dhe p\u00ebrgatitjeve p\u00ebr p\u00ebrparim m\u00eb t\u00eb shpejt\u00eb n\u00eb procesin e integrimeve evropiane.<\/span><\/p>\n<p><span style=\"color: #000000;\">Von der Leyen do ta nis\u00eb turneun e saj n\u00eb rajon t\u00eb m\u00ebrkur\u00ebn, m\u00eb 23 tetor, me ndales\u00ebn e par\u00eb Shqip\u00ebrin\u00eb, ku do t\u00eb takohet me presidentin Bajram Begaj dhe kryeministrin Edi Rama. ajo do t\u00eb marr\u00eb pjes\u00eb edhe n\u00eb p\u00ebrurimin e Kampusit t\u00eb Kolegjit Evropian n\u00eb Tiran\u00eb.<\/span><\/p>\n<p><span style=\"color: #000000;\">M\u00eb 24 tetor, ajo do t\u00eb shkoj\u00eb n\u00eb Maqedonin\u00eb e Veriut dhe n\u00eb Bosnje e Hercegovin\u00eb. N\u00eb Bosnje, ajo do t\u2019i vizitoj\u00eb edhe zonat e goditura nga p\u00ebrmbytjet e 4 tetorit, dhe do t\u00eb shpreh gatishm\u00ebrin\u00eb e BE-s\u00eb p\u00ebr t\u00eb ndihmuar n\u00eb p\u00ebrballje me pasojat.<\/span><\/p>\n<p><span style=\"color: #000000;\">N\u00eb Serbi, Von der Leyen do t\u00eb q\u00ebndroj\u00eb m\u00eb 25 tetor, ku do t\u00eb takohet me presidentin serb Aleksandar Vu\u00e7iq.<\/span><\/p>\n<p><span style=\"color: #000000;\">Von der Leyen do t\u00eb udh\u00ebtoj\u00eb pastaj p\u00ebr vizit\u00eb Kosov\u00eb t\u00eb shtun\u00ebn e 26 tetorit, ku do t\u00eb takohet me presidenten Vjosa Osmani dhe kryeministrin Albin Kurti. Vizit\u00ebn n\u00eb rajon ajo do ta p\u00ebrfundoj\u00eb me takimin me lider\u00ebt e Malit t\u00eb Zi t\u00eb shtun\u00ebn n\u00eb Podgoric\u00eb.<\/span><\/p>\n<p><span style=\"color: #000000;\">Vet\u00ebm disa dit\u00eb pas vizit\u00ebs s\u00eb saj, Komisioni Evropian do t\u2019i miratoj\u00eb dhe publikoj\u00eb paket\u00ebn vjetore t\u00eb zgjerimit dhe raportet e progresit p\u00ebr vendet e p\u00ebrfshira n\u00eb k\u00ebt\u00eb proces.<\/span><\/p>\n<p><span style=\"color: #000000;\">Fokusin e ve\u00e7ant\u00eb Von der Leyen do t\u00eb ket\u00eb n\u00eb paket\u00ebn e BE-s\u00eb p\u00ebr rritje dhe reforma n\u00eb Ballkanin Per\u00ebndimor, e cila parasheh ndihm\u00eb financiare prej 6 miliard\u00eb euro p\u00ebr k\u00ebto vende.<\/span><\/p>\n<p><span style=\"color: #000000;\">T\u00eb premten e kaluar, BE-ja i miratoi agjendat e reformave t\u00eb pes\u00eb vendeve t\u00eb Ballkanit Per\u00ebndimor, t\u00eb cilat i kan\u00eb paraqitur ato si kusht p\u00ebr t\u00eb p\u00ebrfituar nga paketa e Planit t\u00eb Rritjes.<\/span><\/p>\n<p><span style=\"color: #000000;\">Kosova, e cila aplikoi p\u00ebr an\u00ebtar\u00ebsim n\u00eb BE m\u00eb\u00a015 dhjetor t\u00eb vitit 2022, mbetet vendi i vet\u00ebm n\u00eb rajon q\u00eb nuk e ka ende statusin e vendit kandidat.<span style=\"color: #0000ff;\"><strong><a style=\"color: #0000ff;\" href=\"https:\/\/www.evropaelire.org\/a\/von-der-leyen-vizitoje-ballkanin-javen-ardhshme\/33163668.html\">\/REL<\/a><\/strong><\/span><\/span><\/p>\n","protected":false,"gt_translate_keys":[{"key":"rendered","format":"html"}]},"excerpt":{"rendered":"<p>Presidentja e Komisionit Evropian (KE), Ursula von der Leyen, do t\u2019i vizitoj\u00eb jav\u00ebn e ardhshme gjasht\u00eb vendet e Ballkanit Per\u00ebndimor, p\u00ebrfshir\u00eb Kosov\u00ebn, p\u00ebr t\u00eb shprehur p\u00ebrkushtimin e saj dhe t\u00eb komisionit p\u00ebr angazhim n\u00eb afrimin e rajonit drejt Bashkimit Evropian. Von der Leyen, e cila n\u00eb ver\u00eb u rizgjodh p\u00ebr nj\u00eb mandat t\u00eb ri pes\u00ebvje\u00e7ar, [&hellip;]<\/p>\n","protected":false,"gt_translate_keys":[{"key":"rendered","format":"html"}]},"author":49,"featured_media":704577,"comment_status":"closed","ping_status":"open","sticky":false,"template":"","format":"standard","meta":{"footnotes":""},"categories":[6],"tags":[],"class_list":["post-704575","post","type-post","status-publish","format-standard","has-post-thumbnail","hentry","category-nderkombetare"],"gt_translate_keys":[{"key":"link","format":"url"}],"_links":{"self":[{"href":"https:\/\/www.hashtag.al\/index.php\/wp-json\/wp\/v2\/posts\/704575","targetHints":{"allow":["GET"]}}],"collection":[{"href":"https:\/\/www.hashtag.al\/index.php\/wp-json\/wp\/v2\/posts"}],"about":[{"href":"https:\/\/www.hashtag.al\/index.php\/wp-json\/wp\/v2\/types\/post"}],"author":[{"embeddable":true,"href":"https:\/\/www.hashtag.al\/index.php\/wp-json\/wp\/v2\/users\/49"}],"replies":[{"embeddable":true,"href":"https:\/\/www.hashtag.al\/index.php\/wp-json\/wp\/v2\/comments?post=704575"}],"version-history":[{"count":0,"href":"https:\/\/www.hashtag.al\/index.php\/wp-json\/wp\/v2\/posts\/704575\/revisions"}],"wp:featuredmedia":[{"embeddable":true,"href":"https:\/\/www.hashtag.al\/index.php\/wp-json\/wp\/v2\/media\/704577"}],"wp:attachment":[{"href":"https:\/\/www.hashtag.al\/index.php\/wp-json\/wp\/v2\/media?parent=704575"}],"wp:term":[{"taxonomy":"category","embeddable":true,"href":"https:\/\/www.hashtag.al\/index.php\/wp-json\/wp\/v2\/categories?post=704575"},{"taxonomy":"post_tag","embeddable":true,"href":"https:\/\/www.hashtag.al\/index.php\/wp-json\/wp\/v2\/tags?post=704575"}],"curies":[{"name":"wp","href":"https:\/\/api.w.org\/{rel}","templated":true}]}}