{"id":704455,"date":"2024-10-18T08:02:32","date_gmt":"2024-10-18T06:02:32","guid":{"rendered":"https:\/\/www.hashtag.al\/?p=704455"},"modified":"2024-10-18T08:02:32","modified_gmt":"2024-10-18T06:02:32","slug":"biden-i-shprehu-obames-dyshime-per-harrisin-ny-post","status":"publish","type":"post","link":"https:\/\/www.hashtag.al\/index.php\/2024\/10\/18\/biden-i-shprehu-obames-dyshime-per-harrisin-ny-post\/","title":{"rendered":"Biden i shprehu Obam\u00ebs dyshime p\u00ebr Harrisin &#8211; NY Post","gt_translate_keys":[{"key":"rendered","format":"text"}]},"content":{"rendered":"<p><span style=\"color: #000000;\"><img loading=\"lazy\" decoding=\"async\" class=\"aligncenter size-full wp-image-704456\" src=\"https:\/\/www.hashtag.al\/wp-content\/uploads\/2024\/10\/bidenobama.png\" alt=\"\" width=\"768\" height=\"432\" srcset=\"https:\/\/www.hashtag.al\/wp-content\/uploads\/2024\/10\/bidenobama.png 768w, https:\/\/www.hashtag.al\/wp-content\/uploads\/2024\/10\/bidenobama-300x169.png 300w\" sizes=\"auto, (max-width: 768px) 100vw, 768px\" \/><\/span><\/p>\n<p><span style=\"color: #000000;\">Presidenti i SHBA-s\u00eb Joe Biden me sa duket ka ndar\u00eb dyshimet e tij p\u00ebr fushat\u00ebn e z\u00ebvend\u00ebspresidentes Kamala Harris me shefin e tij t\u00eb vjet\u00ebr Barack Obama, tha nj\u00eb lexues profesionist i buz\u00ebve p\u00ebr New York Post.<\/span><\/p>\n<p><span style=\"color: #000000;\">Biden dhe Obama u filmuan n\u00eb sh\u00ebrbimin p\u00ebrkujtimor p\u00ebr Ethel Kennedy, gruaja e ish-senatorit amerikan Robert F. Kennedy, n\u00eb Uashington t\u00eb m\u00ebrkur\u00ebn. Kamerat nuk e kap\u00ebn p\u00ebrmbajtjen e bised\u00ebs s\u00eb tyre, ndaj NY Post pun\u00ebsoi nj\u00eb ekspert.<\/span><\/p>\n<p><span style=\"color: #000000;\"><em>&#8220;Ajo nuk \u00ebsht\u00eb aq e fort\u00eb sa un\u00eb,&#8221;<\/em> tha Biden, sipas lexuesit t\u00eb buz\u00ebve.<\/span><\/p>\n<p><span style=\"color: #000000;\"><em>\u201cE di\u2026 kjo \u00ebsht\u00eb e v\u00ebrtet\u00eb\u201d<\/em>, thuhet se u p\u00ebrgjigj Obama, duke shtuar, <em>\u201cKemi koh\u00eb\u201d.<\/em><\/span><\/p>\n<p><span style=\"color: #000000;\"><em>\u201cPo, besoj do arrijm\u00eb n\u00eb koh\u00eb\u201d<\/em>, duket se \u00ebsht\u00eb p\u00ebrgjigjur Biden.<\/span><\/p>\n<p><span style=\"color: #000000;\">Biseda u p\u00ebrkthye nga Jeremy Freeman, nj\u00eb ekspert mjekoligjor i leximit t\u00eb buz\u00ebve me baz\u00eb n\u00eb Lond\u00ebr. I lindur i shurdh\u00ebr, Freeman ka sh\u00ebrbyer si ekspert i certifikuar i policis\u00eb dhe medias p\u00ebr 16 vjet.<\/span><\/p>\n<p><span style=\"color: #000000;\">Sipas transkriptit t\u00eb Freeman, nuk p\u00ebrmendet me em\u00ebr Harris, por \u00ebsht\u00eb e paqart\u00eb se p\u00ebr k\u00eb tjet\u00ebr mund t\u00eb ken\u00eb diskutuar dy demokrat\u00ebt. Ai gjithashtu e p\u00ebrshkroi bised\u00ebn si &#8220;shum\u00eb mb\u00ebshtet\u00ebse&#8221; dhe tha se nuk zbuloi &#8220;asnj\u00eb tension&#8221; midis Obam\u00ebs dhe Bidenit.<\/span><\/p>\n<p><span style=\"color: #000000;\">Z\u00ebdh\u00ebn\u00ebsi i Biden, Andrew Bates &#8220;u tall&#8221; me k\u00ebrkes\u00ebn e NY Post p\u00ebr koment, duke e pyetur median n\u00ebse &#8220;falltari i tyre i zakonsh\u00ebm i krahut t\u00eb djatht\u00eb&#8221; ishte pushim.<\/span><\/p>\n<p><span style=\"color: #000000;\"><em>&#8220;Vet\u00ebm presidenti Biden dhe presidenti Obama e din\u00eb se \u00e7far\u00eb diskutuan, por sigurisht q\u00eb nuk ishte ashtu,&#8221;<\/em> k\u00ebmb\u00ebnguli Bates.<\/span><\/p>\n<p><span style=\"color: #000000;\">Nj\u00eb burim i paidentifikuar i af\u00ebrt me Obam\u00ebn tha gjithashtu se \u00e7\u00ebshtja ishte vet\u00ebm mes tij dhe Bidenit, duke shtuar se &#8220;\u00e7do pohim i kund\u00ebrt \u00ebsht\u00eb qesharak&#8221;.<\/span><\/p>\n<p><span style=\"color: #000000;\">Nj\u00eb tjet\u00ebr demokrat, gjithashtu anonim, komentoi se Harris &#8220;nuk ishte nj\u00eb alternativ\u00eb e fort\u00eb ndaj Bidenit&#8221; dhe se partia tani &#8220;\u00ebsht\u00eb e mb\u00ebrthyer n\u00eb nj\u00eb anije m\u00eb pak t\u00eb p\u00eblqyeshme q\u00eb fundoset&#8221;.<\/span><\/p>\n","protected":false,"gt_translate_keys":[{"key":"rendered","format":"html"}]},"excerpt":{"rendered":"<p>Presidenti i SHBA-s\u00eb Joe Biden me sa duket ka ndar\u00eb dyshimet e tij p\u00ebr fushat\u00ebn e z\u00ebvend\u00ebspresidentes Kamala Harris me shefin e tij t\u00eb vjet\u00ebr Barack Obama, tha nj\u00eb lexues profesionist i buz\u00ebve p\u00ebr New York Post. Biden dhe Obama u filmuan n\u00eb sh\u00ebrbimin p\u00ebrkujtimor p\u00ebr Ethel Kennedy, gruaja e ish-senatorit amerikan Robert F. Kennedy, [&hellip;]<\/p>\n","protected":false,"gt_translate_keys":[{"key":"rendered","format":"html"}]},"author":51,"featured_media":704456,"comment_status":"closed","ping_status":"open","sticky":false,"template":"","format":"standard","meta":{"footnotes":""},"categories":[53],"tags":[],"class_list":["post-704455","post","type-post","status-publish","format-standard","has-post-thumbnail","hentry","category-fast-foodi"],"gt_translate_keys":[{"key":"link","format":"url"}],"_links":{"self":[{"href":"https:\/\/www.hashtag.al\/index.php\/wp-json\/wp\/v2\/posts\/704455","targetHints":{"allow":["GET"]}}],"collection":[{"href":"https:\/\/www.hashtag.al\/index.php\/wp-json\/wp\/v2\/posts"}],"about":[{"href":"https:\/\/www.hashtag.al\/index.php\/wp-json\/wp\/v2\/types\/post"}],"author":[{"embeddable":true,"href":"https:\/\/www.hashtag.al\/index.php\/wp-json\/wp\/v2\/users\/51"}],"replies":[{"embeddable":true,"href":"https:\/\/www.hashtag.al\/index.php\/wp-json\/wp\/v2\/comments?post=704455"}],"version-history":[{"count":0,"href":"https:\/\/www.hashtag.al\/index.php\/wp-json\/wp\/v2\/posts\/704455\/revisions"}],"wp:featuredmedia":[{"embeddable":true,"href":"https:\/\/www.hashtag.al\/index.php\/wp-json\/wp\/v2\/media\/704456"}],"wp:attachment":[{"href":"https:\/\/www.hashtag.al\/index.php\/wp-json\/wp\/v2\/media?parent=704455"}],"wp:term":[{"taxonomy":"category","embeddable":true,"href":"https:\/\/www.hashtag.al\/index.php\/wp-json\/wp\/v2\/categories?post=704455"},{"taxonomy":"post_tag","embeddable":true,"href":"https:\/\/www.hashtag.al\/index.php\/wp-json\/wp\/v2\/tags?post=704455"}],"curies":[{"name":"wp","href":"https:\/\/api.w.org\/{rel}","templated":true}]}}