{"id":704335,"date":"2024-10-17T12:54:56","date_gmt":"2024-10-17T10:54:56","guid":{"rendered":"https:\/\/www.hashtag.al\/?p=704335"},"modified":"2024-10-17T12:59:10","modified_gmt":"2024-10-17T10:59:10","slug":"pse-mu-desh-ta-degjoj-dy-here-ditmir-bushatin","status":"publish","type":"post","link":"https:\/\/www.hashtag.al\/index.php\/2024\/10\/17\/pse-mu-desh-ta-degjoj-dy-here-ditmir-bushatin\/","title":{"rendered":"Pse m\u2019u desh ta d\u00ebgjoj dy her\u00eb Ditmir Bushatin","gt_translate_keys":[{"key":"rendered","format":"text"}]},"content":{"rendered":"<p><img loading=\"lazy\" decoding=\"async\" class=\"aligncenter size-full wp-image-288265\" src=\"https:\/\/www.hashtag.al\/wp-content\/uploads\/2019\/04\/irenabeqiraj-e1672761560277.jpg\" alt=\"\" width=\"494\" height=\"391\" srcset=\"https:\/\/www.hashtag.al\/wp-content\/uploads\/2019\/04\/irenabeqiraj-e1672761560277.jpg 494w, https:\/\/www.hashtag.al\/wp-content\/uploads\/2019\/04\/irenabeqiraj-e1672761560277-300x237.jpg 300w\" sizes=\"auto, (max-width: 494px) 100vw, 494px\" \/><\/p>\n<p><em><strong><span style=\"color: #000000;\">Nga Irena Beqiraj<\/span><\/strong><\/em><\/p>\n<p><span style=\"color: #000000;\">Nd\u00ebrsa po ndiqja intervist\u00ebn e Ditmir Bushatit n\u00eb Top Story, e pata t\u00eb v\u00ebshtir\u00eb t\u00eb p\u00ebrqendrohesha, edhe pse zakonisht nuk m\u00eb ndodh t\u00eb kem probleme me p\u00ebrq\u00ebndrimin.<\/span><\/p>\n<p><span style=\"color: #000000;\">Arsyeja nuk lidhej me qart\u00ebsin\u00eb e mesazheve t\u00eb Bushatit.\u00a0 Ai \u00ebsht\u00eb i qart\u00eb si kristali sa her\u00eb q\u00eb flet apo shkruan qerratai.<\/span><\/p>\n<p><span style=\"color: #000000;\">Por, nj\u00eb pyetje e \u00e7uditshme m\u00eb rrotullohej n\u00eb mendje:<\/span><\/p>\n<p><span style=\"color: #000000;\">\u00c7far\u00eb do ndodhte n\u00ebse Adi Krasta, Blendi Fevziu , Ylli Rakipi , Luan Rama (vendosni k\u00eb em\u00ebr t\u00eb doni) do te visheshin me nj\u00eb fustanell\u00eb gjat\u00eb nj\u00eb interviste politike?<\/span><\/p>\n<p><span style=\"color: #000000;\">Eleganc\u00ebn, k\u00ebmb\u00ebnguljen, men\u00e7urin\u00eb, bukurin\u00eb, brisht\u00ebsin\u00eb, sensualitetin, sportivitetin, mir\u00ebqenien, identitetin apo edhe\u00a0 munges\u00ebn e tij, si burrat edhe grat\u00eb e p\u00ebrcjellin pa u ven\u00eb re me an\u00eb t\u00eb veshjes. Zgjedhja e veshjes i p\u00ebrshtatet kontekstit t\u00eb situatatave dhe konteksti i situatave \u00ebsht\u00eb edhe p\u00ebrcakuesi i par\u00eb i veshjes.<\/span><\/p>\n<p><span style=\"color: #000000;\">Intervistat politike k\u00ebrkojn\u00eb monotoni elegante, me an\u00eb t\u00eb s\u00eb cil\u00ebs b\u00ebhet e mundur t\u00eb drejtohet v\u00ebmendja e \u00e7do shikuesi tek d\u00ebgjimi i kujdesh\u00ebm i t\u00eb ftuarit, edhe aspak tek deshifrimi i lodhsh\u00ebm i pamjes q\u00eb kane p\u00ebrpara.<\/span><\/p>\n<p><span style=\"color: #000000;\">Shpesh gazetaret, sidomos ato q\u00eb merren me temat politike, duke u munduar t\u00eb bien n\u00eb sy p\u00ebr &#8220;stilin e tyre alternativ&#8221;, adoptojn\u00eb tendencat dinamike t\u00eb veshjeve n\u00eb kultur\u00ebn bashk\u00ebkohore, duke komunikuar k\u00ebshtu sa her\u00eb dalin n\u00eb publik ose nj\u00eb kriz\u00eb t\u00eb r\u00ebnd\u00eb identiteti personal, ose nj\u00eb nevoj\u00eb p\u00ebr t\u00eb p\u00ebrdorur t\u00ebrheqjen e v\u00ebmendjes me \u00e7do kusht p\u00ebr m\u00eb shum\u00eb klikime, duke e shnd\u00ebrruar veten t\u00eb ngjajshme me lodrat q\u00eb u dhurohen f\u00ebmij\u00ebve n\u00eb kutit\u00eb e patatinave. Padyshim ia dalin t\u00eb marrin v\u00ebmendje por &#8220;zhurmojn\u00eb&#8221; intervist\u00ebn.<\/span><\/p>\n<p><span style=\"color: #000000;\">Ndaj edhe m\u2019u desh ta degjoja p\u00ebr her\u00eb t\u00eb dyt\u00eb Ditmir Bushatin n\u00eb emisionin e Erla M\u00ebhillit, p\u00ebr t\u00eb shijuar komunikimin e tij brilant!<\/span><\/p>\n<p><img loading=\"lazy\" decoding=\"async\" class=\"aligncenter size-full wp-image-704339\" src=\"https:\/\/www.hashtag.al\/wp-content\/uploads\/2024\/10\/462630923_1101750101348857_6865121960402364470_n-e1729162706582.jpg\" alt=\"\" width=\"1631\" height=\"877\" srcset=\"https:\/\/www.hashtag.al\/wp-content\/uploads\/2024\/10\/462630923_1101750101348857_6865121960402364470_n-e1729162706582.jpg 1631w, https:\/\/www.hashtag.al\/wp-content\/uploads\/2024\/10\/462630923_1101750101348857_6865121960402364470_n-e1729162706582-300x161.jpg 300w, https:\/\/www.hashtag.al\/wp-content\/uploads\/2024\/10\/462630923_1101750101348857_6865121960402364470_n-e1729162706582-1024x551.jpg 1024w, https:\/\/www.hashtag.al\/wp-content\/uploads\/2024\/10\/462630923_1101750101348857_6865121960402364470_n-e1729162706582-768x413.jpg 768w, https:\/\/www.hashtag.al\/wp-content\/uploads\/2024\/10\/462630923_1101750101348857_6865121960402364470_n-e1729162706582-1536x826.jpg 1536w\" sizes=\"auto, (max-width: 1631px) 100vw, 1631px\" \/><\/p>\n","protected":false,"gt_translate_keys":[{"key":"rendered","format":"html"}]},"excerpt":{"rendered":"<p>Nga Irena Beqiraj Nd\u00ebrsa po ndiqja intervist\u00ebn e Ditmir Bushatit n\u00eb Top Story, e pata t\u00eb v\u00ebshtir\u00eb t\u00eb p\u00ebrqendrohesha, edhe pse zakonisht nuk m\u00eb ndodh t\u00eb kem probleme me p\u00ebrq\u00ebndrimin. Arsyeja nuk lidhej me qart\u00ebsin\u00eb e mesazheve t\u00eb Bushatit.\u00a0 Ai \u00ebsht\u00eb i qart\u00eb si kristali sa her\u00eb q\u00eb flet apo shkruan qerratai. Por, nj\u00eb pyetje [&hellip;]<\/p>\n","protected":false,"gt_translate_keys":[{"key":"rendered","format":"html"}]},"author":51,"featured_media":683418,"comment_status":"closed","ping_status":"open","sticky":false,"template":"","format":"standard","meta":{"footnotes":""},"categories":[23],"tags":[],"class_list":["post-704335","post","type-post","status-publish","format-standard","has-post-thumbnail","hentry","category-editorial"],"gt_translate_keys":[{"key":"link","format":"url"}],"_links":{"self":[{"href":"https:\/\/www.hashtag.al\/index.php\/wp-json\/wp\/v2\/posts\/704335","targetHints":{"allow":["GET"]}}],"collection":[{"href":"https:\/\/www.hashtag.al\/index.php\/wp-json\/wp\/v2\/posts"}],"about":[{"href":"https:\/\/www.hashtag.al\/index.php\/wp-json\/wp\/v2\/types\/post"}],"author":[{"embeddable":true,"href":"https:\/\/www.hashtag.al\/index.php\/wp-json\/wp\/v2\/users\/51"}],"replies":[{"embeddable":true,"href":"https:\/\/www.hashtag.al\/index.php\/wp-json\/wp\/v2\/comments?post=704335"}],"version-history":[{"count":0,"href":"https:\/\/www.hashtag.al\/index.php\/wp-json\/wp\/v2\/posts\/704335\/revisions"}],"wp:featuredmedia":[{"embeddable":true,"href":"https:\/\/www.hashtag.al\/index.php\/wp-json\/wp\/v2\/media\/683418"}],"wp:attachment":[{"href":"https:\/\/www.hashtag.al\/index.php\/wp-json\/wp\/v2\/media?parent=704335"}],"wp:term":[{"taxonomy":"category","embeddable":true,"href":"https:\/\/www.hashtag.al\/index.php\/wp-json\/wp\/v2\/categories?post=704335"},{"taxonomy":"post_tag","embeddable":true,"href":"https:\/\/www.hashtag.al\/index.php\/wp-json\/wp\/v2\/tags?post=704335"}],"curies":[{"name":"wp","href":"https:\/\/api.w.org\/{rel}","templated":true}]}}