{"id":704325,"date":"2024-10-17T12:43:55","date_gmt":"2024-10-17T10:43:55","guid":{"rendered":"https:\/\/www.hashtag.al\/?p=704325"},"modified":"2024-10-17T12:43:55","modified_gmt":"2024-10-17T10:43:55","slug":"do-ju-terheqim-zvarre-si-enver-hoxhen-noka-kercenon-ministrin-e-brendshem-dhe-spiropalin","status":"publish","type":"post","link":"https:\/\/www.hashtag.al\/index.php\/2024\/10\/17\/do-ju-terheqim-zvarre-si-enver-hoxhen-noka-kercenon-ministrin-e-brendshem-dhe-spiropalin\/","title":{"rendered":"&#8220;Do ju t\u00ebrheqim zvarr\u00eb si Enver Hoxh\u00ebn&#8221;, Noka k\u00ebrc\u00ebnon ministrin e Brendsh\u00ebm dhe Spiropalin","gt_translate_keys":[{"key":"rendered","format":"text"}]},"content":{"rendered":"<p><em><img loading=\"lazy\" decoding=\"async\" class=\" wp-image-701803 aligncenter\" src=\"https:\/\/www.hashtag.al\/wp-content\/uploads\/2024\/10\/noka-300x167.png\" alt=\"\" width=\"866\" height=\"482\" srcset=\"https:\/\/www.hashtag.al\/wp-content\/uploads\/2024\/10\/noka-300x167.png 300w, https:\/\/www.hashtag.al\/wp-content\/uploads\/2024\/10\/noka-768x428.png 768w, https:\/\/www.hashtag.al\/wp-content\/uploads\/2024\/10\/noka.png 968w\" sizes=\"auto, (max-width: 866px) 100vw, 866px\" \/><\/em><\/p>\n<p style=\"text-align: left;\"><span style=\"color: #000000;\">Deputet\u00ebt e opozit\u00ebs pretendojn\u00eb se efektiv\u00ebt i kan\u00eb vendosur arm\u00ebn n\u00eb gjoks deputetit Luan Ba\u00e7i duke e k\u00ebrc\u00ebnuar at\u00eb.<\/span><\/p>\n<p style=\"text-align: left;\"><span style=\"color: #000000;\">Sekretari i P\u00ebrgjithsh\u00ebm i Partis\u00eb Demokratike Flamur Noka, ka k\u00ebrc\u00ebnuar ministrin e Brendsh\u00ebm Ervin Hoxh\u00ebn.<\/span><\/p>\n<p><em><br \/>\n&#8220;Nipi i Enver Hoxh\u00ebs mund t\u00eb rrij\u00eb n\u00eb krye t\u00eb ministris\u00eb por kujto q\u00eb e kemi t\u00ebrhequr zvarr\u00eb Hoxh\u00ebn.<\/em><br \/>\n<em>Ashtu do t\u00ebrhiqesh edhe ti dhe Elisa&#8221;,<\/em>\u00a0 u shpreh Noka.<\/p>\n","protected":false,"gt_translate_keys":[{"key":"rendered","format":"html"}]},"excerpt":{"rendered":"<p>Deputet\u00ebt e opozit\u00ebs pretendojn\u00eb se efektiv\u00ebt i kan\u00eb vendosur arm\u00ebn n\u00eb gjoks deputetit Luan Ba\u00e7i duke e k\u00ebrc\u00ebnuar at\u00eb. Sekretari i P\u00ebrgjithsh\u00ebm i Partis\u00eb Demokratike Flamur Noka, ka k\u00ebrc\u00ebnuar ministrin e Brendsh\u00ebm Ervin Hoxh\u00ebn. &#8220;Nipi i Enver Hoxh\u00ebs mund t\u00eb rrij\u00eb n\u00eb krye t\u00eb ministris\u00eb por kujto q\u00eb e kemi t\u00ebrhequr zvarr\u00eb Hoxh\u00ebn. Ashtu do [&hellip;]<\/p>\n","protected":false,"gt_translate_keys":[{"key":"rendered","format":"html"}]},"author":49,"featured_media":701803,"comment_status":"closed","ping_status":"open","sticky":false,"template":"","format":"standard","meta":{"footnotes":""},"categories":[65],"tags":[],"class_list":["post-704325","post","type-post","status-publish","format-standard","has-post-thumbnail","hentry","category-lajme"],"gt_translate_keys":[{"key":"link","format":"url"}],"_links":{"self":[{"href":"https:\/\/www.hashtag.al\/index.php\/wp-json\/wp\/v2\/posts\/704325","targetHints":{"allow":["GET"]}}],"collection":[{"href":"https:\/\/www.hashtag.al\/index.php\/wp-json\/wp\/v2\/posts"}],"about":[{"href":"https:\/\/www.hashtag.al\/index.php\/wp-json\/wp\/v2\/types\/post"}],"author":[{"embeddable":true,"href":"https:\/\/www.hashtag.al\/index.php\/wp-json\/wp\/v2\/users\/49"}],"replies":[{"embeddable":true,"href":"https:\/\/www.hashtag.al\/index.php\/wp-json\/wp\/v2\/comments?post=704325"}],"version-history":[{"count":0,"href":"https:\/\/www.hashtag.al\/index.php\/wp-json\/wp\/v2\/posts\/704325\/revisions"}],"wp:featuredmedia":[{"embeddable":true,"href":"https:\/\/www.hashtag.al\/index.php\/wp-json\/wp\/v2\/media\/701803"}],"wp:attachment":[{"href":"https:\/\/www.hashtag.al\/index.php\/wp-json\/wp\/v2\/media?parent=704325"}],"wp:term":[{"taxonomy":"category","embeddable":true,"href":"https:\/\/www.hashtag.al\/index.php\/wp-json\/wp\/v2\/categories?post=704325"},{"taxonomy":"post_tag","embeddable":true,"href":"https:\/\/www.hashtag.al\/index.php\/wp-json\/wp\/v2\/tags?post=704325"}],"curies":[{"name":"wp","href":"https:\/\/api.w.org\/{rel}","templated":true}]}}