{"id":704276,"date":"2024-10-17T10:44:42","date_gmt":"2024-10-17T08:44:42","guid":{"rendered":"https:\/\/www.hashtag.al\/?p=704276"},"modified":"2024-10-17T10:44:42","modified_gmt":"2024-10-17T08:44:42","slug":"brace-kujton-97-en-kam-hyre-ne-kete-kuvend-i-lare-ne-gjak","status":"publish","type":"post","link":"https:\/\/www.hashtag.al\/index.php\/2024\/10\/17\/brace-kujton-97-en-kam-hyre-ne-kete-kuvend-i-lare-ne-gjak\/","title":{"rendered":"Bra\u00e7e kujton \u201897-\u00ebn: \u201cKam hyr\u00eb n\u00eb k\u00ebt\u00eb Kuvend i lar\u00eb n\u00eb gjak","gt_translate_keys":[{"key":"rendered","format":"text"}]},"content":{"rendered":"<p><img loading=\"lazy\" decoding=\"async\" class=\"aligncenter size-full wp-image-704279\" src=\"https:\/\/www.hashtag.al\/wp-content\/uploads\/2024\/10\/brace-1.jpg\" alt=\"\" width=\"1127\" height=\"661\" srcset=\"https:\/\/www.hashtag.al\/wp-content\/uploads\/2024\/10\/brace-1.jpg 1127w, https:\/\/www.hashtag.al\/wp-content\/uploads\/2024\/10\/brace-1-300x176.jpg 300w, https:\/\/www.hashtag.al\/wp-content\/uploads\/2024\/10\/brace-1-1024x601.jpg 1024w, https:\/\/www.hashtag.al\/wp-content\/uploads\/2024\/10\/brace-1-768x450.jpg 768w\" sizes=\"auto, (max-width: 1127px) 100vw, 1127px\" \/><\/p>\n<p><span style=\"color: #000000;\">Deputeti socialist Bra\u00e7e ka kujtuar vitin 1997 teksa replikoi me demokrat\u00ebt n\u00eb Kuvend. <\/span><\/p>\n<p><span style=\"color: #000000;\">Ai tha se kishte hyr\u00eb n\u00eb sall\u00eb i lar\u00eb n\u00eb gjak n\u00eb koh\u00ebn kur Tirana ishte e rrethuar me gardh hekuri dhe kur kreu i PD-s\u00eb asokohe Berisha i dhunonte. <\/span><\/p>\n<p><span style=\"color: #000000;\">Socialisti u b\u00ebri thirrje demokrat\u00ebve q\u00eb t\u00eb lejojn\u00eb t\u00eb hyjn\u00eb brenda deputet\u00ebt e pad\u00ebnuar.<\/span><\/p>\n<p><span style=\"color: #000000;\"><em>\u201cThirrje PD t\u00eb lejoj\u00eb deputet\u00ebt e pad\u00ebnuar t\u00eb hyjn\u00eb n\u00eb sall\u00eb. Nuk e kan\u00eb me Kuvendin, kjo \u00ebsht\u00eb historia.<\/em><\/span><\/p>\n<p><span style=\"color: #000000;\"><em>Ne fol\u00ebm p\u00ebr at\u00eb q\u00eb ndodhi 2 dit\u00eb m\u00eb par\u00eb, q\u00eb ka t\u00eb b\u00ebj\u00eb me t\u00eb ardhmen e Shqip\u00ebris\u00eb, jo t\u00eb shkuar\u00ebs. K\u00ebtu ka 2 vot\u00eb, nj\u00eb q\u00eb k\u00ebrkon t\u00eb mbaj\u00eb vendin n\u00eb t\u00eb shkuar\u00ebn dhe nj\u00eb q\u00eb punon p\u00ebr t\u00eb ardhmen.<\/em><\/span><\/p>\n<p><span style=\"color: #000000;\"><em>Un\u00eb kam hyr\u00eb n\u00eb Kuvend i lar\u00eb n\u00eb gjak dhe kur kam hyr\u00eb n\u00eb k\u00ebt\u00eb sall\u00eb n\u00eb 1997 Tirana nuk ishte m\u00eb gardh hekuri p\u00ebr t\u00eb rregulluar hyrjen e disa nj\u00ebr\u00ebzve q\u00eb duhet t\u00eb hyjn\u00eb normalisht, por ishte n\u00eb shtetrrethim. Kreu i PD vinte k\u00ebtu e na sulmonte ne. Historia p\u00ebrs\u00ebritet, por sot po p\u00ebrs\u00ebritet komike.\u201d<\/em> &#8211; tha Bra\u00e7e.<\/span><\/p>\n","protected":false,"gt_translate_keys":[{"key":"rendered","format":"html"}]},"excerpt":{"rendered":"<p>Deputeti socialist Bra\u00e7e ka kujtuar vitin 1997 teksa replikoi me demokrat\u00ebt n\u00eb Kuvend. Ai tha se kishte hyr\u00eb n\u00eb sall\u00eb i lar\u00eb n\u00eb gjak n\u00eb koh\u00ebn kur Tirana ishte e rrethuar me gardh hekuri dhe kur kreu i PD-s\u00eb asokohe Berisha i dhunonte. Socialisti u b\u00ebri thirrje demokrat\u00ebve q\u00eb t\u00eb lejojn\u00eb t\u00eb hyjn\u00eb brenda deputet\u00ebt [&hellip;]<\/p>\n","protected":false,"gt_translate_keys":[{"key":"rendered","format":"html"}]},"author":51,"featured_media":704279,"comment_status":"closed","ping_status":"open","sticky":false,"template":"","format":"standard","meta":{"footnotes":""},"categories":[65],"tags":[],"class_list":["post-704276","post","type-post","status-publish","format-standard","has-post-thumbnail","hentry","category-lajme"],"gt_translate_keys":[{"key":"link","format":"url"}],"_links":{"self":[{"href":"https:\/\/www.hashtag.al\/index.php\/wp-json\/wp\/v2\/posts\/704276","targetHints":{"allow":["GET"]}}],"collection":[{"href":"https:\/\/www.hashtag.al\/index.php\/wp-json\/wp\/v2\/posts"}],"about":[{"href":"https:\/\/www.hashtag.al\/index.php\/wp-json\/wp\/v2\/types\/post"}],"author":[{"embeddable":true,"href":"https:\/\/www.hashtag.al\/index.php\/wp-json\/wp\/v2\/users\/51"}],"replies":[{"embeddable":true,"href":"https:\/\/www.hashtag.al\/index.php\/wp-json\/wp\/v2\/comments?post=704276"}],"version-history":[{"count":0,"href":"https:\/\/www.hashtag.al\/index.php\/wp-json\/wp\/v2\/posts\/704276\/revisions"}],"wp:featuredmedia":[{"embeddable":true,"href":"https:\/\/www.hashtag.al\/index.php\/wp-json\/wp\/v2\/media\/704279"}],"wp:attachment":[{"href":"https:\/\/www.hashtag.al\/index.php\/wp-json\/wp\/v2\/media?parent=704276"}],"wp:term":[{"taxonomy":"category","embeddable":true,"href":"https:\/\/www.hashtag.al\/index.php\/wp-json\/wp\/v2\/categories?post=704276"},{"taxonomy":"post_tag","embeddable":true,"href":"https:\/\/www.hashtag.al\/index.php\/wp-json\/wp\/v2\/tags?post=704276"}],"curies":[{"name":"wp","href":"https:\/\/api.w.org\/{rel}","templated":true}]}}