{"id":704271,"date":"2024-10-17T10:39:52","date_gmt":"2024-10-17T08:39:52","guid":{"rendered":"https:\/\/www.hashtag.al\/?p=704271"},"modified":"2024-10-17T10:39:52","modified_gmt":"2024-10-17T08:39:52","slug":"ne-1997-tirana-nuk-ishte-me-gardh-hekuri-por-ne-shtetrrethim-brace-komike-historia-perseritet","status":"publish","type":"post","link":"https:\/\/www.hashtag.al\/index.php\/2024\/10\/17\/ne-1997-tirana-nuk-ishte-me-gardh-hekuri-por-ne-shtetrrethim-brace-komike-historia-perseritet\/","title":{"rendered":"&#8220;N\u00eb 1997 Tirana nuk ishte me gardh hekuri por n\u00eb shtetrrethim&#8221;, Bra\u00e7e: Komike, historia p\u00ebrs\u00ebritet","gt_translate_keys":[{"key":"rendered","format":"text"}]},"content":{"rendered":"<p><img loading=\"lazy\" decoding=\"async\" class=\" wp-image-704272 aligncenter\" src=\"https:\/\/www.hashtag.al\/wp-content\/uploads\/2024\/10\/brace-1-767x450-1-300x176.jpg\" alt=\"\" width=\"620\" height=\"364\" srcset=\"https:\/\/www.hashtag.al\/wp-content\/uploads\/2024\/10\/brace-1-767x450-1-300x176.jpg 300w, https:\/\/www.hashtag.al\/wp-content\/uploads\/2024\/10\/brace-1-767x450-1.jpg 767w\" sizes=\"auto, (max-width: 620px) 100vw, 620px\" \/><\/p>\n<p style=\"text-align: left;\"><span style=\"color: #000000;\">Gjat\u00eb seanc\u00ebs s\u00eb sotme plenare, deputeti i Partis\u00eb Socialiste, Erion Bra\u00e7e, i b\u00ebri thirrje Partis\u00eb Demokratike q\u00eb t\u00eb lejoj\u00eb deputet\u00ebt e pad\u00ebnuar t\u00eb hyjn\u00eb n\u00eb sall\u00eb.<\/span><\/p>\n<p style=\"text-align: left;\"><span style=\"color: #000000;\"> Ai theksoi se aktualisht diskutimet duhet t\u00eb p\u00ebrqendrohen n\u00eb t\u00eb ardhmen e Shqip\u00ebris\u00eb dhe jo n\u00eb t\u00eb shkuar\u00ebn.<\/span><\/p>\n<p style=\"text-align: left;\"><span style=\"color: #000000;\">Brace kujtoi se kur ai hyri p\u00ebr her\u00eb t\u00eb par\u00eb n\u00eb Kuvend n\u00eb vitin 1997, vendi ishte n\u00eb nj\u00eb situat\u00eb t\u00eb tensionuar, duke theksuar se historia po p\u00ebrs\u00ebritet n\u00eb nj\u00eb form\u00eb komike.<\/span><\/p>\n<p style=\"text-align: left;\"><span style=\"color: #000000;\"> Ai shprehu nevoj\u00ebn p\u00ebr nj\u00eb bashk\u00ebpunim konstruktiv p\u00ebr t\u00eb avancuar vendin drejt nj\u00eb t\u00eb ardhmeje m\u00eb t\u00eb mir\u00eb.<\/span><\/p>\n<p style=\"text-align: left;\"><span style=\"color: #000000;\"><em>Thirrje PD t\u00eb lejoj\u00eb deputet\u00ebt e pad\u00ebnuar t\u00eb hyjn\u00eb n\u00eb sall\u00eb. Nuk e kan\u00eb me Kuvendin, kjo \u00ebsht\u00eb historia.<\/em><\/span><br \/>\n<span style=\"color: #000000;\"><em>Ne fol\u00ebm p\u00ebr at\u00eb q\u00eb ndodhi 2 dit\u00eb m\u00eb par\u00eb, q\u00eb ka t\u00eb b\u00ebj\u00eb me t\u00eb ardhmen e Shqip\u00ebris\u00eb, jo t\u00eb shkuar\u00ebs. <\/em><\/span><\/p>\n<p style=\"text-align: left;\"><span style=\"color: #000000;\"><em>K\u00ebtu ka 2 vot\u00eb, nj\u00eb q\u00eb k\u00ebrkon t\u00eb mbaj\u00eb vendin n\u00eb t\u00eb shkuar\u00ebn dhe nj\u00eb q\u00eb punon p\u00ebr t\u00eb ardhmen.<\/em><\/span><\/p>\n<p style=\"text-align: left;\"><span style=\"color: #000000;\"><em>Un\u00eb kam hyr\u00eb n\u00eb Kuvend i lar\u00eb n\u00eb gjak dhe kur kam hyr\u00eb n\u00eb k\u00ebt\u00eb sall\u00eb n\u00eb 1997 Tirana nuk ishte m\u00eb gardh hekuri p\u00ebr t\u00eb rregulluar hyrjen e disa nj\u00ebr\u00ebze q\u00eb duhet t\u00eb hyjn\u00eb normalisht, por ishte n\u00eb shtetrrethim. <\/em><\/span><\/p>\n<p style=\"text-align: left;\"><span style=\"color: #000000;\"><em>Kreu i PD vinte k\u00ebtu e na sulmonte ne. Historia p\u00ebrs\u00ebritet, por sot po p\u00ebrs\u00ebritet komike&#8221;,<\/em> u shpreh Bra\u00e7e.<\/span><\/p>\n","protected":false,"gt_translate_keys":[{"key":"rendered","format":"html"}]},"excerpt":{"rendered":"<p>Gjat\u00eb seanc\u00ebs s\u00eb sotme plenare, deputeti i Partis\u00eb Socialiste, Erion Bra\u00e7e, i b\u00ebri thirrje Partis\u00eb Demokratike q\u00eb t\u00eb lejoj\u00eb deputet\u00ebt e pad\u00ebnuar t\u00eb hyjn\u00eb n\u00eb sall\u00eb. Ai theksoi se aktualisht diskutimet duhet t\u00eb p\u00ebrqendrohen n\u00eb t\u00eb ardhmen e Shqip\u00ebris\u00eb dhe jo n\u00eb t\u00eb shkuar\u00ebn. Brace kujtoi se kur ai hyri p\u00ebr her\u00eb t\u00eb par\u00eb n\u00eb [&hellip;]<\/p>\n","protected":false,"gt_translate_keys":[{"key":"rendered","format":"html"}]},"author":49,"featured_media":704272,"comment_status":"closed","ping_status":"open","sticky":false,"template":"","format":"standard","meta":{"footnotes":""},"categories":[65],"tags":[],"class_list":["post-704271","post","type-post","status-publish","format-standard","has-post-thumbnail","hentry","category-lajme"],"gt_translate_keys":[{"key":"link","format":"url"}],"_links":{"self":[{"href":"https:\/\/www.hashtag.al\/index.php\/wp-json\/wp\/v2\/posts\/704271","targetHints":{"allow":["GET"]}}],"collection":[{"href":"https:\/\/www.hashtag.al\/index.php\/wp-json\/wp\/v2\/posts"}],"about":[{"href":"https:\/\/www.hashtag.al\/index.php\/wp-json\/wp\/v2\/types\/post"}],"author":[{"embeddable":true,"href":"https:\/\/www.hashtag.al\/index.php\/wp-json\/wp\/v2\/users\/49"}],"replies":[{"embeddable":true,"href":"https:\/\/www.hashtag.al\/index.php\/wp-json\/wp\/v2\/comments?post=704271"}],"version-history":[{"count":0,"href":"https:\/\/www.hashtag.al\/index.php\/wp-json\/wp\/v2\/posts\/704271\/revisions"}],"wp:featuredmedia":[{"embeddable":true,"href":"https:\/\/www.hashtag.al\/index.php\/wp-json\/wp\/v2\/media\/704272"}],"wp:attachment":[{"href":"https:\/\/www.hashtag.al\/index.php\/wp-json\/wp\/v2\/media?parent=704271"}],"wp:term":[{"taxonomy":"category","embeddable":true,"href":"https:\/\/www.hashtag.al\/index.php\/wp-json\/wp\/v2\/categories?post=704271"},{"taxonomy":"post_tag","embeddable":true,"href":"https:\/\/www.hashtag.al\/index.php\/wp-json\/wp\/v2\/tags?post=704271"}],"curies":[{"name":"wp","href":"https:\/\/api.w.org\/{rel}","templated":true}]}}