{"id":704222,"date":"2024-10-16T23:37:22","date_gmt":"2024-10-16T21:37:22","guid":{"rendered":"https:\/\/www.hashtag.al\/?p=704222"},"modified":"2024-10-16T23:37:22","modified_gmt":"2024-10-16T21:37:22","slug":"permbytje-ne-rajonin-e-ligurias-ne-itali-bllokohen-rruge-e-hekurudha-mbyllen-dhe-shkolla","status":"publish","type":"post","link":"https:\/\/www.hashtag.al\/index.php\/2024\/10\/16\/permbytje-ne-rajonin-e-ligurias-ne-itali-bllokohen-rruge-e-hekurudha-mbyllen-dhe-shkolla\/","title":{"rendered":"P\u00ebrmbytje n\u00eb rajonin e Ligurias n\u00eb Itali, bllokohen rrug\u00eb e hekurudha, mbyllen dhe shkolla","gt_translate_keys":[{"key":"rendered","format":"text"}]},"content":{"rendered":"<p><span style=\"color: #000000;\"><a href=\"https:\/\/www.hashtag.al\/wp-content\/uploads\/2024\/10\/liguria.png\"><img loading=\"lazy\" decoding=\"async\" class=\"aligncenter size-full wp-image-704223\" src=\"https:\/\/www.hashtag.al\/wp-content\/uploads\/2024\/10\/liguria.png\" alt=\"\" width=\"914\" height=\"500\" srcset=\"https:\/\/www.hashtag.al\/wp-content\/uploads\/2024\/10\/liguria.png 914w, https:\/\/www.hashtag.al\/wp-content\/uploads\/2024\/10\/liguria-300x164.png 300w, https:\/\/www.hashtag.al\/wp-content\/uploads\/2024\/10\/liguria-768x420.png 768w\" sizes=\"auto, (max-width: 914px) 100vw, 914px\" \/><\/a><\/span><\/p>\n<p><span style=\"color: #000000;\">Lumenjt\u00eb dhe p\u00ebrrenjt\u00eb kan\u00eb dal\u00eb nga shtrati, fluturime jan\u00eb anuluar dhe vonuar, l\u00ebvizja n\u00eb hekurudha \u00ebsht\u00eb pezulluar dhe autostradat jan\u00eb mbyllur.<\/span><\/p>\n<p><span style=\"color: #000000;\">Ky \u00ebsht\u00eb nj\u00eb bilanc i gjendjes s\u00eb r\u00ebnd\u00eb q\u00eb rajonet e Ligurias dhe Emiglia Romagna n\u00eb Itali, po p\u00ebrjetojn\u00eb p\u00ebr shkak t\u00eb stuhis\u00eb me reshje t\u00eb dendura shiu dhe er\u00eb t\u00eb fort\u00eb.<\/span><\/p>\n<p><span style=\"color: #000000;\">Midis Loano dhe Pietra Ligure, trafiku n\u00eb linj\u00ebn hekurudhore Genoa-Ventimiglia u nd\u00ebrpre nga ora 14:00 p\u00ebr shkak t\u00eb rrezikut t\u00eb p\u00ebrmbytjes s\u00eb p\u00ebrroit Nimbalto. Autostrada A10 drejt Genovas u mbyll gjithashtu midis Varazze dhe Arenzano. P\u00ebrmbytje rrug\u00ebsh u raportuan n\u00eb Celle dhe Calice Ligure, nd\u00ebrsa n\u00eb m\u00ebngjes nj\u00eb rr\u00ebshqitje dheu shkaktoi bllokimin e rrug\u00ebs provinciale 29 t\u00eb Colle di Cadibona.<\/span><\/p>\n<p><span style=\"color: #000000;\">Moti i keq ndikoi edhe n\u00eb transportin ajror. Dy fluturime t\u00eb pritura pasdite n\u00eb aeroportin e Colombo u devijuan drejt aeroporteve t\u00eb tjera.<\/span><\/p>\n<p><span style=\"color: #000000;\">Me ndryshimin e raportit t\u00eb motit, nuk mund t\u00eb p\u00ebrjashtohet q\u00eb dita m\u00eb e keqe t\u00eb jet\u00eb nes\u00ebr. N\u00eb rajonin e Ligurias zona m\u00eb e goditur r\u00ebnd\u00eb \u00ebsht\u00eb Savona, por moti i keq pritet q\u00eb t\u00eb shtrihet n\u00eb t\u00eb gjith\u00eb gadishullin Apenin n\u00eb or\u00ebt dhe dit\u00ebt n\u00eb vijim nd\u00ebrsa Venecia rrezikohet nga prurjet e larta t\u00eb ujit.<\/span><\/p>\n<p><span style=\"color: #000000;\"><a href=\"https:\/\/www.hashtag.al\/wp-content\/uploads\/2024\/10\/0-500-1729104446xscreenshot-12-491.png\"><img loading=\"lazy\" decoding=\"async\" class=\"aligncenter size-full wp-image-704224\" src=\"https:\/\/www.hashtag.al\/wp-content\/uploads\/2024\/10\/0-500-1729104446xscreenshot-12-491.png\" alt=\"\" width=\"901\" height=\"500\" srcset=\"https:\/\/www.hashtag.al\/wp-content\/uploads\/2024\/10\/0-500-1729104446xscreenshot-12-491.png 901w, https:\/\/www.hashtag.al\/wp-content\/uploads\/2024\/10\/0-500-1729104446xscreenshot-12-491-300x166.png 300w, https:\/\/www.hashtag.al\/wp-content\/uploads\/2024\/10\/0-500-1729104446xscreenshot-12-491-768x426.png 768w, https:\/\/www.hashtag.al\/wp-content\/uploads\/2024\/10\/0-500-1729104446xscreenshot-12-491-750x415.png 750w\" sizes=\"auto, (max-width: 901px) 100vw, 901px\" \/><\/a><\/span><\/p>\n<p><span style=\"color: #000000;\">Sakaq autoritetet kan\u00eb marr\u00eb masat duke paralajm\u00ebruar se shkollat do t\u00eb mbyllen nes\u00ebr n\u00eb Genova, La Spezia dhe provinc\u00ebn e saj, si dhe n\u00eb Savona dhe provincat e saj, pasi \u00ebsht\u00eb aktivizuar alarmi portokalli i motit.<\/span><\/p>\n<p><span style=\"color: #000000;\">Sipas ekspert\u00ebve meteorolog\u00eb, stuhit\u00eb do t\u00eb forcohen n\u00eb male p\u00ebr shkak t\u00eb efektit orografik, ve\u00e7an\u00ebrisht n\u00eb Genova dhe Savona, duke projektuar mbi 150 milimetra shi n\u00eb 24 or\u00eb n\u00eb k\u00ebto zona.<\/span><\/p>\n","protected":false,"gt_translate_keys":[{"key":"rendered","format":"html"}]},"excerpt":{"rendered":"<p>Lumenjt\u00eb dhe p\u00ebrrenjt\u00eb kan\u00eb dal\u00eb nga shtrati, fluturime jan\u00eb anuluar dhe vonuar, l\u00ebvizja n\u00eb hekurudha \u00ebsht\u00eb pezulluar dhe autostradat jan\u00eb mbyllur. Ky \u00ebsht\u00eb nj\u00eb bilanc i gjendjes s\u00eb r\u00ebnd\u00eb q\u00eb rajonet e Ligurias dhe Emiglia Romagna n\u00eb Itali, po p\u00ebrjetojn\u00eb p\u00ebr shkak t\u00eb stuhis\u00eb me reshje t\u00eb dendura shiu dhe er\u00eb t\u00eb fort\u00eb. Midis Loano [&hellip;]<\/p>\n","protected":false,"gt_translate_keys":[{"key":"rendered","format":"html"}]},"author":32,"featured_media":704224,"comment_status":"closed","ping_status":"open","sticky":false,"template":"","format":"standard","meta":{"footnotes":""},"categories":[53,13],"tags":[],"class_list":["post-704222","post","type-post","status-publish","format-standard","has-post-thumbnail","hentry","category-fast-foodi","category-te-fundit"],"gt_translate_keys":[{"key":"link","format":"url"}],"_links":{"self":[{"href":"https:\/\/www.hashtag.al\/index.php\/wp-json\/wp\/v2\/posts\/704222","targetHints":{"allow":["GET"]}}],"collection":[{"href":"https:\/\/www.hashtag.al\/index.php\/wp-json\/wp\/v2\/posts"}],"about":[{"href":"https:\/\/www.hashtag.al\/index.php\/wp-json\/wp\/v2\/types\/post"}],"author":[{"embeddable":true,"href":"https:\/\/www.hashtag.al\/index.php\/wp-json\/wp\/v2\/users\/32"}],"replies":[{"embeddable":true,"href":"https:\/\/www.hashtag.al\/index.php\/wp-json\/wp\/v2\/comments?post=704222"}],"version-history":[{"count":0,"href":"https:\/\/www.hashtag.al\/index.php\/wp-json\/wp\/v2\/posts\/704222\/revisions"}],"wp:featuredmedia":[{"embeddable":true,"href":"https:\/\/www.hashtag.al\/index.php\/wp-json\/wp\/v2\/media\/704224"}],"wp:attachment":[{"href":"https:\/\/www.hashtag.al\/index.php\/wp-json\/wp\/v2\/media?parent=704222"}],"wp:term":[{"taxonomy":"category","embeddable":true,"href":"https:\/\/www.hashtag.al\/index.php\/wp-json\/wp\/v2\/categories?post=704222"},{"taxonomy":"post_tag","embeddable":true,"href":"https:\/\/www.hashtag.al\/index.php\/wp-json\/wp\/v2\/tags?post=704222"}],"curies":[{"name":"wp","href":"https:\/\/api.w.org\/{rel}","templated":true}]}}