{"id":704137,"date":"2024-10-16T12:34:04","date_gmt":"2024-10-16T10:34:04","guid":{"rendered":"https:\/\/www.hashtag.al\/?p=704137"},"modified":"2024-10-16T12:55:56","modified_gmt":"2024-10-16T10:55:56","slug":"deputetet-e-opozites-paralajmerojne-proteste-para-pe-se-me-23-tetor","status":"publish","type":"post","link":"https:\/\/www.hashtag.al\/index.php\/2024\/10\/16\/deputetet-e-opozites-paralajmerojne-proteste-para-pe-se-me-23-tetor\/","title":{"rendered":"Deputet\u00ebt e opozit\u00ebs paralajm\u00ebrojn\u00eb protest\u00eb para PE-s\u00eb m\u00eb 23 tetor","gt_translate_keys":[{"key":"rendered","format":"text"}]},"content":{"rendered":"<p><img loading=\"lazy\" decoding=\"async\" class=\" wp-image-704138 aligncenter\" src=\"https:\/\/www.hashtag.al\/wp-content\/uploads\/2024\/10\/protesta-e-opozites-pd-7-300x225.jpeg\" alt=\"\" width=\"739\" height=\"554\" srcset=\"https:\/\/www.hashtag.al\/wp-content\/uploads\/2024\/10\/protesta-e-opozites-pd-7-300x225.jpeg 300w, https:\/\/www.hashtag.al\/wp-content\/uploads\/2024\/10\/protesta-e-opozites-pd-7-1024x768.jpeg 1024w, https:\/\/www.hashtag.al\/wp-content\/uploads\/2024\/10\/protesta-e-opozites-pd-7-768x576.jpeg 768w, https:\/\/www.hashtag.al\/wp-content\/uploads\/2024\/10\/protesta-e-opozites-pd-7-1536x1152.jpeg 1536w, https:\/\/www.hashtag.al\/wp-content\/uploads\/2024\/10\/protesta-e-opozites-pd-7-2048x1536.jpeg 2048w\" sizes=\"auto, (max-width: 739px) 100vw, 739px\" \/><\/p>\n<p><span style=\"color: #000000;\">Deputet\u00ebt e opozit\u00ebs kane njoftuar nj\u00eb protest\u00eb t\u00eb r\u00ebnd\u00ebsishme p\u00ebrpara Parlamentit Europian n\u00eb Strasburg m\u00eb 23 tetor.<\/span><\/p>\n<p><span style=\"color: #000000;\"> Kjo protest\u00eb p\u00ebrkon me seanc\u00ebn plenare t\u00eb PE-s\u00eb dhe p\u00ebrb\u00ebn nj\u00eb rast t\u00eb ve\u00e7ant\u00eb, pasi \u00ebsht\u00eb hera e par\u00eb q\u00eb deputet\u00eb t\u00eb nj\u00eb force politike protestojn\u00eb para institucioneve europiane.<\/span><\/p>\n<p><span style=\"color: #000000;\">Belind K\u00eblli\u00e7i dit\u00ebn e protest\u00ebs deklaroi se do t\u00eb protestojn\u00eb para institucioneve nd\u00ebrkomb\u00ebtare.<\/span><\/p>\n<p><span style=\"color: #000000;\"><em>\u201cProtesta do t\u00eb p\u00ebrshkall\u00ebzohet. Nuk \u00ebsht\u00eb e th\u00ebn\u00eb se do t\u00eb b\u00ebhet vet\u00ebm n\u00eb sheshe dhe rrug\u00ebt e kryeqytetit, do ta zhvendosim te Kuvendi, para Parlamentit Europian, para Komisionit Europian. Do t\u00eb zhvillohet aty ku ka partner\u00eb q\u00eb duhet t\u00eb informohen p\u00ebr realitetin ku ndodhet Shqip\u00ebria. Shqip\u00ebria \u00ebsht\u00eb kthyer n\u00eb narko-shtet\u201d,<\/em>\u00a0deklaroi K\u00eblli\u00e7i\u00a0m\u00eb 7 tetor n\u00eb nj\u00eb intervist\u00eb p\u00ebr emisionin Open n\u00eb<span style=\"color: #0000ff;\"><strong><a style=\"color: #0000ff;\" href=\"https:\/\/www.balkanweb.com\/sot-hapi-i-pare-i-mosbindjes-civile-kellici-protesta-do-pershkallezohet-do-protestojme-deri-ne-pe-dhe-ke\/#gsc.tab=0\"> News24.<\/a><\/strong><\/span><\/span><\/p>\n<p><span style=\"color: #000000;\">Gjithashtu Belind K\u00eblli\u00e7i, i ftuar n\u00eb &#8220;Debat&#8221; nga Alba Alishani n\u00eb<span style=\"color: #0000ff;\"> <strong><a style=\"color: #0000ff;\" href=\"https:\/\/www.a2news.com\/shqiperia\/politike\/deputetet-e-pd-proteste-ne-dyert-e-parlamentit-europian-kelli-i1129855\">A2 CNN<\/a> <\/strong><\/span>me 8 tetor, tregoi se po diskutohet mund\u00ebsia e mbajtjes s\u00eb nj\u00eb proteste n\u00eb Parlamentin Europian nga deputet\u00ebt e PD-s\u00eb.<\/span><\/p>\n<p><span style=\"color: #000000;\"><em>\u201cBesoj brenda jav\u00ebs tjet\u00ebr do t\u00eb kemi protest\u00ebn e radh\u00ebs. Po diskutohen disa formate. \u00cbsht\u00eb hedhur ideja nga nj\u00eb grup deputet\u00ebsh p\u00ebr t\u00eb shkuar t\u00eb protestojm\u00eb para Parlamentit Europian, ku t\u00eb shkojn\u00eb jo vet\u00ebm 24 deputet\u00ebt e p\u00ebrjashtuar, por t\u00eb gjith\u00eb grupi parlamentar i deputet\u00ebve dhe shqiptar\u00ebt q\u00eb jetojn\u00eb n\u00eb Bruksel p\u00ebr t\u00eb nd\u00ebrgjegj\u00ebsuar PE-s\u00eb p\u00ebr situat\u00ebn q\u00eb ndodhet Shqip\u00ebria. Kjo \u00ebsht\u00eb nj\u00eb ide, por jo nj\u00eb vendim i marr\u00eb. Gjithsesi, un\u00eb mendoj se do t\u00eb b\u00ebnin gj\u00ebn\u00eb e duhur n\u00ebse do ta merrnin k\u00ebt\u00eb nism\u00eb.<\/em><\/span><\/p>\n<p><span style=\"color: #000000;\"><em>Po ashtu, diskutohet p\u00ebr nj\u00eb aksion tjet\u00ebr konkret n\u00eb parlament, por duke qen\u00eb se kemi 24 deputet\u00eb t\u00eb p\u00ebrjashtuar, balancat nuk jan\u00eb ato q\u00eb duhet t\u00eb ishin. Po diskutohet zhvendosja e protest\u00ebs n\u00eb nj\u00eb nga qarqet e r\u00ebnd\u00ebsishme t\u00eb vendit, aty ku po ndodh nj\u00eb nga aferat m\u00eb korruptive pas afer\u00ebs s\u00eb famshme t\u00eb incenerator\u00ebve. Brenda jav\u00ebs tjet\u00ebr do t\u00eb vazhdoj\u00eb aksioni\u201d,<\/em> tha K\u00eblli\u00e7i n\u00eb Debat.<\/span><\/p>\n","protected":false,"gt_translate_keys":[{"key":"rendered","format":"html"}]},"excerpt":{"rendered":"<p>Deputet\u00ebt e opozit\u00ebs kane njoftuar nj\u00eb protest\u00eb t\u00eb r\u00ebnd\u00ebsishme p\u00ebrpara Parlamentit Europian n\u00eb Strasburg m\u00eb 23 tetor. Kjo protest\u00eb p\u00ebrkon me seanc\u00ebn plenare t\u00eb PE-s\u00eb dhe p\u00ebrb\u00ebn nj\u00eb rast t\u00eb ve\u00e7ant\u00eb, pasi \u00ebsht\u00eb hera e par\u00eb q\u00eb deputet\u00eb t\u00eb nj\u00eb force politike protestojn\u00eb para institucioneve europiane. Belind K\u00eblli\u00e7i dit\u00ebn e protest\u00ebs deklaroi se do t\u00eb [&hellip;]<\/p>\n","protected":false,"gt_translate_keys":[{"key":"rendered","format":"html"}]},"author":49,"featured_media":704138,"comment_status":"closed","ping_status":"open","sticky":false,"template":"","format":"standard","meta":{"footnotes":""},"categories":[65,13],"tags":[],"class_list":["post-704137","post","type-post","status-publish","format-standard","has-post-thumbnail","hentry","category-lajme","category-te-fundit"],"gt_translate_keys":[{"key":"link","format":"url"}],"_links":{"self":[{"href":"https:\/\/www.hashtag.al\/index.php\/wp-json\/wp\/v2\/posts\/704137","targetHints":{"allow":["GET"]}}],"collection":[{"href":"https:\/\/www.hashtag.al\/index.php\/wp-json\/wp\/v2\/posts"}],"about":[{"href":"https:\/\/www.hashtag.al\/index.php\/wp-json\/wp\/v2\/types\/post"}],"author":[{"embeddable":true,"href":"https:\/\/www.hashtag.al\/index.php\/wp-json\/wp\/v2\/users\/49"}],"replies":[{"embeddable":true,"href":"https:\/\/www.hashtag.al\/index.php\/wp-json\/wp\/v2\/comments?post=704137"}],"version-history":[{"count":0,"href":"https:\/\/www.hashtag.al\/index.php\/wp-json\/wp\/v2\/posts\/704137\/revisions"}],"wp:featuredmedia":[{"embeddable":true,"href":"https:\/\/www.hashtag.al\/index.php\/wp-json\/wp\/v2\/media\/704138"}],"wp:attachment":[{"href":"https:\/\/www.hashtag.al\/index.php\/wp-json\/wp\/v2\/media?parent=704137"}],"wp:term":[{"taxonomy":"category","embeddable":true,"href":"https:\/\/www.hashtag.al\/index.php\/wp-json\/wp\/v2\/categories?post=704137"},{"taxonomy":"post_tag","embeddable":true,"href":"https:\/\/www.hashtag.al\/index.php\/wp-json\/wp\/v2\/tags?post=704137"}],"curies":[{"name":"wp","href":"https:\/\/api.w.org\/{rel}","templated":true}]}}