{"id":703892,"date":"2024-10-15T10:04:12","date_gmt":"2024-10-15T08:04:12","guid":{"rendered":"https:\/\/www.hashtag.al\/?p=703892"},"modified":"2024-10-15T10:04:12","modified_gmt":"2024-10-15T08:04:12","slug":"operacion-kunder-trafikut-te-emigranteve-15-nen-pranga","status":"publish","type":"post","link":"https:\/\/www.hashtag.al\/index.php\/2024\/10\/15\/operacion-kunder-trafikut-te-emigranteve-15-nen-pranga\/","title":{"rendered":"Operacion kund\u00ebr trafikut t\u00eb emigrant\u00ebve, 15 n\u00ebn pranga","gt_translate_keys":[{"key":"rendered","format":"text"}]},"content":{"rendered":"<p><img loading=\"lazy\" decoding=\"async\" class=\"aligncenter size-full wp-image-703898\" src=\"https:\/\/www.hashtag.al\/wp-content\/uploads\/2024\/10\/1728805848_arrestim.jpg\" alt=\"\" width=\"780\" height=\"440\" srcset=\"https:\/\/www.hashtag.al\/wp-content\/uploads\/2024\/10\/1728805848_arrestim.jpg 780w, https:\/\/www.hashtag.al\/wp-content\/uploads\/2024\/10\/1728805848_arrestim-300x169.jpg 300w, https:\/\/www.hashtag.al\/wp-content\/uploads\/2024\/10\/1728805848_arrestim-768x433.jpg 768w\" sizes=\"auto, (max-width: 780px) 100vw, 780px\" \/><\/p>\n<p><span style=\"color: #000000;\">15 persona jan\u00eb arrestuar n\u00eb Tiran\u00eb n\u00eb nj\u00eb operacion policor p\u00ebr t\u00eb gotiru trafikun e paligjsh\u00ebm t\u00eb emigrant\u00ebve. <\/span><\/p>\n<p><span style=\"color: #000000;\">Gjat\u00eb operacionit jan\u00eb ndaluar 25 persona po 10 prej tyre jan\u00eb arrestuar m\u00eb her\u00ebt nd\u00ebrsa 15 persona jan\u00eb arrestuar mbr\u00ebmjen e djeshme.<\/span><\/p>\n<p><span style=\"color: #000000;\">Mes t\u00eb arrestuarve jan\u00eb edhe Ahmed Kensowa dhe Dashamir Kullaj t\u00eb cil\u00ebt dyshohet se kan\u00eb pasur rol kryesore n\u00eb trafikun e emigrant\u00ebve.<\/span><\/p>\n","protected":false,"gt_translate_keys":[{"key":"rendered","format":"html"}]},"excerpt":{"rendered":"<p>15 persona jan\u00eb arrestuar n\u00eb Tiran\u00eb n\u00eb nj\u00eb operacion policor p\u00ebr t\u00eb gotiru trafikun e paligjsh\u00ebm t\u00eb emigrant\u00ebve. Gjat\u00eb operacionit jan\u00eb ndaluar 25 persona po 10 prej tyre jan\u00eb arrestuar m\u00eb her\u00ebt nd\u00ebrsa 15 persona jan\u00eb arrestuar mbr\u00ebmjen e djeshme. Mes t\u00eb arrestuarve jan\u00eb edhe Ahmed Kensowa dhe Dashamir Kullaj t\u00eb cil\u00ebt dyshohet se kan\u00eb [&hellip;]<\/p>\n","protected":false,"gt_translate_keys":[{"key":"rendered","format":"html"}]},"author":51,"featured_media":703898,"comment_status":"closed","ping_status":"open","sticky":false,"template":"","format":"standard","meta":{"footnotes":""},"categories":[65],"tags":[],"class_list":["post-703892","post","type-post","status-publish","format-standard","has-post-thumbnail","hentry","category-lajme"],"gt_translate_keys":[{"key":"link","format":"url"}],"_links":{"self":[{"href":"https:\/\/www.hashtag.al\/index.php\/wp-json\/wp\/v2\/posts\/703892","targetHints":{"allow":["GET"]}}],"collection":[{"href":"https:\/\/www.hashtag.al\/index.php\/wp-json\/wp\/v2\/posts"}],"about":[{"href":"https:\/\/www.hashtag.al\/index.php\/wp-json\/wp\/v2\/types\/post"}],"author":[{"embeddable":true,"href":"https:\/\/www.hashtag.al\/index.php\/wp-json\/wp\/v2\/users\/51"}],"replies":[{"embeddable":true,"href":"https:\/\/www.hashtag.al\/index.php\/wp-json\/wp\/v2\/comments?post=703892"}],"version-history":[{"count":0,"href":"https:\/\/www.hashtag.al\/index.php\/wp-json\/wp\/v2\/posts\/703892\/revisions"}],"wp:featuredmedia":[{"embeddable":true,"href":"https:\/\/www.hashtag.al\/index.php\/wp-json\/wp\/v2\/media\/703898"}],"wp:attachment":[{"href":"https:\/\/www.hashtag.al\/index.php\/wp-json\/wp\/v2\/media?parent=703892"}],"wp:term":[{"taxonomy":"category","embeddable":true,"href":"https:\/\/www.hashtag.al\/index.php\/wp-json\/wp\/v2\/categories?post=703892"},{"taxonomy":"post_tag","embeddable":true,"href":"https:\/\/www.hashtag.al\/index.php\/wp-json\/wp\/v2\/tags?post=703892"}],"curies":[{"name":"wp","href":"https:\/\/api.w.org\/{rel}","templated":true}]}}