{"id":703877,"date":"2024-10-15T09:03:07","date_gmt":"2024-10-15T07:03:07","guid":{"rendered":"https:\/\/www.hashtag.al\/?p=703877"},"modified":"2024-10-15T09:03:07","modified_gmt":"2024-10-15T07:03:07","slug":"do-e-bejme-gati-shqiperine-per-be-ne-brenda-vitit-2030-rama","status":"publish","type":"post","link":"https:\/\/www.hashtag.al\/index.php\/2024\/10\/15\/do-e-bejme-gati-shqiperine-per-be-ne-brenda-vitit-2030-rama\/","title":{"rendered":"\u201cDo e b\u00ebjm\u00eb gati Shqip\u00ebrin\u00eb p\u00ebr BE-n\u00eb brenda vitit 2030\u201d &#8211; Rama","gt_translate_keys":[{"key":"rendered","format":"text"}]},"content":{"rendered":"<p><img loading=\"lazy\" decoding=\"async\" class=\"aligncenter size-full wp-image-703878\" src=\"https:\/\/www.hashtag.al\/wp-content\/uploads\/2024\/10\/rama-1.jpg\" alt=\"\" width=\"1290\" height=\"906\" srcset=\"https:\/\/www.hashtag.al\/wp-content\/uploads\/2024\/10\/rama-1.jpg 1290w, https:\/\/www.hashtag.al\/wp-content\/uploads\/2024\/10\/rama-1-300x211.jpg 300w, https:\/\/www.hashtag.al\/wp-content\/uploads\/2024\/10\/rama-1-1024x719.jpg 1024w, https:\/\/www.hashtag.al\/wp-content\/uploads\/2024\/10\/rama-1-768x539.jpg 768w, https:\/\/www.hashtag.al\/wp-content\/uploads\/2024\/10\/rama-1-1280x900.jpg 1280w, https:\/\/www.hashtag.al\/wp-content\/uploads\/2024\/10\/rama-1-570x400.jpg 570w, https:\/\/www.hashtag.al\/wp-content\/uploads\/2024\/10\/rama-1-360x252.jpg 360w\" sizes=\"auto, (max-width: 1290px) 100vw, 1290px\" \/><\/p>\n<p><span style=\"color: #000000;\">Kryeministri Rama tha sot se do e b\u00ebj\u00eb Shqip\u00ebrin\u00eb gati p\u00ebr an\u00ebtar\u00ebsim n\u00eb BE brenda vitit 2030. <\/span><\/p>\n<p><span style=\"color: #000000;\">Ai e b\u00ebri deklarat\u00ebn nga Luksemburgu ku do mbahet Konferenca e Dyt\u00eb Nd\u00ebrqeveritare mes Shqip\u00ebris\u00eb dhe BE-s\u00eb. Sot pritet t\u00eb \u00e7elen zyrtarisht negociatat me BE-n\u00eb p\u00ebr grupkapitullin e par\u00eb.<\/span><\/p>\n<p><span style=\"color: #000000;\">Takimi do drejtphet nga ministri i Jasht\u00ebm i Hungaris\u00eb Szijarto dhe kryeministri Rama.<\/span><\/p>\n<p><span style=\"color: #000000;\"><em>\u201cDo ta b\u00ebjm\u00eb gati Shqip\u00ebrin\u00eb p\u00ebr BE-n\u00eb brenda 2030\u201d<\/em> &#8211; tha Rama.<\/span><\/p>\n<p><span style=\"color: #000000;\">P\u00ebrve\u00e7 Ram\u00ebs n\u00eb Luksemburg ndodhen edhe ministri i Jasht\u00ebm Hasani, kryenegociatorja Dhuka dhe ministrja p\u00ebr Administrat\u00ebn Pirdeni.<\/span><\/p>\n","protected":false,"gt_translate_keys":[{"key":"rendered","format":"html"}]},"excerpt":{"rendered":"<p>Kryeministri Rama tha sot se do e b\u00ebj\u00eb Shqip\u00ebrin\u00eb gati p\u00ebr an\u00ebtar\u00ebsim n\u00eb BE brenda vitit 2030. Ai e b\u00ebri deklarat\u00ebn nga Luksemburgu ku do mbahet Konferenca e Dyt\u00eb Nd\u00ebrqeveritare mes Shqip\u00ebris\u00eb dhe BE-s\u00eb. Sot pritet t\u00eb \u00e7elen zyrtarisht negociatat me BE-n\u00eb p\u00ebr grupkapitullin e par\u00eb. Takimi do drejtphet nga ministri i Jasht\u00ebm i Hungaris\u00eb [&hellip;]<\/p>\n","protected":false,"gt_translate_keys":[{"key":"rendered","format":"html"}]},"author":51,"featured_media":703878,"comment_status":"closed","ping_status":"open","sticky":false,"template":"","format":"standard","meta":{"footnotes":""},"categories":[65],"tags":[],"class_list":["post-703877","post","type-post","status-publish","format-standard","has-post-thumbnail","hentry","category-lajme"],"gt_translate_keys":[{"key":"link","format":"url"}],"_links":{"self":[{"href":"https:\/\/www.hashtag.al\/index.php\/wp-json\/wp\/v2\/posts\/703877","targetHints":{"allow":["GET"]}}],"collection":[{"href":"https:\/\/www.hashtag.al\/index.php\/wp-json\/wp\/v2\/posts"}],"about":[{"href":"https:\/\/www.hashtag.al\/index.php\/wp-json\/wp\/v2\/types\/post"}],"author":[{"embeddable":true,"href":"https:\/\/www.hashtag.al\/index.php\/wp-json\/wp\/v2\/users\/51"}],"replies":[{"embeddable":true,"href":"https:\/\/www.hashtag.al\/index.php\/wp-json\/wp\/v2\/comments?post=703877"}],"version-history":[{"count":0,"href":"https:\/\/www.hashtag.al\/index.php\/wp-json\/wp\/v2\/posts\/703877\/revisions"}],"wp:featuredmedia":[{"embeddable":true,"href":"https:\/\/www.hashtag.al\/index.php\/wp-json\/wp\/v2\/media\/703878"}],"wp:attachment":[{"href":"https:\/\/www.hashtag.al\/index.php\/wp-json\/wp\/v2\/media?parent=703877"}],"wp:term":[{"taxonomy":"category","embeddable":true,"href":"https:\/\/www.hashtag.al\/index.php\/wp-json\/wp\/v2\/categories?post=703877"},{"taxonomy":"post_tag","embeddable":true,"href":"https:\/\/www.hashtag.al\/index.php\/wp-json\/wp\/v2\/tags?post=703877"}],"curies":[{"name":"wp","href":"https:\/\/api.w.org\/{rel}","templated":true}]}}