{"id":703845,"date":"2024-10-14T20:49:12","date_gmt":"2024-10-14T18:49:12","guid":{"rendered":"https:\/\/www.hashtag.al\/?p=703845"},"modified":"2024-10-14T20:49:12","modified_gmt":"2024-10-14T18:49:12","slug":"basha-i-kerkon-drejtuesve-demokrate-atlantike-te-zbresin-ne-terren-dhe-te-qendrojne-larg-teatrit-politik","status":"publish","type":"post","link":"https:\/\/www.hashtag.al\/index.php\/2024\/10\/14\/basha-i-kerkon-drejtuesve-demokrate-atlantike-te-zbresin-ne-terren-dhe-te-qendrojne-larg-teatrit-politik\/","title":{"rendered":"Basha i k\u00ebrkon drejtuesve Demokrat\u00eb Atlantik\u00eb t\u00eb zbresin n\u00eb terren dhe t\u00eb q\u00ebndrojn\u00eb larg teatrit politik","gt_translate_keys":[{"key":"rendered","format":"text"}]},"content":{"rendered":"<p><span style=\"color: #000000;\"><a style=\"color: #000000;\" href=\"https:\/\/www.hashtag.al\/wp-content\/uploads\/2024\/10\/basha.jpeg\"><img loading=\"lazy\" decoding=\"async\" class=\"aligncenter size-full wp-image-703846\" src=\"https:\/\/www.hashtag.al\/wp-content\/uploads\/2024\/10\/basha.jpeg\" alt=\"\" width=\"780\" height=\"440\" srcset=\"https:\/\/www.hashtag.al\/wp-content\/uploads\/2024\/10\/basha.jpeg 780w, https:\/\/www.hashtag.al\/wp-content\/uploads\/2024\/10\/basha-300x169.jpeg 300w, https:\/\/www.hashtag.al\/wp-content\/uploads\/2024\/10\/basha-768x433.jpeg 768w\" sizes=\"auto, (max-width: 780px) 100vw, 780px\" \/><\/a><\/span><\/p>\n<p><span style=\"color: #000000;\">Kryetari i PD-Demokrat\u00ebt Euroatlantik\u00eb, Lulzim Basha, u ka k\u00ebrkuar drejtuesve t\u00eb Demokrat\u00ebve Euroatlantik\u00eb q\u00eb t\u00eb zbresin n\u00eb terren me kandidat\u00ebt p\u00ebr deputet\u00eb dhe t\u00eb shpalosin programin.<\/span><\/p>\n<p><span style=\"color: #000000;\">K\u00ebt\u00eb Basha ua ka k\u00ebrkuar dit\u00ebn e sotme teksa ka zhvilluar nj\u00eb mbledhje me strukturat drejtuese t\u00eb k\u00ebsaj force politike, ku theksoi se shqiptar\u00ebt jan\u00eb n\u00eb k\u00ebrkim t\u00eb nj\u00eb alternative politike larg teatrit politik q\u00eb i ofron Tirana.<\/span><\/p>\n<p><span style=\"color: #000000;\"><em>\u201cRealiteti politik n\u00eb t\u00eb cilin ndodhemi, dikton kalimin n\u00eb nj\u00eb faz\u00eb t\u00eb avancuar dhe intensive t\u00eb aksionit politik. Dhe aksioni politik, si\u00e7 na e tregojn\u00eb shum\u00eb mir\u00eb ngjarjet e jav\u00ebs s\u00eb kaluar, nuk mund t\u00eb jet\u00eb p\u00ebr fatin e nj\u00eb individi apo qoft\u00eb edhe p\u00ebr \u00e7\u00ebshtje q\u00eb i takojn\u00eb nj\u00eb grupi t\u00eb ngusht. Shqiptar\u00ebt dhe Shqip\u00ebria l\u00ebngojn\u00eb, hallet dhe problemet e tyre vet\u00ebm shtohen. Shumica prej tyre qart\u00ebsisht prej koh\u00ebsh jan\u00eb n\u00eb k\u00ebrkim t\u00eb nj\u00eb alternative politike larg\u00eb teatrit politik q\u00eb i ofron Tirana e sotme politike, t\u00eb qeveris\u00eb dhe t\u00eb pseudoopozit\u00ebs. Dhe n\u00eb k\u00ebt\u00eb kuad\u00ebr, porosia ime kryesore \u00ebsht\u00eb zbritja n\u00eb terren me njer\u00ebzit p\u00ebr t\u2019i dh\u00ebn\u00eb kuptim ofert\u00ebs ton\u00eb programore e shpalosur m\u00eb 1 qershor, duke plot\u00ebsuar me ofert\u00ebn ton\u00eb ekipore, me kandidat\u00ebt dhe kandidatet p\u00ebr deputet\u00eb p\u00ebr zgjedhjet e ardhshme parlamentare\u201d,\u00a0<\/em>tha Basha.<\/span><\/p>\n<p><span style=\"color: #000000;\">Basha gjithashtu tha se qeveria dhe ata q\u00eb votuan me qeverin\u00eb aktet flagrante si amnistia dhe kodi zgjedhor, nuk duan t\u00eb ndryshojn\u00eb gj\u00eb. Sipas tij, ata jan\u00eb dakorduar t\u00eb mos ndryshojn\u00eb asgj\u00eb dhe se\u00a0 Shqip\u00ebrin\u00eb e duan k\u00ebshtu, pa zgjedhje, pa institucione, pa alternativa, t\u00eb ndar\u00eb midis nj\u00ebri-tjetrit.<\/span><\/p>\n<p><span style=\"color: #000000;\"><em>\u201cQeveria dhe ata q\u00eb votuan me qeverin\u00eb aktet flagrante si amnistia dhe kodi zgjedhor, nuk duan t\u00eb ndryshojn\u00eb gj\u00eb. N\u00eb fakt jan\u00eb dakorduar t\u00eb mos ndryshojn\u00eb asgj\u00eb. Shqip\u00ebrin\u00eb e duan k\u00ebshtu, pa zgjedhje, pa institucione, pa alternativa, t\u00eb ndar\u00eb midis nj\u00ebri-tjetrit. Nga nj\u00ebra an\u00eb t\u00ebrheq Edi Rama me manipulim p\u00ebr t\u00eb mbajtur nj\u00eb pushtet i cili prej 4 vitesh nuk prodhon asgj\u00eb p\u00ebr shqiptar\u00ebt, por prodhon vet\u00ebm negativitet, vret vebnde pune, largon njer\u00ebzit. Dhe akoma m\u00eb shum\u00eb vritet shpresa kur shohin nj\u00eb pjes\u00eb t\u00eb opozit\u00ebs t\u00eb mb\u00ebrthyer n\u00eb kalvarin e interesit personal t\u00eb nj\u00eb njeriu t\u00eb vet\u00ebm. Ky d\u00ebshp\u00ebrim padiskutim mer form\u00eb edhe n\u00eb sjelljen e p\u00ebrgjithshme t\u00eb njer\u00ebzve. Jo vet\u00ebm emigracioni por edhe neveria ndaj k\u00ebsaj loje me jet\u00ebn dhe fatin e tyre. Padiskutim me qeverin\u00eb dhe me Edi Ram\u00ebn si aktor kryesor, por dhe k\u00ebta q\u00eb i b\u00ebjn\u00eb fresk\u00eb si bashk\u00ebautor\u00eb dhe bashk\u00ebp\u00ebrgjegj\u00ebs t\u00eb k\u00ebsaj situate\u201d,\u00a0<\/em>tha Basha.<\/span><\/p>\n<p><span style=\"color: #000000;\">Basha m\u00eb tej tha se demokrat\u00ebt euroatlantik\u00eb jan\u00eb n\u00eb terren me program, me kandidat p\u00ebr deputet\u00eb dhe nuk harxhojn\u00eb asnj\u00eb minut\u00eb n\u00eb teatrin e sh\u00ebmtuar t\u00eb interesave personale.<\/span><\/p>\n<p><span style=\"color: #000000;\"><em>\u201cDemokrat\u00ebt Euroatlantik\u00eb jan\u00eb n\u00eb terren, me program, me kandidat p\u00ebr deputet\u00eb dhe nuk harxhojn\u00eb asnj\u00eb minut\u00eb n\u00eb teatrin e sh\u00ebmtuar t\u00eb interesave personale t\u00eb pseudoopozit\u00ebs dhe as me p\u00ebrballjen me k\u00ebt\u00eb qeveri q\u00eb realisht ka tejkaluar \u00e7do kufij t\u00eb durimit dhe t\u00eb reagimit popullor n\u00eb raport me gj\u00ebmat me aferat dhe me gjendjen e p\u00ebrgjithshme q\u00eb kan\u00eb diktuar vendin. Pra, jemi aty p\u00ebr njer\u00ebzit, me njer\u00ebzit, jo p\u00ebr veten ton\u00eb\u201d, <\/em>tha Basha.<\/span><\/p>\n","protected":false,"gt_translate_keys":[{"key":"rendered","format":"html"}]},"excerpt":{"rendered":"<p>Kryetari i PD-Demokrat\u00ebt Euroatlantik\u00eb, Lulzim Basha, u ka k\u00ebrkuar drejtuesve t\u00eb Demokrat\u00ebve Euroatlantik\u00eb q\u00eb t\u00eb zbresin n\u00eb terren me kandidat\u00ebt p\u00ebr deputet\u00eb dhe t\u00eb shpalosin programin. K\u00ebt\u00eb Basha ua ka k\u00ebrkuar dit\u00ebn e sotme teksa ka zhvilluar nj\u00eb mbledhje me strukturat drejtuese t\u00eb k\u00ebsaj force politike, ku theksoi se shqiptar\u00ebt jan\u00eb n\u00eb k\u00ebrkim t\u00eb nj\u00eb [&hellip;]<\/p>\n","protected":false,"gt_translate_keys":[{"key":"rendered","format":"html"}]},"author":32,"featured_media":703846,"comment_status":"closed","ping_status":"open","sticky":false,"template":"","format":"standard","meta":{"footnotes":""},"categories":[65,13],"tags":[],"class_list":["post-703845","post","type-post","status-publish","format-standard","has-post-thumbnail","hentry","category-lajme","category-te-fundit"],"gt_translate_keys":[{"key":"link","format":"url"}],"_links":{"self":[{"href":"https:\/\/www.hashtag.al\/index.php\/wp-json\/wp\/v2\/posts\/703845","targetHints":{"allow":["GET"]}}],"collection":[{"href":"https:\/\/www.hashtag.al\/index.php\/wp-json\/wp\/v2\/posts"}],"about":[{"href":"https:\/\/www.hashtag.al\/index.php\/wp-json\/wp\/v2\/types\/post"}],"author":[{"embeddable":true,"href":"https:\/\/www.hashtag.al\/index.php\/wp-json\/wp\/v2\/users\/32"}],"replies":[{"embeddable":true,"href":"https:\/\/www.hashtag.al\/index.php\/wp-json\/wp\/v2\/comments?post=703845"}],"version-history":[{"count":0,"href":"https:\/\/www.hashtag.al\/index.php\/wp-json\/wp\/v2\/posts\/703845\/revisions"}],"wp:featuredmedia":[{"embeddable":true,"href":"https:\/\/www.hashtag.al\/index.php\/wp-json\/wp\/v2\/media\/703846"}],"wp:attachment":[{"href":"https:\/\/www.hashtag.al\/index.php\/wp-json\/wp\/v2\/media?parent=703845"}],"wp:term":[{"taxonomy":"category","embeddable":true,"href":"https:\/\/www.hashtag.al\/index.php\/wp-json\/wp\/v2\/categories?post=703845"},{"taxonomy":"post_tag","embeddable":true,"href":"https:\/\/www.hashtag.al\/index.php\/wp-json\/wp\/v2\/tags?post=703845"}],"curies":[{"name":"wp","href":"https:\/\/api.w.org\/{rel}","templated":true}]}}