{"id":703779,"date":"2024-10-14T13:51:26","date_gmt":"2024-10-14T11:51:26","guid":{"rendered":"https:\/\/www.hashtag.al\/?p=703779"},"modified":"2024-10-14T13:54:09","modified_gmt":"2024-10-14T11:54:09","slug":"vrasja-e-egli-proges-gjykata-le-ne-burg-tre-deshmitaret","status":"publish","type":"post","link":"https:\/\/www.hashtag.al\/index.php\/2024\/10\/14\/vrasja-e-egli-proges-gjykata-le-ne-burg-tre-deshmitaret\/","title":{"rendered":"Vrasja e Egli Prog\u00ebs\/ Gjykata l\u00eb n\u00eb burg tre d\u00ebshmitar\u00ebt","gt_translate_keys":[{"key":"rendered","format":"text"}]},"content":{"rendered":"<p style=\"text-align: left;\"><span style=\"color: #000000;\"><img loading=\"lazy\" decoding=\"async\" class=\" wp-image-703780 aligncenter\" src=\"https:\/\/www.hashtag.al\/wp-content\/uploads\/2024\/10\/korce-gjykata-300x189.jpg\" alt=\"\" width=\"910\" height=\"573\" srcset=\"https:\/\/www.hashtag.al\/wp-content\/uploads\/2024\/10\/korce-gjykata-300x189.jpg 300w, https:\/\/www.hashtag.al\/wp-content\/uploads\/2024\/10\/korce-gjykata-768x483.jpg 768w, https:\/\/www.hashtag.al\/wp-content\/uploads\/2024\/10\/korce-gjykata.jpg 1025w\" sizes=\"auto, (max-width: 910px) 100vw, 910px\" \/><\/span><\/p>\n<p style=\"text-align: left;\"><span style=\"color: #000000;\">Gjykata e Shkall\u00ebs s\u00eb Par\u00eb s\u00eb Juridiksionit t\u00eb P\u00ebrgjitsh\u00ebm Kor\u00e7\u00eb,\u00a0 u ka caktuar mas\u00ebn e siguris\u00eb \u2018arrest n\u00eb burg\u2019 3 personave pranish\u00ebm n\u00eb vendin e krimit ku i riu Denis Me\u00e7e dyshohet se dhunoi p\u00ebr vdekje 42-vje\u00e7arin Egli Prog\u00ebn, ngjarje e ndodhur 10 Gusht n\u00eb lagjen nr.1 t\u00eb qytetit t\u00eb Pogradecit.<\/span><\/p>\n<p style=\"text-align: left;\"><span style=\"color: #000000;\">Tre t\u00eb akuzuarit p\u00ebr moskall\u00ebzim krimi Voltan Shulku, Arian Manellari dhe Leonidha Gu\u00e7e ishin liruar nga kjo gjykat\u00eb, por disa muaj pas ngjarjes, e ka ndryshuar mas\u00ebn ndaj tyre nga \u201cDetyrim paraqitje n\u00eb Policin\u00eb Gjyq\u00ebsore\u201d, n\u00eb \u201cArrest n\u00eb burg\u201d, p\u00ebr vepr\u00ebn penale \u201cVeprime q\u00eb pengojn\u00eb n\u00eb zbulimin e s\u00eb v\u00ebrtet\u00ebs\u201d.<\/span><\/p>\n<p style=\"text-align: left;\"><span style=\"color: #000000;\">Voltan Shulku, Arian Manellari dhe Leonidha Gu\u00e7e raportohet se kan\u00eb qen\u00eb t\u00eb pranish\u00ebm kur ka ndodhur ngjarja dhe nuk kan\u00eb kall\u00ebzuar krimin duke penguar zbardhjen e s\u00eb v\u00ebrtet\u00ebs.<\/span><\/p>\n","protected":false,"gt_translate_keys":[{"key":"rendered","format":"html"}]},"excerpt":{"rendered":"<p>Gjykata e Shkall\u00ebs s\u00eb Par\u00eb s\u00eb Juridiksionit t\u00eb P\u00ebrgjitsh\u00ebm Kor\u00e7\u00eb,\u00a0 u ka caktuar mas\u00ebn e siguris\u00eb \u2018arrest n\u00eb burg\u2019 3 personave pranish\u00ebm n\u00eb vendin e krimit ku i riu Denis Me\u00e7e dyshohet se dhunoi p\u00ebr vdekje 42-vje\u00e7arin Egli Prog\u00ebn, ngjarje e ndodhur 10 Gusht n\u00eb lagjen nr.1 t\u00eb qytetit t\u00eb Pogradecit. Tre t\u00eb akuzuarit p\u00ebr [&hellip;]<\/p>\n","protected":false,"gt_translate_keys":[{"key":"rendered","format":"html"}]},"author":49,"featured_media":703780,"comment_status":"closed","ping_status":"open","sticky":false,"template":"","format":"standard","meta":{"footnotes":""},"categories":[65],"tags":[],"class_list":["post-703779","post","type-post","status-publish","format-standard","has-post-thumbnail","hentry","category-lajme"],"gt_translate_keys":[{"key":"link","format":"url"}],"_links":{"self":[{"href":"https:\/\/www.hashtag.al\/index.php\/wp-json\/wp\/v2\/posts\/703779","targetHints":{"allow":["GET"]}}],"collection":[{"href":"https:\/\/www.hashtag.al\/index.php\/wp-json\/wp\/v2\/posts"}],"about":[{"href":"https:\/\/www.hashtag.al\/index.php\/wp-json\/wp\/v2\/types\/post"}],"author":[{"embeddable":true,"href":"https:\/\/www.hashtag.al\/index.php\/wp-json\/wp\/v2\/users\/49"}],"replies":[{"embeddable":true,"href":"https:\/\/www.hashtag.al\/index.php\/wp-json\/wp\/v2\/comments?post=703779"}],"version-history":[{"count":0,"href":"https:\/\/www.hashtag.al\/index.php\/wp-json\/wp\/v2\/posts\/703779\/revisions"}],"wp:featuredmedia":[{"embeddable":true,"href":"https:\/\/www.hashtag.al\/index.php\/wp-json\/wp\/v2\/media\/703780"}],"wp:attachment":[{"href":"https:\/\/www.hashtag.al\/index.php\/wp-json\/wp\/v2\/media?parent=703779"}],"wp:term":[{"taxonomy":"category","embeddable":true,"href":"https:\/\/www.hashtag.al\/index.php\/wp-json\/wp\/v2\/categories?post=703779"},{"taxonomy":"post_tag","embeddable":true,"href":"https:\/\/www.hashtag.al\/index.php\/wp-json\/wp\/v2\/tags?post=703779"}],"curies":[{"name":"wp","href":"https:\/\/api.w.org\/{rel}","templated":true}]}}