{"id":703758,"date":"2024-10-14T12:22:50","date_gmt":"2024-10-14T10:22:50","guid":{"rendered":"https:\/\/www.hashtag.al\/?p=703758"},"modified":"2024-10-14T12:22:50","modified_gmt":"2024-10-14T10:22:50","slug":"rama-terheq-orban-per-nje-bisede-te-shkurter-me-albin-kurtin-video","status":"publish","type":"post","link":"https:\/\/www.hashtag.al\/index.php\/2024\/10\/14\/rama-terheq-orban-per-nje-bisede-te-shkurter-me-albin-kurtin-video\/","title":{"rendered":"Rama t\u00ebrheq Orban p\u00ebr nj\u00eb bised\u00eb t\u00eb shkurt\u00ebr me Albin Kurtin (Video)","gt_translate_keys":[{"key":"rendered","format":"text"}]},"content":{"rendered":"<p style=\"text-align: left;\"><span style=\"color: #000000;\"><img loading=\"lazy\" decoding=\"async\" class=\" wp-image-703761 aligncenter\" src=\"https:\/\/www.hashtag.al\/wp-content\/uploads\/2024\/10\/Screenshot-2024-10-14-121945-300x179.png\" alt=\"\" width=\"749\" height=\"447\" srcset=\"https:\/\/www.hashtag.al\/wp-content\/uploads\/2024\/10\/Screenshot-2024-10-14-121945-300x179.png 300w, https:\/\/www.hashtag.al\/wp-content\/uploads\/2024\/10\/Screenshot-2024-10-14-121945-1024x613.png 1024w, https:\/\/www.hashtag.al\/wp-content\/uploads\/2024\/10\/Screenshot-2024-10-14-121945-768x459.png 768w, https:\/\/www.hashtag.al\/wp-content\/uploads\/2024\/10\/Screenshot-2024-10-14-121945.png 1212w\" sizes=\"auto, (max-width: 749px) 100vw, 749px\" \/><\/span><\/p>\n<p style=\"text-align: left;\"><span style=\"color: #000000;\">Kryeministri Edi Rama ka ndar\u00eb pamje nga p\u00ebrfundimi i Samitit t\u00eb Berlinit, ku u realizua edhe fotoja familjare e lider\u00ebve t\u00eb Ballkanit Per\u00ebndimor. <\/span><\/p>\n<p style=\"text-align: left;\"><span style=\"color: #000000;\">N\u00eb nj\u00eb moment, Rama shihet duke t\u00ebrhequr n\u00eb bised\u00eb t\u00eb shkurt\u00ebr kryeministrin e Hungaris\u00eb, Viktor Orban, dhe kryeministrin e Kosov\u00ebs, Albin Kurti.<\/span><\/p>\n<p style=\"text-align: left;\"><span style=\"color: #000000;\">Kancelari gjerman Olaf Scholz organizoi sot n\u00eb Berlin takimin e lider\u00ebve t\u00eb Ballkanit Per\u00ebndimor p\u00ebr t\u00eb sh\u00ebnuar 10-vjetorin e Procesit t\u00eb Berlinit, nj\u00eb iniciativ\u00eb e filluar n\u00eb vitin 2014 nga ish-kancelarja Angela Merkel.<\/span><\/p>\n<p><iframe loading=\"lazy\" style=\"border: none; overflow: hidden;\" src=\"https:\/\/www.facebook.com\/plugins\/video.php?height=314&amp;href=https%3A%2F%2Fwww.facebook.com%2Fediramaal%2Fvideos%2F3378732979095375%2F&amp;show_text=false&amp;width=560&amp;t=0\" width=\"560\" height=\"314\" frameborder=\"0\" scrolling=\"no\" allowfullscreen=\"allowfullscreen\"><\/iframe><\/p>\n","protected":false,"gt_translate_keys":[{"key":"rendered","format":"html"}]},"excerpt":{"rendered":"<p>Kryeministri Edi Rama ka ndar\u00eb pamje nga p\u00ebrfundimi i Samitit t\u00eb Berlinit, ku u realizua edhe fotoja familjare e lider\u00ebve t\u00eb Ballkanit Per\u00ebndimor. N\u00eb nj\u00eb moment, Rama shihet duke t\u00ebrhequr n\u00eb bised\u00eb t\u00eb shkurt\u00ebr kryeministrin e Hungaris\u00eb, Viktor Orban, dhe kryeministrin e Kosov\u00ebs, Albin Kurti. Kancelari gjerman Olaf Scholz organizoi sot n\u00eb Berlin takimin e [&hellip;]<\/p>\n","protected":false,"gt_translate_keys":[{"key":"rendered","format":"html"}]},"author":49,"featured_media":703761,"comment_status":"closed","ping_status":"open","sticky":false,"template":"","format":"standard","meta":{"footnotes":""},"categories":[149,65],"tags":[],"class_list":["post-703758","post","type-post","status-publish","format-standard","has-post-thumbnail","hentry","category-kosoverajon","category-lajme"],"gt_translate_keys":[{"key":"link","format":"url"}],"_links":{"self":[{"href":"https:\/\/www.hashtag.al\/index.php\/wp-json\/wp\/v2\/posts\/703758","targetHints":{"allow":["GET"]}}],"collection":[{"href":"https:\/\/www.hashtag.al\/index.php\/wp-json\/wp\/v2\/posts"}],"about":[{"href":"https:\/\/www.hashtag.al\/index.php\/wp-json\/wp\/v2\/types\/post"}],"author":[{"embeddable":true,"href":"https:\/\/www.hashtag.al\/index.php\/wp-json\/wp\/v2\/users\/49"}],"replies":[{"embeddable":true,"href":"https:\/\/www.hashtag.al\/index.php\/wp-json\/wp\/v2\/comments?post=703758"}],"version-history":[{"count":0,"href":"https:\/\/www.hashtag.al\/index.php\/wp-json\/wp\/v2\/posts\/703758\/revisions"}],"wp:featuredmedia":[{"embeddable":true,"href":"https:\/\/www.hashtag.al\/index.php\/wp-json\/wp\/v2\/media\/703761"}],"wp:attachment":[{"href":"https:\/\/www.hashtag.al\/index.php\/wp-json\/wp\/v2\/media?parent=703758"}],"wp:term":[{"taxonomy":"category","embeddable":true,"href":"https:\/\/www.hashtag.al\/index.php\/wp-json\/wp\/v2\/categories?post=703758"},{"taxonomy":"post_tag","embeddable":true,"href":"https:\/\/www.hashtag.al\/index.php\/wp-json\/wp\/v2\/tags?post=703758"}],"curies":[{"name":"wp","href":"https:\/\/api.w.org\/{rel}","templated":true}]}}