{"id":703548,"date":"2024-10-13T12:44:36","date_gmt":"2024-10-13T10:44:36","guid":{"rendered":"https:\/\/www.hashtag.al\/?p=703548"},"modified":"2024-10-13T12:44:36","modified_gmt":"2024-10-13T10:44:36","slug":"plagosja-e-26-vjecarit-ne-elbasan-arrestohet-autori-i-dyshuar-dhe-mjeku-roje","status":"publish","type":"post","link":"https:\/\/www.hashtag.al\/index.php\/2024\/10\/13\/plagosja-e-26-vjecarit-ne-elbasan-arrestohet-autori-i-dyshuar-dhe-mjeku-roje\/","title":{"rendered":"Plagosja e 26-vje\u00e7arit n\u00eb Elbasan, arrestohet autori i dyshuar dhe mjeku roje","gt_translate_keys":[{"key":"rendered","format":"text"}]},"content":{"rendered":"<p><span style=\"color: #000000;\"><a style=\"color: #000000;\" href=\"https:\/\/www.hashtag.al\/wp-content\/uploads\/2022\/07\/policia-elbasan-770x433-1.jpg\"><img loading=\"lazy\" decoding=\"async\" class=\"aligncenter size-full wp-image-538582\" src=\"https:\/\/www.hashtag.al\/wp-content\/uploads\/2022\/07\/policia-elbasan-770x433-1.jpg\" alt=\"\" width=\"770\" height=\"433\" srcset=\"https:\/\/www.hashtag.al\/wp-content\/uploads\/2022\/07\/policia-elbasan-770x433-1.jpg 770w, https:\/\/www.hashtag.al\/wp-content\/uploads\/2022\/07\/policia-elbasan-770x433-1-300x169.jpg 300w, https:\/\/www.hashtag.al\/wp-content\/uploads\/2022\/07\/policia-elbasan-770x433-1-768x432.jpg 768w\" sizes=\"auto, (max-width: 770px) 100vw, 770px\" \/><\/a><\/span><\/p>\n<p><span style=\"color: #000000;\">N\u00eb lidhje me ngjarjen e ndodhur mbr\u00ebmjen e djeshme n\u00eb Elbasan ku nj\u00eb 26-vje\u00e7ar u plagos me mjet prer\u00ebs policia ka arrestuar edhe mjekun e spitalit ku mori mjekim i riu.<\/span><\/p>\n<p><span style=\"color: #000000;\">Edhe autori i dyshuar i ngjarjes 56-vje\u00e7ari u arrestua nga policia dhe gjykata p\u00ebr t\u00eb vendosi mas\u00ebn arrest me burg p\u00ebr akuz\u00ebn \u201cvrasje me dashje\u201d.<\/span><\/p>\n<p><span style=\"color: #000000;\">Nd\u00ebrkoh\u00eb mjeku i roj\u00ebs u arrestua pasi nuk ka sh\u00ebnuar n\u00eb kartel\u00ebn mjek\u00ebsore asnj\u00eb informacion mbi mjekimet e dh\u00ebna t\u00eb pacientit.<\/span><\/p>\n<p><span style=\"color: #000000;\"><strong>Njoftimi i policis\u00eb:<\/strong><\/span><\/p>\n<p><span style=\"color: #000000;\">Finalizohet operacioni policor i koduar \u201cMesnata\u201d.<\/span><\/p>\n<p><span style=\"color: #000000;\">Zbardhet ngjarja e ndodhur mesnat\u00ebn e djeshme, ku nj\u00eb shtetas tentoi t\u00eb vriste me mjet t\u00eb mpreht\u00eb, nj\u00eb 26-vje\u00e7ar.<\/span><\/p>\n<p><span style=\"color: #000000;\">Si rezultat i veprimeve policore kapet dhe vihet n\u00eb pranga autori i ngjarjes.<\/span><\/p>\n<p><span style=\"color: #000000;\">N\u00eb pranga vihet dhe mjeku i spitalit ku mori mjekim 26-vje\u00e7ari, p\u00ebr shp\u00ebrdorim t\u00eb detyr\u00ebs.<\/span><\/p>\n<p><span style=\"color: #000000;\">Sh\u00ebrbimet e Komisariatit t\u00eb Policis\u00eb Elbasan, pas marrjes s\u00eb njoftimit se n\u00eb lagjen \u201cHaxhias\u201d, nj\u00eb shtetas kishte plagosur me mjet prer\u00ebs nj\u00eb 26-vje\u00e7ar, menj\u00ebher\u00eb kan\u00eb organizuar pun\u00ebn p\u00ebr identifikimin dhe kapjen e autorit.<\/span><\/p>\n<p><span style=\"color: #000000;\">Si rezultat i reagimit n\u00eb koh\u00eb dhe i veprimeve t\u00eb shpejta operacionale dhe inteligjenc\u00ebs policore, n\u00eb kuad\u00ebr t\u00eb operacionit policor t\u00eb koduar \u201cMesnata\u201d, \u00ebsht\u00eb b\u00ebr\u00eb e mundur zbardhja e ngjarjes, identifikimi, lokalizimi, kapja dhe arrestimi i autorit t\u00eb dyshuar shtetasit A. K., 59 vje\u00e7, banues n\u00eb Elbasan.<\/span><\/p>\n<p><span style=\"color: #000000;\">Nga veprimet hetimore rezultoi se shtetasi A. K., mesnat\u00ebn e djeshme, n\u00eb lagjen \u201cHaxhias\u201d, n\u00eb gjendje t\u00eb dehur, ka tentuar t\u00eb vras\u00eb me mjet t\u00eb mpreht\u00eb (thik\u00eb) shtetasin D. B., 26 vje\u00e7, banues n\u00eb Elbasan, i cili ka shkuar n\u00eb spital p\u00ebr ndihm\u00eb mjek\u00ebsore.<\/span><\/p>\n<p><span style=\"color: #000000;\">Po nga veprimet hetimore ka rezultuar se mjeku i rojes, n\u00eb spitalin ku ka marr mjekim 26-vje\u00e7ari, nuk ka sh\u00ebnuar n\u00eb kartel\u00ebn mjek\u00ebsore asnj\u00eb informacion mbi mjekimet e dh\u00ebna t\u00eb pacientit. P\u00ebr k\u00ebt\u00eb arsye Prokuroria ka urdh\u00ebruar ndalimin e tij.<\/span><\/p>\n<p><span style=\"color: #000000;\">Urdh\u00ebr ndalimi i Prokuroris\u00eb \u00ebsht\u00eb ekzekutuar nga specialist\u00ebt p\u00ebr Hetimin e Krimeve t\u00eb Komisariatit t\u00eb Policis\u00eb Elbasan, t\u00eb cil\u00ebt kan\u00eb ndaluar mjekun roje n\u00eb spitalin ku ka marr\u00eb mjekim 26-vje\u00e7ari, shtetasin K. D., 32 vje\u00e7, p\u00ebr vepr\u00ebn penale \u201cShp\u00ebrdorimi i detyr\u00ebs\u201d.<\/span><\/p>\n<p><span style=\"color: #000000;\">Materialet procedurale i kaluan Prokuroris\u00eb, p\u00ebr veprime t\u00eb m\u00ebtejshme<\/span><\/p>\n<p><span style=\"color: #000000;\"><strong>Vendimi i Gjykat\u00ebs n\u00eb lidhje me ngjarjen:<\/strong><\/span><\/p>\n<p><span style=\"color: #000000;\">Vendimi shkurtuar Nr. 708\u00a0 \u201cP\u00ebr vleft\u00ebsimin e arrestimit n\u00eb flagranc\u00eb dhe caktimin e mas\u00ebs s\u00eb siguris\u00eb\u201d p\u00ebr shtetasin A.K., akuzuar p\u00ebr vepr\u00ebn penale t\u00eb \u201cVrasjes me dashje\u201d t\u00eb mbetur n\u00eb tentativ\u00eb, t\u00eb parashikuar nga neni 78-22 t\u00eb Kodit Penal.<\/span><\/p>\n<p><span style=\"color: #000000;\">Sot m\u00eb dat\u00eb 13.10.2024, Gjykata e Shkall\u00ebs s\u00eb Par\u00eb e Juridiksionit t\u00eb P\u00ebrgjithsh\u00ebm Elbasan me trup gjykues t\u00eb p\u00ebrb\u00ebr\u00eb nga Gjyqtar z. Ardit Kuka n\u00eb p\u00ebrfundim t\u00eb gjykimit vendosi:<\/span><\/p>\n<p><span style=\"color: #000000;\">1.Pranimin e k\u00ebrkes\u00ebs.<\/span><\/p>\n<p><span style=\"color: #000000;\">2.Vleft\u00ebsimin e ligjsh\u00ebm t\u00eb arrestimit n\u00eb flagranc\u00eb t\u00eb personit n\u00ebn hetim A.K., i arrestuar nga policia gjyq\u00ebsore, si i dyshuar p\u00ebr kryerjen e vepr\u00ebs penale t\u00eb \u201cVrasjes me dashje\u201d, t\u00eb mbetur n\u00eb tentativ\u00eb, t\u00eb parashikuar nga neni 78-22 t\u00eb Kodit Penal.<\/span><\/p>\n<p><span style=\"color: #000000;\">3.Caktimin e mas\u00ebs s\u00eb sigurimit personal me karakter shtr\u00ebngues \u201carrest n\u00eb burg\u201d t\u00eb parashikuar nga neni 238 i Kodit t\u00eb Procedur\u00ebs Penale p\u00ebr personin n\u00ebn hetim A.K..<\/span><\/p>\n<p><span style=\"color: #000000;\">4.Ngarkohet Prokuroria pran\u00eb Gjykat\u00ebs s\u00eb Shkall\u00ebs s\u00eb Par\u00eb t\u00eb Juridiksionit t\u00eb P\u00ebrgjithsh\u00ebm Elbasan p\u00ebr ekzekutimin e k\u00ebtij vendimi.<\/span><\/p>\n<p><span style=\"color: #000000;\">5.Shpenzimet gjyq\u00ebsore lihen si\u00e7 jan\u00eb b\u00ebr\u00eb.<\/span><\/p>\n<p><span style=\"color: #000000;\">6.Kund\u00ebr k\u00ebtij vendimi lejohet ankim n\u00eb Gjykat\u00ebn e Apelit t\u00eb Juridiksionit t\u00eb P\u00ebrgjithsh\u00ebm, brenda 5 (pes\u00eb) dit\u00ebve, duke filluar ky afat nga dita e nes\u00ebrme e njoftimit t\u00eb arsyetuar t\u00eb tij.<\/span><\/p>\n<p><span style=\"color: #000000;\">Pal\u00ebt e pranishme mor\u00ebn dijeni.<\/span><\/p>\n<p><span style=\"color: #000000;\">U shpall n\u00eb Elbasan, m\u00eb dat\u00eb 13.10.2024.<\/span><\/p>\n","protected":false,"gt_translate_keys":[{"key":"rendered","format":"html"}]},"excerpt":{"rendered":"<p>N\u00eb lidhje me ngjarjen e ndodhur mbr\u00ebmjen e djeshme n\u00eb Elbasan ku nj\u00eb 26-vje\u00e7ar u plagos me mjet prer\u00ebs policia ka arrestuar edhe mjekun e spitalit ku mori mjekim i riu. Edhe autori i dyshuar i ngjarjes 56-vje\u00e7ari u arrestua nga policia dhe gjykata p\u00ebr t\u00eb vendosi mas\u00ebn arrest me burg p\u00ebr akuz\u00ebn \u201cvrasje me [&hellip;]<\/p>\n","protected":false,"gt_translate_keys":[{"key":"rendered","format":"html"}]},"author":32,"featured_media":538582,"comment_status":"closed","ping_status":"open","sticky":false,"template":"","format":"standard","meta":{"footnotes":""},"categories":[65,13],"tags":[],"class_list":["post-703548","post","type-post","status-publish","format-standard","has-post-thumbnail","hentry","category-lajme","category-te-fundit"],"gt_translate_keys":[{"key":"link","format":"url"}],"_links":{"self":[{"href":"https:\/\/www.hashtag.al\/index.php\/wp-json\/wp\/v2\/posts\/703548","targetHints":{"allow":["GET"]}}],"collection":[{"href":"https:\/\/www.hashtag.al\/index.php\/wp-json\/wp\/v2\/posts"}],"about":[{"href":"https:\/\/www.hashtag.al\/index.php\/wp-json\/wp\/v2\/types\/post"}],"author":[{"embeddable":true,"href":"https:\/\/www.hashtag.al\/index.php\/wp-json\/wp\/v2\/users\/32"}],"replies":[{"embeddable":true,"href":"https:\/\/www.hashtag.al\/index.php\/wp-json\/wp\/v2\/comments?post=703548"}],"version-history":[{"count":0,"href":"https:\/\/www.hashtag.al\/index.php\/wp-json\/wp\/v2\/posts\/703548\/revisions"}],"wp:featuredmedia":[{"embeddable":true,"href":"https:\/\/www.hashtag.al\/index.php\/wp-json\/wp\/v2\/media\/538582"}],"wp:attachment":[{"href":"https:\/\/www.hashtag.al\/index.php\/wp-json\/wp\/v2\/media?parent=703548"}],"wp:term":[{"taxonomy":"category","embeddable":true,"href":"https:\/\/www.hashtag.al\/index.php\/wp-json\/wp\/v2\/categories?post=703548"},{"taxonomy":"post_tag","embeddable":true,"href":"https:\/\/www.hashtag.al\/index.php\/wp-json\/wp\/v2\/tags?post=703548"}],"curies":[{"name":"wp","href":"https:\/\/api.w.org\/{rel}","templated":true}]}}