{"id":703471,"date":"2024-10-12T16:38:50","date_gmt":"2024-10-12T14:38:50","guid":{"rendered":"https:\/\/www.hashtag.al\/?p=703471"},"modified":"2024-10-12T16:38:50","modified_gmt":"2024-10-12T14:38:50","slug":"ne-20-tetor-nis-maratona-e-tiranes-veliaj-mundesi-per-te-promovuar-kulturen-dhe-sportin","status":"publish","type":"post","link":"https:\/\/www.hashtag.al\/index.php\/2024\/10\/12\/ne-20-tetor-nis-maratona-e-tiranes-veliaj-mundesi-per-te-promovuar-kulturen-dhe-sportin\/","title":{"rendered":"N\u00eb 20 Tetor nis Maratona e Tiran\u00ebs, Veliaj: Mund\u00ebsi p\u00ebr t\u00eb promovuar kultur\u00ebn dhe sportin","gt_translate_keys":[{"key":"rendered","format":"text"}]},"content":{"rendered":"<p><a href=\"https:\/\/www.hashtag.al\/wp-content\/uploads\/2024\/10\/1728741612_veliaj.jpg\"><img loading=\"lazy\" decoding=\"async\" class=\"aligncenter size-full wp-image-703472\" src=\"https:\/\/www.hashtag.al\/wp-content\/uploads\/2024\/10\/1728741612_veliaj.jpg\" alt=\"\" width=\"780\" height=\"440\" srcset=\"https:\/\/www.hashtag.al\/wp-content\/uploads\/2024\/10\/1728741612_veliaj.jpg 780w, https:\/\/www.hashtag.al\/wp-content\/uploads\/2024\/10\/1728741612_veliaj-300x169.jpg 300w, https:\/\/www.hashtag.al\/wp-content\/uploads\/2024\/10\/1728741612_veliaj-768x433.jpg 768w\" sizes=\"auto, (max-width: 780px) 100vw, 780px\" \/><\/a><\/p>\n<p>&nbsp;<\/p>\n<p><span style=\"color: #000000;\">Tirana do t\u00eb mir\u00ebpres\u00eb rreth 4 mij\u00eb vrapues nga vende t\u00eb ndryshme t\u00eb bot\u00ebs, t\u00eb cil\u00ebt do t\u00eb marrin pjes\u00eb n\u00eb edicionin e 8-t\u00eb Maraton\u00ebs m\u00eb 20 tetor.<\/span><\/p>\n<p><span style=\"color: #000000;\">Kryetari i Bashkis\u00eb s\u00eb Tiran\u00ebs, Erion Veliaj zhvilloi nj\u00eb takim me organizator\u00ebt dhe vullnetar\u00ebt e ngjarjes m\u00eb t\u00eb madhe sportive t\u00eb vitit, p\u00ebr t\u00eb koordinuar detajet e fundit dhe mbar\u00ebvajtjen e eventit.<\/span><\/p>\n<p><span style=\"color: #000000;\">Ai u shpreh se Maratona e Tiran\u00ebs \u00ebsht\u00eb nj\u00eb mund\u00ebsi e jasht\u00ebzakonshme p\u00ebr t\u00eb promovuar qytetin.<\/span><\/p>\n<p><span style=\"color: #000000;\"><em>\u00a0\u201cMaraton\u00ebn e Tiran\u00ebs e kemi kthyer n\u00eb tradit\u00eb prej 8 vitesh. Do t\u00eb vijn\u00eb vrapues nga Andorra, Danimarka, Estonia, Finlanda, Franca, Hungaria, India, Irlanda, Japonia, Lituania, Malta, Holanda, Norvegjia, Polonia, Portugalia, Rumania, Rusia, San Marino, Serbia, Sllovakia, Sllovenia, Afrika e Jugut, Spanja, Suedia, Zvicra, Turqia, Ukraina, Anglia, dhe kur shikoj se kemi vrapues edhe nga Meksika, Maroku, Kenia, Kanadaja, do t\u00eb thot\u00eb se praktikisht po na vjen e gjith\u00eb bota n\u00eb sht\u00ebpi. Ne e dim\u00eb edhe nga historia e Luiz\u00ebs apo Taulantit, se nj\u00eb atlet \u00ebsht\u00eb edhe nj\u00eb influencer. Praktikisht, kemi nj\u00eb super mund\u00ebsi q\u00eb k\u00ebt\u00eb Tiran\u00ebn q\u00eb e njohim p\u00ebr jet\u00ebn, gjall\u00ebrin\u00eb, kulinarin\u00eb, e mikpritjen, ta njoh\u00eb e gjith\u00eb bota<\/em>\u201d, tha ai.<\/span><\/p>\n<p><span style=\"color: #000000;\">Kreu i Bashkis\u00eb u shpreh se n\u00eb k\u00ebto 8 vite qyteti \u00ebsht\u00eb maturuar p\u00ebr t\u00eb mir\u00ebpritur organizime t\u00eb tilla madhore.<\/span><\/p>\n<p><span style=\"color: #000000;\"><em>\u201cM\u00eb kujtohet viti i par\u00eb i Maraton\u00ebs, kur njer\u00ebzit thoshin: \u2018Kryetar, na \u00e7mende, \u00e7\u2019jan\u00eb k\u00ebto rrug\u00eb q\u00eb bllokon?\u2019 Ca guximtar\u00eb shtynin polic\u00ebt dhe futeshin mes vrapuesve, nd\u00ebrkoh\u00eb q\u00eb sot shikon se si qyteti \u00ebsht\u00eb pjekur dhe e ka kuptuar q\u00eb, n\u00ebse ua l\u00ebm\u00eb 4-5 or\u00eb qytetin atyre q\u00eb e shkat\u00ebrrojn\u00eb dhe e djegin, mund t\u2019ua 4-5 or\u00eb edhe atyre q\u00eb do vrapojn\u00eb dhe do e promovojn\u00eb. Ky \u00ebsht\u00eb nj\u00eb \u2018pushtim\u2019 i bukur i qytetit, jo si ajo q\u00eb pam\u00eb n\u00eb fillim t\u00eb jav\u00ebs\u201d, <\/em>tha ai.<\/span><\/p>\n<p><span style=\"color: #000000;\">Veliaj k\u00ebrkoi mir\u00ebkuptimin e qytetar\u00ebve p\u00ebr t\u00eb Tiran\u00ebs p\u00ebr kufizimin e qarkullimit t\u00eb l\u00ebvizjes n\u00eb disa prej rrug\u00ebve n\u00eb kryeqytet n\u00eb dit\u00ebn e maraton\u00ebs.<\/span><\/p>\n<p><span style=\"color: #000000;\">\u201c<em>Do t\u00eb doja shum\u00eb q\u00eb ta p\u00ebrdorim k\u00ebt\u00eb mund\u00ebsi p\u00ebr t\u00eb komunikuar me qytetar\u00ebt, n\u00eb m\u00ebnyr\u00eb q\u00eb kush preket nga perimetri i maraton\u00ebs, ose t\u00eb dal\u00eb pak m\u00eb her\u00ebt nga sht\u00ebpia, n\u00ebse do shkojn\u00eb diku p\u00ebr fundjav\u00eb, ose t\u2019i l\u00ebn\u00eb p\u00ebr pas dreke l\u00ebvizjet. P\u00ebrve\u00e7se emergjencave, \u00e7do qytet, edhe Nju Jorku, Tokio, Londra, Berlini, \u00e7do vend q\u00eb ju keni par\u00eb, maraton\u00ebn e respekton si nj\u00eb mund\u00ebsi e jasht\u00ebzakonshme p\u00ebr sportin. N\u00ebse nj\u00eb turisti i duhen 10 dit\u00eb p\u00ebr t\u00eb par\u00eb \u00e7do gj\u00eb n\u00eb Tiran\u00eb, ata t\u00eb maraton\u00ebs praktikisht p\u00ebr 1-2 or\u00eb do shohin gjith\u00eb pikat kryesore t\u00eb Tiran\u00ebs dhe do marrin shijen e qytetit ton\u00eb\u201d,<\/em> theksoi Veliaj.<\/span><\/p>\n<p><span style=\"color: #000000;\">Kryebashkiaku dha disa detaje p\u00ebr \u00e7mimet q\u00eb do jepen k\u00ebt\u00eb vit, nd\u00ebrsa shtoi se gar\u00ebs s\u00eb Maraton\u00ebs s\u00eb Tiran\u00ebs do i paraprij\u00eb, si \u00e7do vit, gara \u201cFun Run\u201d, ku pjes\u00ebmarr\u00ebs jan\u00eb t\u00eb rinjt\u00eb e qytetit.<\/span><\/p>\n<p><span style=\"color: #000000;\"><em>\u201cGara Fun-Run b\u00ebhet kryesisht p\u00ebr t\u00eb motivuar t\u00eb rinjt\u00eb q\u00eb t\u00eb merren me sport. Ajo b\u00ebhet dit\u00ebn e shtun\u00eb, kurse maratona profesioniste t\u00eb diel\u00ebn. Ka disa kategori: 42km, 21km, 10km dhe 5km p\u00ebr kategorin\u00eb \u00ebe-Too, e cila b\u00ebn pjes\u00eb t\u00eb k\u00ebtij g\u00ebzimi t\u00eb madh t\u00eb qytetit edhe personat me aft\u00ebsi ndryshe. Mezi e pres at\u00eb dit\u00eb dhe n\u00eb k\u00ebt\u00eb edicion t\u00eb 8-t\u00eb forcojm\u00eb nj\u00eb tradit\u00eb t\u00eb jasht\u00ebzakonshme, por duke u siguruar t\u00eb mos pengojm\u00eb p\u00ebrditshm\u00ebrin\u00eb e qytetit. Rreth nj\u00eb mij\u00eb prej atlet\u00ebve q\u00eb garojn\u00eb jan\u00eb profesionist\u00eb dhe vijn\u00eb p\u00ebr t\u00eb fituar \u00e7mimet, t\u00eb cil\u00ebt k\u00ebt\u00eb vit jan\u00eb 5000, 3000 dhe 2000 euro\u201d,<\/em> tha Veliaj.<\/span><\/p>\n<p><span style=\"color: #000000;\">Maratona e Tiran\u00ebs \u00ebsht\u00eb nj\u00eb manifestim p\u00ebr nj\u00eb jetes\u00eb t\u00eb sh\u00ebndetshme, por edhe nj\u00eb mund\u00ebsi p\u00ebr t\u2019u marr\u00eb me sport.<\/span><\/p>\n","protected":false,"gt_translate_keys":[{"key":"rendered","format":"html"}]},"excerpt":{"rendered":"<p>&nbsp; Tirana do t\u00eb mir\u00ebpres\u00eb rreth 4 mij\u00eb vrapues nga vende t\u00eb ndryshme t\u00eb bot\u00ebs, t\u00eb cil\u00ebt do t\u00eb marrin pjes\u00eb n\u00eb edicionin e 8-t\u00eb Maraton\u00ebs m\u00eb 20 tetor. Kryetari i Bashkis\u00eb s\u00eb Tiran\u00ebs, Erion Veliaj zhvilloi nj\u00eb takim me organizator\u00ebt dhe vullnetar\u00ebt e ngjarjes m\u00eb t\u00eb madhe sportive t\u00eb vitit, p\u00ebr t\u00eb koordinuar detajet [&hellip;]<\/p>\n","protected":false,"gt_translate_keys":[{"key":"rendered","format":"html"}]},"author":32,"featured_media":703472,"comment_status":"closed","ping_status":"open","sticky":false,"template":"","format":"standard","meta":{"footnotes":""},"categories":[65],"tags":[],"class_list":["post-703471","post","type-post","status-publish","format-standard","has-post-thumbnail","hentry","category-lajme"],"gt_translate_keys":[{"key":"link","format":"url"}],"_links":{"self":[{"href":"https:\/\/www.hashtag.al\/index.php\/wp-json\/wp\/v2\/posts\/703471","targetHints":{"allow":["GET"]}}],"collection":[{"href":"https:\/\/www.hashtag.al\/index.php\/wp-json\/wp\/v2\/posts"}],"about":[{"href":"https:\/\/www.hashtag.al\/index.php\/wp-json\/wp\/v2\/types\/post"}],"author":[{"embeddable":true,"href":"https:\/\/www.hashtag.al\/index.php\/wp-json\/wp\/v2\/users\/32"}],"replies":[{"embeddable":true,"href":"https:\/\/www.hashtag.al\/index.php\/wp-json\/wp\/v2\/comments?post=703471"}],"version-history":[{"count":0,"href":"https:\/\/www.hashtag.al\/index.php\/wp-json\/wp\/v2\/posts\/703471\/revisions"}],"wp:featuredmedia":[{"embeddable":true,"href":"https:\/\/www.hashtag.al\/index.php\/wp-json\/wp\/v2\/media\/703472"}],"wp:attachment":[{"href":"https:\/\/www.hashtag.al\/index.php\/wp-json\/wp\/v2\/media?parent=703471"}],"wp:term":[{"taxonomy":"category","embeddable":true,"href":"https:\/\/www.hashtag.al\/index.php\/wp-json\/wp\/v2\/categories?post=703471"},{"taxonomy":"post_tag","embeddable":true,"href":"https:\/\/www.hashtag.al\/index.php\/wp-json\/wp\/v2\/tags?post=703471"}],"curies":[{"name":"wp","href":"https:\/\/api.w.org\/{rel}","templated":true}]}}