{"id":703391,"date":"2024-10-11T21:34:47","date_gmt":"2024-10-11T19:34:47","guid":{"rendered":"https:\/\/www.hashtag.al\/?p=703391"},"modified":"2024-10-11T22:26:29","modified_gmt":"2024-10-11T20:26:29","slug":"orban-kreret-e-be-se-kerkojne-rrezimin-e-qeverise-hungareze","status":"publish","type":"post","link":"https:\/\/www.hashtag.al\/index.php\/2024\/10\/11\/orban-kreret-e-be-se-kerkojne-rrezimin-e-qeverise-hungareze\/","title":{"rendered":"Orban: Krer\u00ebt e BE-s\u00eb k\u00ebrkojn\u00eb rr\u00ebzimin e qeveris\u00eb hungareze","gt_translate_keys":[{"key":"rendered","format":"text"}]},"content":{"rendered":"<p><span style=\"color: #000000;\"><a href=\"https:\/\/www.hashtag.al\/wp-content\/uploads\/2024\/10\/orban-1.jpg\"><img loading=\"lazy\" decoding=\"async\" class=\"aligncenter size-full wp-image-703392\" src=\"https:\/\/www.hashtag.al\/wp-content\/uploads\/2024\/10\/orban-1.jpg\" alt=\"\" width=\"600\" height=\"360\" srcset=\"https:\/\/www.hashtag.al\/wp-content\/uploads\/2024\/10\/orban-1.jpg 600w, https:\/\/www.hashtag.al\/wp-content\/uploads\/2024\/10\/orban-1-300x180.jpg 300w\" sizes=\"auto, (max-width: 600px) 100vw, 600px\" \/><\/a><\/span><\/p>\n<p><span style=\"color: #000000;\">Kryeministri i Hungaris\u00eb, Viktor Orban deklaroi t\u00eb premten se udh\u00ebheq\u00ebs t\u00eb Bashkimit Europian synojn\u00eb t\u00eb \u201crr\u00ebzojn\u00eb\u201d qeverin\u00eb e tij.<\/span><\/p>\n<p><span style=\"color: #000000;\">\u201cPresidentja e Komisionit Europian Ursula von der Leyen dhe Manfred Weber, Presidenti i Partive Popullore Europiane kan\u00eb njoftuar se k\u00ebrkojn\u00eb t\u00eb p\u00ebrmbysin qeverin\u00eb hungareze. Ata kan\u00eb deklaruar se duan nj\u00eb qeveri tjet\u00ebr. Ata po ashtu jan\u00eb shprehur se kush duhet t\u00eb qeveris\u00eb n\u00eb t\u00eb ardhmen, si t\u00eb thuash, nj\u00eb qeveri miq\u00ebsore me Brukselin, sepse kjo qeveri sovrane nuk \u00ebsht\u00eb e mir\u00eb p\u00ebr ta. Ata e kan\u00eb deklaruar hapur. K\u00ebt\u00eb gj\u00eb e kam ditur prej koh\u00ebsh. Nuk duhet t\u00eb jesh fitues i Nobelit p\u00ebr ta kuptuar\u201d, tha ai p\u00ebr median shtet\u00ebrore hungareze.<\/span><\/p>\n<p><span style=\"color: #000000;\">Kryeministri hungarez po p\u00ebrballet me izolim n\u00eb rritje nga Bashkimi Europian p\u00ebr shkak t\u00eb q\u00ebndrimit t\u00eb tij mbi luft\u00ebn n\u00eb Ukrain\u00eb dhe akuzave se gjat\u00eb udh\u00ebheqjes s\u00eb tij 14 vje\u00e7are, qeveria n\u00eb m\u00ebnyr\u00eb t\u00eb vazhdueshme ka kufizuar parimet dhe t\u00eb drejtat q\u00eb garantojn\u00eb nj\u00eb shtet demokratik.<\/span><\/p>\n<p><span style=\"color: #000000;\">\u201cBrukseli k\u00ebrkon t\u00eb delegoj\u00eb nj\u00eb socialist dhe nj\u00eb an\u00ebtar t\u00eb Partive Popullore n\u00eb qeverin\u00eb e ardhshme hungareze, q\u00eb do t\u00eb mb\u00ebshteste objektivat m\u00eb t\u00eb r\u00ebnd\u00ebsishme t\u00eb Brukselit, q\u00eb jan\u00eb shkaku i konflikteve tani\u201d, tha Orban, p\u00ebrcjell VOA.<\/span><\/p>\n<p><span style=\"color: #000000;\">Kryeministri Orban prej koh\u00ebsh ka patur mosmarr\u00ebveshje me BE-n\u00eb p\u00ebr shkak t\u00eb asaj q\u00eb blloku europian e sheh si kufizim t\u00eb t\u00eb drejtave demokratike n\u00eb Hungari dhe ai \u00ebsht\u00eb kritikuar p\u00ebrher\u00eb e m\u00eb shum\u00eb p\u00ebr marr\u00ebdh\u00ebniet e ngushta me autokracit\u00eb si Rusia dhe Kina.<\/span><\/p>\n<p><span style=\"color: #000000;\">Dy vjet m\u00eb par\u00eb, Parlamenti Europian deklaroi se Hungaria n\u00ebn drejtimin e Viktor Orbanit ishte kthyer n\u00eb \u201cnj\u00eb regjim hibrid t\u00eb autokracis\u00eb zgjedhore\u201d, duke e nxjerr\u00eb nga komuniteti i demokracive.<\/span><\/p>\n","protected":false,"gt_translate_keys":[{"key":"rendered","format":"html"}]},"excerpt":{"rendered":"<p>Kryeministri i Hungaris\u00eb, Viktor Orban deklaroi t\u00eb premten se udh\u00ebheq\u00ebs t\u00eb Bashkimit Europian synojn\u00eb t\u00eb \u201crr\u00ebzojn\u00eb\u201d qeverin\u00eb e tij. \u201cPresidentja e Komisionit Europian Ursula von der Leyen dhe Manfred Weber, Presidenti i Partive Popullore Europiane kan\u00eb njoftuar se k\u00ebrkojn\u00eb t\u00eb p\u00ebrmbysin qeverin\u00eb hungareze. Ata kan\u00eb deklaruar se duan nj\u00eb qeveri tjet\u00ebr. Ata po ashtu jan\u00eb [&hellip;]<\/p>\n","protected":false,"gt_translate_keys":[{"key":"rendered","format":"html"}]},"author":32,"featured_media":703392,"comment_status":"closed","ping_status":"open","sticky":false,"template":"","format":"standard","meta":{"footnotes":""},"categories":[6,13],"tags":[],"class_list":["post-703391","post","type-post","status-publish","format-standard","has-post-thumbnail","hentry","category-nderkombetare","category-te-fundit"],"gt_translate_keys":[{"key":"link","format":"url"}],"_links":{"self":[{"href":"https:\/\/www.hashtag.al\/index.php\/wp-json\/wp\/v2\/posts\/703391","targetHints":{"allow":["GET"]}}],"collection":[{"href":"https:\/\/www.hashtag.al\/index.php\/wp-json\/wp\/v2\/posts"}],"about":[{"href":"https:\/\/www.hashtag.al\/index.php\/wp-json\/wp\/v2\/types\/post"}],"author":[{"embeddable":true,"href":"https:\/\/www.hashtag.al\/index.php\/wp-json\/wp\/v2\/users\/32"}],"replies":[{"embeddable":true,"href":"https:\/\/www.hashtag.al\/index.php\/wp-json\/wp\/v2\/comments?post=703391"}],"version-history":[{"count":0,"href":"https:\/\/www.hashtag.al\/index.php\/wp-json\/wp\/v2\/posts\/703391\/revisions"}],"wp:featuredmedia":[{"embeddable":true,"href":"https:\/\/www.hashtag.al\/index.php\/wp-json\/wp\/v2\/media\/703392"}],"wp:attachment":[{"href":"https:\/\/www.hashtag.al\/index.php\/wp-json\/wp\/v2\/media?parent=703391"}],"wp:term":[{"taxonomy":"category","embeddable":true,"href":"https:\/\/www.hashtag.al\/index.php\/wp-json\/wp\/v2\/categories?post=703391"},{"taxonomy":"post_tag","embeddable":true,"href":"https:\/\/www.hashtag.al\/index.php\/wp-json\/wp\/v2\/tags?post=703391"}],"curies":[{"name":"wp","href":"https:\/\/api.w.org\/{rel}","templated":true}]}}