{"id":703228,"date":"2024-10-11T07:46:10","date_gmt":"2024-10-11T05:46:10","guid":{"rendered":"https:\/\/www.hashtag.al\/?p=703228"},"modified":"2024-10-11T07:46:10","modified_gmt":"2024-10-11T05:46:10","slug":"lajcak-takim-me-bislimin-kisha-takim-te-mire-dhe-te-dobishem","status":"publish","type":"post","link":"https:\/\/www.hashtag.al\/index.php\/2024\/10\/11\/lajcak-takim-me-bislimin-kisha-takim-te-mire-dhe-te-dobishem\/","title":{"rendered":"Laj\u00e7ak takim me Bislimin: Kisha takim t\u00eb mir\u00eb dhe t\u00eb dobish\u00ebm","gt_translate_keys":[{"key":"rendered","format":"text"}]},"content":{"rendered":"<p style=\"text-align: left;\"><span style=\"color: #000000;\"><img loading=\"lazy\" decoding=\"async\" class=\" wp-image-703229 aligncenter\" src=\"https:\/\/www.hashtag.al\/wp-content\/uploads\/2024\/10\/Screenshot-2024-10-11-071606-300x166.png\" alt=\"\" width=\"777\" height=\"430\" srcset=\"https:\/\/www.hashtag.al\/wp-content\/uploads\/2024\/10\/Screenshot-2024-10-11-071606-300x166.png 300w, https:\/\/www.hashtag.al\/wp-content\/uploads\/2024\/10\/Screenshot-2024-10-11-071606.png 723w\" sizes=\"auto, (max-width: 777px) 100vw, 777px\" \/><\/span><\/p>\n<p style=\"text-align: left;\"><span style=\"color: #000000;\">I d\u00ebrguari i posa\u00e7\u00ebm i Bashkimit Evropian p\u00ebr dialogun, Mirosllav Laj\u00e7ak, tha t\u00eb enjten von\u00eb se u takua me kryenegociatorin e Kosov\u00ebs, Besnik Bislimi, n\u00eb Vjen\u00eb, p\u00ebr ta p\u00ebrgatitur takimin e radh\u00ebs t\u00eb kryenegociator\u00ebve n\u00eb <em>dialogun mes Kosov\u00ebs dhe Serbis\u00eb.<\/em><\/span><\/p>\n<p style=\"text-align: left;\"><span style=\"color: #000000;\"><em>\u201cKisha takim t\u00eb mir\u00eb dhe t\u00eb dobish\u00ebm me z\u00ebvend\u00ebskryeministrin e par\u00eb Besnik Bislimi. Biseduam holl\u00ebsit\u00eb p\u00ebr zbatimin e plot\u00eb t\u00eb marr\u00ebveshjes p\u00ebr rrug\u00ebn drejt normalizimit\u201d,<\/em> shkroi ai.<\/span><\/p>\n<p style=\"text-align: left;\"><span style=\"color: #000000;\">Megjithat\u00eb, ai nuk tregoi se kur do t\u00eb mbahet takimi i ardhsh\u00ebm i kryenegociator\u00ebve t\u00eb Kosov\u00ebs dhe Serbis\u00eb n\u00ebn nd\u00ebrmjet\u00ebsimin e Bashkimit Evropian n\u00eb Bruksel.<\/span><\/p>\n<p style=\"text-align: left;\"><span style=\"color: #000000;\">Bislimi, dhe kryenegociatori i Serbis\u00eb, Petar Petkovi\u00e7, ishin n\u00eb Bruksel p\u00ebr her\u00eb t\u00eb fundit m\u00eb 20 shtator, ku nuk u pajtuan p\u00ebr takim t\u00eb p\u00ebrbashk\u00ebt.<\/span><\/p>\n<p style=\"text-align: left;\"><span style=\"color: #000000;\">Ata zhvilluan dy her\u00eb bisedime t\u00eb ndara me Laj\u00e7akun, i cili duket se nuk arriti t\u2019i bind\u00eb ata p\u00ebr nj\u00eb takim trepal\u00ebsh.<\/span><\/p>\n<p style=\"text-align: left;\"><span style=\"color: #000000;\">Ata e akuzuan nj\u00ebri-tjetrit p\u00ebr d\u00ebshtimin e takimit trepal\u00ebsh. Bislimi tha se Serbia e \u201ckusht\u00ebzoi agjend\u00ebn e takimit me k\u00ebrkesa t\u00eb papranueshme p\u00ebr Kosov\u00ebn\u201d.<\/span><\/p>\n<p style=\"text-align: left;\"><span style=\"color: #000000;\">Por, Petkovi\u00e7 e akuzoi Bislimin se nuk pranoi trepal\u00ebsh p\u00ebr shkak t\u00eb insistimit t\u00eb pal\u00ebs serbe n\u00eb tema si, Asociacioni i komunave me shumic\u00eb serbe.<\/span><\/p>\n<p style=\"text-align: left;\"><span style=\"color: #000000;\">Tem\u00eb kryesore e takimeve t\u00eb fundit ka qen\u00eb zbatimi i Marr\u00ebveshjes Baz\u00eb dhe aneksit t\u00eb implementimit n\u00eb Oh\u00ebr, p\u00ebr \u00e7&#8217;gj\u00eb Kosova dhe Serbia u pajtuan m\u00eb 2023, por nuk kan\u00eb b\u00ebr\u00eb hapa p\u00ebr zbatimin e saj.<\/span><\/p>\n<p style=\"text-align: left;\"><span style=\"color: #000000;\">Marr\u00ebveshja e Ohrit, prej 11 nenesh, nd\u00ebr tjerash parasheh nj\u00eb nivel t\u00eb vet\u00ebmenaxhimit p\u00ebr komunitetin serb n\u00eb Kosov\u00eb, njohje t\u00eb nd\u00ebrsjell\u00eb t\u00eb simboleve shtet\u00ebrore, q\u00eb Serbia t\u00eb mos bllokoj\u00eb an\u00ebtar\u00ebsimin e Kosov\u00ebs n\u00eb organizata nd\u00ebrkomb\u00ebtare, dhe k\u00ebrkon nga Prishtina dhe Beogradi q\u00eb t\u2019i zbatojn\u00eb, po ashtu, t\u00eb gjitha marr\u00ebveshjet e m\u00ebhershme t\u00eb arritura gjat\u00eb dialogut.<\/span><\/p>\n<p style=\"text-align: left;\"><span style=\"color: #000000;\">Kosova dhe Serbia b\u00ebjn\u00eb dialog n\u00ebn nd\u00ebrmjet\u00ebsimin e BE-s\u00eb p\u00ebr normalizimin e marr\u00ebdh\u00ebnieve qysh nga viti 2011.<\/span><\/p>\n<p style=\"text-align: left;\"><span style=\"color: #000000;\">P\u00ebrve\u00e7se n\u00eb nivel kryenegociator\u00ebsh, bisedimet zhvillohen edhe n\u00eb nivel politik.<\/span><\/p>\n<p style=\"text-align: left;\"><span style=\"color: #000000;\">Megjithat\u00eb, kryeministri i Kosov\u00ebs, Albin Kurti, dhe presidenti i Serbis\u00eb, Aleksandar Vu\u00e7i\u00e7, nuk jan\u00eb takuar qysh nga shtatori t\u00eb vitit 2023 dhe t\u00eb dy kan\u00eb akuzuar nj\u00ebri-tjetrin p\u00ebr qasje jokonstruktive.<span style=\"color: #0000ff;\"><strong><a style=\"color: #0000ff;\" href=\"https:\/\/www.evropaelire.org\/a\/lajcak-thote-takoi-bislimin-dialogu-bruksel\/33154142.html\">\/REL<\/a><\/strong><\/span><\/span><\/p>\n","protected":false,"gt_translate_keys":[{"key":"rendered","format":"html"}]},"excerpt":{"rendered":"<p>I d\u00ebrguari i posa\u00e7\u00ebm i Bashkimit Evropian p\u00ebr dialogun, Mirosllav Laj\u00e7ak, tha t\u00eb enjten von\u00eb se u takua me kryenegociatorin e Kosov\u00ebs, Besnik Bislimi, n\u00eb Vjen\u00eb, p\u00ebr ta p\u00ebrgatitur takimin e radh\u00ebs t\u00eb kryenegociator\u00ebve n\u00eb dialogun mes Kosov\u00ebs dhe Serbis\u00eb. \u201cKisha takim t\u00eb mir\u00eb dhe t\u00eb dobish\u00ebm me z\u00ebvend\u00ebskryeministrin e par\u00eb Besnik Bislimi. Biseduam holl\u00ebsit\u00eb [&hellip;]<\/p>\n","protected":false,"gt_translate_keys":[{"key":"rendered","format":"html"}]},"author":49,"featured_media":703229,"comment_status":"closed","ping_status":"open","sticky":false,"template":"","format":"standard","meta":{"footnotes":""},"categories":[149],"tags":[],"class_list":["post-703228","post","type-post","status-publish","format-standard","has-post-thumbnail","hentry","category-kosoverajon"],"gt_translate_keys":[{"key":"link","format":"url"}],"_links":{"self":[{"href":"https:\/\/www.hashtag.al\/index.php\/wp-json\/wp\/v2\/posts\/703228","targetHints":{"allow":["GET"]}}],"collection":[{"href":"https:\/\/www.hashtag.al\/index.php\/wp-json\/wp\/v2\/posts"}],"about":[{"href":"https:\/\/www.hashtag.al\/index.php\/wp-json\/wp\/v2\/types\/post"}],"author":[{"embeddable":true,"href":"https:\/\/www.hashtag.al\/index.php\/wp-json\/wp\/v2\/users\/49"}],"replies":[{"embeddable":true,"href":"https:\/\/www.hashtag.al\/index.php\/wp-json\/wp\/v2\/comments?post=703228"}],"version-history":[{"count":0,"href":"https:\/\/www.hashtag.al\/index.php\/wp-json\/wp\/v2\/posts\/703228\/revisions"}],"wp:featuredmedia":[{"embeddable":true,"href":"https:\/\/www.hashtag.al\/index.php\/wp-json\/wp\/v2\/media\/703229"}],"wp:attachment":[{"href":"https:\/\/www.hashtag.al\/index.php\/wp-json\/wp\/v2\/media?parent=703228"}],"wp:term":[{"taxonomy":"category","embeddable":true,"href":"https:\/\/www.hashtag.al\/index.php\/wp-json\/wp\/v2\/categories?post=703228"},{"taxonomy":"post_tag","embeddable":true,"href":"https:\/\/www.hashtag.al\/index.php\/wp-json\/wp\/v2\/tags?post=703228"}],"curies":[{"name":"wp","href":"https:\/\/api.w.org\/{rel}","templated":true}]}}