{"id":702859,"date":"2024-10-09T08:46:18","date_gmt":"2024-10-09T06:46:18","guid":{"rendered":"https:\/\/www.hashtag.al\/?p=702859"},"modified":"2024-10-09T08:46:18","modified_gmt":"2024-10-09T06:46:18","slug":"klani-berlusconi-po-kthehet-ne-politiken-italiane-bloomberg","status":"publish","type":"post","link":"https:\/\/www.hashtag.al\/index.php\/2024\/10\/09\/klani-berlusconi-po-kthehet-ne-politiken-italiane-bloomberg\/","title":{"rendered":"Klani Berlusconi po kthehet n\u00eb politik\u00ebn italiane &#8211; Bloomberg","gt_translate_keys":[{"key":"rendered","format":"text"}]},"content":{"rendered":"<p><img loading=\"lazy\" decoding=\"async\" class=\"aligncenter size-full wp-image-702860\" src=\"https:\/\/www.hashtag.al\/wp-content\/uploads\/2024\/10\/berlusconi.jpg\" alt=\"\" width=\"768\" height=\"432\" srcset=\"https:\/\/www.hashtag.al\/wp-content\/uploads\/2024\/10\/berlusconi.jpg 768w, https:\/\/www.hashtag.al\/wp-content\/uploads\/2024\/10\/berlusconi-300x169.jpg 300w\" sizes=\"auto, (max-width: 768px) 100vw, 768px\" \/><\/p>\n<p><span style=\"color: #000000;\">Dy f\u00ebmij\u00ebt m\u00eb t\u00eb m\u00ebdhenj t\u00eb kryeministrit t\u00eb ndjer\u00eb italian Silvio Berlusconi thuhet se po takohen me k\u00ebshilltar\u00eb p\u00ebr t\u00eb diskutuar m\u00ebnyrat p\u00ebr t\u00eb rikthyer n\u00eb pushtet partin\u00eb politike t\u00eb babait t\u00eb tyre dhe p\u00ebr t\u00eb sfiduar partin\u00eb qeveris\u00ebse t\u00eb kryeministrit Giorgia Meloni, \u201cFratelli D\u2019Italia\u201d, raportoi Bloomberg t\u00eb mart\u00ebn.<\/span><\/p>\n<p><span style=\"color: #000000;\">Silvio Berlusconi nd\u00ebrroi jet\u00eb vitin e kaluar n\u00eb mosh\u00ebn 86-vje\u00e7are. Ai ishte kryeministri m\u00eb jet\u00ebgjat\u00eb i Italis\u00eb i pasluft\u00ebs, duke qeverisur vendin p\u00ebr pjes\u00ebn m\u00eb t\u00eb madhe t\u00eb viteve 1990 dhe 2000 n\u00eb krye t\u00eb partis\u00eb \u201cForza Italia\u201d, t\u00eb cil\u00ebn ai e themeloi n\u00eb 1994.<\/span><\/p>\n<p><span style=\"color: #000000;\">Sipas Bloomberg, q\u00eb nga fundi i korrikut, f\u00ebmij\u00ebt e Berlusconit, Marina dhe Pier Silvio, jan\u00eb takuar me trash\u00ebgimtarin politik t\u00eb babait t\u00eb tyre, Gianni Letta dhe ish-presidentin e Parlamentit Evropian, i cili tani \u00ebsht\u00eb minist\u00ebr i Jasht\u00ebm i Italis\u00eb, Antonio Tajani. F\u00ebmij\u00ebt e Berluskonit thuhet se kan\u00eb ndar\u00eb ide me ta mbi ekonomin\u00eb, perandorin\u00eb e tyre t\u00eb biznesit si dhe t\u00eb ardhmen e partis\u00eb Forza Italia.<\/span><\/p>\n<p><span style=\"color: #000000;\">Marina, 58 vje\u00e7, aktualisht drejton kompanin\u00eb Holding t\u00eb familjes Berlusconi, Fininvest SpA, nd\u00ebrsa v\u00ebllai i saj Pier Silvio, 55 vje\u00e7, \u00ebsht\u00eb n\u00eb krye t\u00eb konglomeratit mediatik MediaForEurope, i njohur m\u00eb par\u00eb si Mediaset.<\/span><\/p>\n<p><span style=\"color: #000000;\">Gazeta pretendon se klani Berlusconi ka synuar t\u00eb largohet nga bota e korporatave dhe t\u00eb rinovoj\u00eb radh\u00ebt e vjetra t\u00eb Forza Italia dhe ta \u00e7oj\u00eb at\u00eb n\u00eb pik\u00ebn ku mund t\u00eb sfidoj\u00eb partin\u00eb \u201cFratelli D\u2019Italia\u201d, partnerin e saj t\u00eb koalicionit.<\/span><\/p>\n<p><span style=\"color: #000000;\">F\u00ebmij\u00ebt e kryeministrit t\u00eb ndjer\u00eb thuhet gjithashtu se jan\u00eb p\u00ebrpjekur t\u00eb ndikojn\u00eb n\u00eb politik\u00ebn e qeveris\u00eb, me sa duket duke u p\u00ebrpjekur t\u00eb parandalojn\u00eb vendosjen e taksave t\u00eb reja mbi fitimet bankare, sipas Bloomberg.<\/span><\/p>\n<p><span style=\"color: #000000;\">\u201cF\u00ebmij\u00ebt e Berluskonit\u201d, tha p\u00ebr Bloomberg Giovanni Orsina, kreu i departamentit t\u00eb politik\u00ebs n\u00eb Universitetin LUISS n\u00eb Rom\u00eb. Ai sugjeroi q\u00eb nj\u00eb nga f\u00ebmij\u00ebt e Berlusconit madje mund t\u00eb &#8220;pushtoj\u00eb sken\u00ebn&#8221; n\u00ebse Meloni kalon &#8220;n\u00eb modalitetin e kriz\u00ebs&#8221; dhe krijon nj\u00eb vakum pushteti.<\/span><\/p>\n<p><span style=\"color: #000000;\">Raporti i Bloomberg vjen pasi partia e Melonit e ka gjetur veten n\u00eb mosmarr\u00ebveshje me disa nga aleat\u00ebt e saj politik\u00eb, si dhe sh\u00ebrbimet e inteligjenc\u00ebs s\u00eb vendit, nd\u00ebrsa Roma ka qen\u00eb gjithashtu n\u00eb p\u00ebrplasje me Brukselin p\u00ebr politik\u00ebn buxhetore.<\/span><\/p>\n<p>&nbsp;<\/p>\n","protected":false,"gt_translate_keys":[{"key":"rendered","format":"html"}]},"excerpt":{"rendered":"<p>Dy f\u00ebmij\u00ebt m\u00eb t\u00eb m\u00ebdhenj t\u00eb kryeministrit t\u00eb ndjer\u00eb italian Silvio Berlusconi thuhet se po takohen me k\u00ebshilltar\u00eb p\u00ebr t\u00eb diskutuar m\u00ebnyrat p\u00ebr t\u00eb rikthyer n\u00eb pushtet partin\u00eb politike t\u00eb babait t\u00eb tyre dhe p\u00ebr t\u00eb sfiduar partin\u00eb qeveris\u00ebse t\u00eb kryeministrit Giorgia Meloni, \u201cFratelli D\u2019Italia\u201d, raportoi Bloomberg t\u00eb mart\u00ebn. Silvio Berlusconi nd\u00ebrroi jet\u00eb vitin e [&hellip;]<\/p>\n","protected":false,"gt_translate_keys":[{"key":"rendered","format":"html"}]},"author":51,"featured_media":702860,"comment_status":"closed","ping_status":"open","sticky":false,"template":"","format":"standard","meta":{"footnotes":""},"categories":[53],"tags":[],"class_list":["post-702859","post","type-post","status-publish","format-standard","has-post-thumbnail","hentry","category-fast-foodi"],"gt_translate_keys":[{"key":"link","format":"url"}],"_links":{"self":[{"href":"https:\/\/www.hashtag.al\/index.php\/wp-json\/wp\/v2\/posts\/702859","targetHints":{"allow":["GET"]}}],"collection":[{"href":"https:\/\/www.hashtag.al\/index.php\/wp-json\/wp\/v2\/posts"}],"about":[{"href":"https:\/\/www.hashtag.al\/index.php\/wp-json\/wp\/v2\/types\/post"}],"author":[{"embeddable":true,"href":"https:\/\/www.hashtag.al\/index.php\/wp-json\/wp\/v2\/users\/51"}],"replies":[{"embeddable":true,"href":"https:\/\/www.hashtag.al\/index.php\/wp-json\/wp\/v2\/comments?post=702859"}],"version-history":[{"count":0,"href":"https:\/\/www.hashtag.al\/index.php\/wp-json\/wp\/v2\/posts\/702859\/revisions"}],"wp:featuredmedia":[{"embeddable":true,"href":"https:\/\/www.hashtag.al\/index.php\/wp-json\/wp\/v2\/media\/702860"}],"wp:attachment":[{"href":"https:\/\/www.hashtag.al\/index.php\/wp-json\/wp\/v2\/media?parent=702859"}],"wp:term":[{"taxonomy":"category","embeddable":true,"href":"https:\/\/www.hashtag.al\/index.php\/wp-json\/wp\/v2\/categories?post=702859"},{"taxonomy":"post_tag","embeddable":true,"href":"https:\/\/www.hashtag.al\/index.php\/wp-json\/wp\/v2\/tags?post=702859"}],"curies":[{"name":"wp","href":"https:\/\/api.w.org\/{rel}","templated":true}]}}