{"id":702807,"date":"2024-10-08T19:20:13","date_gmt":"2024-10-08T17:20:13","guid":{"rendered":"https:\/\/www.hashtag.al\/?p=702807"},"modified":"2024-10-08T19:45:25","modified_gmt":"2024-10-08T17:45:25","slug":"rama-administrata-publike-ka-nje-force-aftesish-dhe-nje-mundesi-te-shprehjes-qe-se-ka-pasur-me-pare","status":"publish","type":"post","link":"https:\/\/www.hashtag.al\/index.php\/2024\/10\/08\/rama-administrata-publike-ka-nje-force-aftesish-dhe-nje-mundesi-te-shprehjes-qe-se-ka-pasur-me-pare\/","title":{"rendered":"Rama: Administrata publike ka nj\u00eb forc\u00eb aft\u00ebsish dhe nj\u00eb mund\u00ebsi t\u00eb shprehjes q\u00eb se ka pasur m\u00eb par\u00eb","gt_translate_keys":[{"key":"rendered","format":"text"}]},"content":{"rendered":"<p style=\"text-align: left;\"><span style=\"color: #000000;\"><img loading=\"lazy\" decoding=\"async\" class=\" wp-image-702813 aligncenter\" src=\"https:\/\/www.hashtag.al\/wp-content\/uploads\/2024\/10\/Capture.JPG4_-2-713x450-1-300x189.jpg\" alt=\"\" width=\"684\" height=\"431\" srcset=\"https:\/\/www.hashtag.al\/wp-content\/uploads\/2024\/10\/Capture.JPG4_-2-713x450-1-300x189.jpg 300w, https:\/\/www.hashtag.al\/wp-content\/uploads\/2024\/10\/Capture.JPG4_-2-713x450-1.jpg 713w\" sizes=\"auto, (max-width: 684px) 100vw, 684px\" \/><\/span><\/p>\n<p style=\"text-align: left;\"><span style=\"color: #000000;\">Kryeministri Edi Rama, i pranish\u00ebm n\u00eb Programin Komb\u00ebtar t\u00eb Praktikave t\u00eb Pun\u00ebs, tha se sot administrata publike ka nj\u00eb forc\u00eb aft\u00ebsish dhe nj\u00eb mund\u00ebsi t\u00eb shprehjes q\u00eb kurr\u00eb se ka pasur m\u00eb par\u00eb.<\/span><\/p>\n<p style=\"text-align: left;\"><span style=\"color: #000000;\">Rama vler\u00ebsoi administrat\u00ebn publike ve\u00e7an\u00ebrisht n\u00eb procesin e screening apo sikund\u00ebr tha Kryeministri, procesin e diagnostikimit t\u00eb problematikave t\u00eb nj\u00eb vendi, p\u00ebrpara se t\u00eb hapen negociatat me Bashkimin Europian.<\/span><\/p>\n<p style=\"text-align: left;\"><span style=\"color: #000000;\"><em>\u201cKam pasur brenda meje gjithmon\u00eb, si\u00e7 kan\u00eb pasur ndoshta edhe qytetar\u00ebt shqiptar\u00eb, mbase jo n\u00eb nivelin e shumic\u00ebs q\u00eb mendojn\u00eb se, administrata \u00ebsht\u00eb nj\u00eb territor me shum\u00eb hije, \u00a0nj\u00eb ndjesi pasigurie dhe nj\u00eb ndjesi q\u00eb ajo \u00ebsht\u00eb pjesa m\u00eb e pamundur e misionit ton\u00eb, p\u00ebr ta ngritur n\u00eb nj\u00eb nivel t\u00eb respektuesh\u00ebm.<\/em><\/span><\/p>\n<p style=\"text-align: left;\"><span style=\"color: #000000;\"><em>Por, n\u00eb procesin e diagnostikimit t\u00eb Shqip\u00ebris\u00eb nj\u00eb skuad\u00ebr goxha e madhe n\u00eb num\u00ebr ka arritur t\u00eb prodhoj\u00eb nj\u00eb rezultat q\u00eb ka qen\u00eb befasues p\u00ebr mua.<\/em><\/span><\/p>\n<p style=\"text-align: left;\"><span style=\"color: #000000;\"><em>Dhe n\u00ebse kam pasur nj\u00eb frik\u00eb nga momenti i hapjes s\u00eb atij procesi duke d\u00ebgjuar t\u00eb tjer\u00eb koleg\u00eb q\u00eb e kishin njohur m\u00eb par\u00eb se \u00e7far\u00eb \u00ebsht\u00eb procesi i diagnostikimit t\u00eb nj\u00eb vendi p\u00ebrpara hapjes s\u00eb negociatave me BE, ajo q\u00eb kisha frik\u00eb ishte se si do tia dilnim ne k\u00ebtij procesi\u201d,<\/em> tha Rama.<\/span><\/p>\n<p><span style=\"color: #000000;\">Ai deklaroi se \u00ebsht\u00eb b\u00ebr\u00eb nj\u00eb pun\u00eb serioze dhe e v\u00ebshtir\u00eb p\u00ebr t\u00eb transformuar administrat\u00ebn publike dhe p\u00ebr ti dh\u00ebn\u00eb nj\u00eb forc\u00eb aft\u00ebsish dhe nj\u00eb mund\u00ebsi t\u00eb shprehjes s\u00eb tyre q\u00eb nuk e ka pasur m\u00eb par\u00eb.<\/span><\/p>\n<p><span style=\"color: #000000;\"><em>\u201cAdministrata publike edhe m\u00eb par\u00eb ka pasur njer\u00ebz t\u00eb zot\u00eb pa diskutim, mund t\u00eb gjeni njer\u00ebz q\u00eb kan\u00eb 30 apo 40 vjet n\u00eb administrat\u00eb, q\u00eb jan\u00eb thesar i administrat\u00ebs, por ajo nuk ka pasur mund\u00ebsin\u00eb q\u00eb t\u00eb ndjehet e motivuar p\u00ebr tu shprehur, sepse ishte e dhunuar nga presioni politik\u201d, <\/em>tha Rama.<\/span><\/p>\n","protected":false,"gt_translate_keys":[{"key":"rendered","format":"html"}]},"excerpt":{"rendered":"<p>Kryeministri Edi Rama, i pranish\u00ebm n\u00eb Programin Komb\u00ebtar t\u00eb Praktikave t\u00eb Pun\u00ebs, tha se sot administrata publike ka nj\u00eb forc\u00eb aft\u00ebsish dhe nj\u00eb mund\u00ebsi t\u00eb shprehjes q\u00eb kurr\u00eb se ka pasur m\u00eb par\u00eb. Rama vler\u00ebsoi administrat\u00ebn publike ve\u00e7an\u00ebrisht n\u00eb procesin e screening apo sikund\u00ebr tha Kryeministri, procesin e diagnostikimit t\u00eb problematikave t\u00eb nj\u00eb vendi, p\u00ebrpara [&hellip;]<\/p>\n","protected":false,"gt_translate_keys":[{"key":"rendered","format":"html"}]},"author":49,"featured_media":702813,"comment_status":"closed","ping_status":"open","sticky":false,"template":"","format":"standard","meta":{"footnotes":""},"categories":[65],"tags":[],"class_list":["post-702807","post","type-post","status-publish","format-standard","has-post-thumbnail","hentry","category-lajme"],"gt_translate_keys":[{"key":"link","format":"url"}],"_links":{"self":[{"href":"https:\/\/www.hashtag.al\/index.php\/wp-json\/wp\/v2\/posts\/702807","targetHints":{"allow":["GET"]}}],"collection":[{"href":"https:\/\/www.hashtag.al\/index.php\/wp-json\/wp\/v2\/posts"}],"about":[{"href":"https:\/\/www.hashtag.al\/index.php\/wp-json\/wp\/v2\/types\/post"}],"author":[{"embeddable":true,"href":"https:\/\/www.hashtag.al\/index.php\/wp-json\/wp\/v2\/users\/49"}],"replies":[{"embeddable":true,"href":"https:\/\/www.hashtag.al\/index.php\/wp-json\/wp\/v2\/comments?post=702807"}],"version-history":[{"count":0,"href":"https:\/\/www.hashtag.al\/index.php\/wp-json\/wp\/v2\/posts\/702807\/revisions"}],"wp:featuredmedia":[{"embeddable":true,"href":"https:\/\/www.hashtag.al\/index.php\/wp-json\/wp\/v2\/media\/702813"}],"wp:attachment":[{"href":"https:\/\/www.hashtag.al\/index.php\/wp-json\/wp\/v2\/media?parent=702807"}],"wp:term":[{"taxonomy":"category","embeddable":true,"href":"https:\/\/www.hashtag.al\/index.php\/wp-json\/wp\/v2\/categories?post=702807"},{"taxonomy":"post_tag","embeddable":true,"href":"https:\/\/www.hashtag.al\/index.php\/wp-json\/wp\/v2\/tags?post=702807"}],"curies":[{"name":"wp","href":"https:\/\/api.w.org\/{rel}","templated":true}]}}