{"id":702798,"date":"2024-10-08T18:36:26","date_gmt":"2024-10-08T16:36:26","guid":{"rendered":"https:\/\/www.hashtag.al\/?p=702798"},"modified":"2024-10-08T18:36:26","modified_gmt":"2024-10-08T16:36:26","slug":"tabaku-kerkon-kthimin-e-parave-per-profesionistet-e-lire-qeveria-ti-ktheje-cdo-qindarke-qe-u-ka-marre","status":"publish","type":"post","link":"https:\/\/www.hashtag.al\/index.php\/2024\/10\/08\/tabaku-kerkon-kthimin-e-parave-per-profesionistet-e-lire-qeveria-ti-ktheje-cdo-qindarke-qe-u-ka-marre\/","title":{"rendered":"Tabaku k\u00ebrkon kthimin e parave p\u00ebr profesionist\u00ebt e lir\u00eb: Qeveria t\u2019i kthej\u00eb \u00e7do qindark\u00eb q\u00eb u ka marr\u00eb","gt_translate_keys":[{"key":"rendered","format":"text"}]},"content":{"rendered":"<p><span style=\"color: #000000;\"><img loading=\"lazy\" decoding=\"async\" class=\" wp-image-702800 aligncenter\" src=\"https:\/\/www.hashtag.al\/wp-content\/uploads\/2024\/10\/jorida-tabaku-593x350-1-300x177.jpg\" alt=\"\" width=\"729\" height=\"430\" srcset=\"https:\/\/www.hashtag.al\/wp-content\/uploads\/2024\/10\/jorida-tabaku-593x350-1-300x177.jpg 300w, https:\/\/www.hashtag.al\/wp-content\/uploads\/2024\/10\/jorida-tabaku-593x350-1.jpg 593w\" sizes=\"auto, (max-width: 729px) 100vw, 729px\" \/><\/span><\/p>\n<p><span style=\"color: #000000;\">Deputetja e Partis\u00eb Demokratike, Jorida Tabaku, k\u00ebrkoi sot q\u00eb qeveria t\u00eb kthej\u00eb sa m\u00eb shpejt parat\u00eb e marra padrejt\u00ebsisht nga profesionist\u00ebt e lir\u00eb, pas vendimit t\u00eb Gjykat\u00ebs Kushtetuese q\u00eb i shpalli ata fitues. <\/span><\/p>\n<p><span style=\"color: #000000;\">Ajo theksoi se vonesat e qeveris\u00eb jan\u00eb t\u00eb papranueshme p\u00ebr k\u00ebt\u00eb grup, q\u00eb p\u00ebrb\u00ebn mbi 30 mij\u00eb profesionist\u00eb n\u00eb vend.<\/span><\/p>\n<p><span style=\"color: #000000;\">Tabaku theksoi se, p\u00ebrve\u00e7 propozimeve ligjore, \u00ebsht\u00eb e r\u00ebnd\u00ebsishme q\u00eb qeveria t\u00eb p\u00ebrdor\u00eb vendime t\u00eb K\u00ebshillit t\u00eb Ministrave ose udh\u00ebzime t\u00eb Ministrit t\u00eb Financave p\u00ebr t\u00eb kthyer detyrimet e padrejta. <\/span><\/p>\n<p><span style=\"color: #000000;\">Ajo garantoi mb\u00ebshtetje t\u00eb plot\u00eb p\u00ebr profesionist\u00ebt e lir\u00eb, duke theksuar se ata meritojn\u00eb trajtim me dinjitet dhe respekt. &#8220;Ne do t\u00eb sigurojm\u00eb q\u00eb ata t\u00eb marrin pages\u00ebn e fundit, deri n\u00eb qindark\u00ebn e fundit,&#8221; p\u00ebrfundoi Tabaku.<\/span><\/p>\n<p><span style=\"color: #000000;\"><em>&#8220;Profesionist\u00ebt e lir\u00eb edhe sot e k\u00ebsaj dite nuk e marr\u00eb ende pas pages\u00ebn q\u00eb i kan\u00eb b\u00ebr\u00eb shtetit p\u00ebr nj\u00eb taks\u00eb t\u00eb padrejt\u00eb dhe antikushtetuese. Mbasi Grupi Parlamentar i shkoi deri n\u00eb fund betej\u00ebs p\u00ebr profesionet e lira n\u00eb Gjykat\u00ebn Kushtetuese, tashm\u00eb do t\u2019i shkoj\u00eb deri n\u00eb fund, deri kur ato t\u00eb marrin pages\u00ebn e fundit. Ne b\u00ebm\u00eb nj\u00eb propozim ligjor, nj\u00eb ligj q\u00eb mendojm\u00eb se rregullon situat\u00ebn p\u00ebr t\u00eb gjith\u00eb ato profesionist\u00eb t\u00eb lir\u00eb t\u00eb cil\u00ebt kan\u00eb paguar dhe qeveria n\u00eb m\u00ebnyr\u00eb arbitrare i ka vendosur k\u00ebmb\u00ebn n\u00eb fyt p\u00ebr t\u2019i marr\u00eb detyrimet e taksave megjith\u00ebse ishin t\u00eb padrejta.<\/em><\/span><\/p>\n<p><span style=\"color: #000000;\"><em>Po le mos ta marrin k\u00ebt\u00eb ligj. Le ta hedhin tutje. Mos ta marrin parasysh. Por kan\u00eb gjith\u00eb m\u00ebnyr\u00ebn dhe hap\u00ebsir\u00ebn; qoft\u00eb me nj\u00eb vendim t\u00eb K\u00ebshillit t\u00eb Ministrave apo nj\u00eb udh\u00ebzim t\u00eb Ministrit t\u00eb Financave p\u00ebr ti kthyer profesionist\u00ebve t\u00eb lir\u00eb t\u00eb gjitha detyrimet q\u00eb shteti ia ka marr\u00eb padrejt\u00ebsisht.<\/em><\/span><\/p>\n<p><span style=\"color: #000000;\"><em> Jan\u00eb 30 mij\u00eb profesionist\u00eb t\u00eb lir\u00eb t\u00eb cil\u00ebt punojn\u00eb,\u00a0 \u00e7do dit\u00eb nga m\u00ebngjesi deri n\u00eb dark\u00eb n\u00eb nj\u00eb treg shum\u00eb t\u00eb v\u00ebshtir\u00eb dhe n\u00eb nj\u00eb situat\u00eb akoma m\u00eb t\u00eb v\u00ebshtir\u00eb. Prandaj ato e meritojn\u00eb trajtimin me dinjitet dhe respekt. Nj\u00eb respekt q\u00eb shteti nuk ia dha por ato e mor\u00ebn p\u00ebrmes gjykat\u00ebs dhe padyshim me mb\u00ebshtetjen ton\u00eb.<\/em><\/span><\/p>\n<p><span style=\"color: #000000;\"><em>Edhe pages\u00ebn q\u00eb qeveria i detyrohet do ta marrin p\u00ebrs\u00ebri me mb\u00ebshtetjen ton\u00eb. Deri n\u00eb qindark\u00ebn e fundit.&#8221;<\/em><\/span><\/p>\n","protected":false,"gt_translate_keys":[{"key":"rendered","format":"html"}]},"excerpt":{"rendered":"<p>Deputetja e Partis\u00eb Demokratike, Jorida Tabaku, k\u00ebrkoi sot q\u00eb qeveria t\u00eb kthej\u00eb sa m\u00eb shpejt parat\u00eb e marra padrejt\u00ebsisht nga profesionist\u00ebt e lir\u00eb, pas vendimit t\u00eb Gjykat\u00ebs Kushtetuese q\u00eb i shpalli ata fitues. Ajo theksoi se vonesat e qeveris\u00eb jan\u00eb t\u00eb papranueshme p\u00ebr k\u00ebt\u00eb grup, q\u00eb p\u00ebrb\u00ebn mbi 30 mij\u00eb profesionist\u00eb n\u00eb vend. Tabaku theksoi [&hellip;]<\/p>\n","protected":false,"gt_translate_keys":[{"key":"rendered","format":"html"}]},"author":49,"featured_media":702800,"comment_status":"closed","ping_status":"open","sticky":false,"template":"","format":"standard","meta":{"footnotes":""},"categories":[65,1],"tags":[],"class_list":["post-702798","post","type-post","status-publish","format-standard","has-post-thumbnail","hentry","category-lajme","category-uncategorized"],"gt_translate_keys":[{"key":"link","format":"url"}],"_links":{"self":[{"href":"https:\/\/www.hashtag.al\/index.php\/wp-json\/wp\/v2\/posts\/702798","targetHints":{"allow":["GET"]}}],"collection":[{"href":"https:\/\/www.hashtag.al\/index.php\/wp-json\/wp\/v2\/posts"}],"about":[{"href":"https:\/\/www.hashtag.al\/index.php\/wp-json\/wp\/v2\/types\/post"}],"author":[{"embeddable":true,"href":"https:\/\/www.hashtag.al\/index.php\/wp-json\/wp\/v2\/users\/49"}],"replies":[{"embeddable":true,"href":"https:\/\/www.hashtag.al\/index.php\/wp-json\/wp\/v2\/comments?post=702798"}],"version-history":[{"count":0,"href":"https:\/\/www.hashtag.al\/index.php\/wp-json\/wp\/v2\/posts\/702798\/revisions"}],"wp:featuredmedia":[{"embeddable":true,"href":"https:\/\/www.hashtag.al\/index.php\/wp-json\/wp\/v2\/media\/702800"}],"wp:attachment":[{"href":"https:\/\/www.hashtag.al\/index.php\/wp-json\/wp\/v2\/media?parent=702798"}],"wp:term":[{"taxonomy":"category","embeddable":true,"href":"https:\/\/www.hashtag.al\/index.php\/wp-json\/wp\/v2\/categories?post=702798"},{"taxonomy":"post_tag","embeddable":true,"href":"https:\/\/www.hashtag.al\/index.php\/wp-json\/wp\/v2\/tags?post=702798"}],"curies":[{"name":"wp","href":"https:\/\/api.w.org\/{rel}","templated":true}]}}