{"id":702777,"date":"2024-10-08T16:37:58","date_gmt":"2024-10-08T14:37:58","guid":{"rendered":"https:\/\/www.hashtag.al\/?p=702777"},"modified":"2024-10-08T16:37:58","modified_gmt":"2024-10-08T14:37:58","slug":"prokuroria-e-tiranes-kerkon-2-vite-burg-per-ish-sekretarin-e-ministrise-se-financave-arlind-gjokutaj","status":"publish","type":"post","link":"https:\/\/www.hashtag.al\/index.php\/2024\/10\/08\/prokuroria-e-tiranes-kerkon-2-vite-burg-per-ish-sekretarin-e-ministrise-se-financave-arlind-gjokutaj\/","title":{"rendered":"Prokuroria e Tiran\u00ebs k\u00ebrkon 2 vite burg p\u00ebr ish Sekretarin e Ministris\u00eb s\u00eb Financave, Arlind Gjokutaj","gt_translate_keys":[{"key":"rendered","format":"text"}]},"content":{"rendered":"<p><img loading=\"lazy\" decoding=\"async\" class=\" wp-image-702778 aligncenter\" src=\"https:\/\/www.hashtag.al\/wp-content\/uploads\/2024\/10\/1686481009_Screenshot54-300x169.jpg\" alt=\"\" width=\"660\" height=\"372\" srcset=\"https:\/\/www.hashtag.al\/wp-content\/uploads\/2024\/10\/1686481009_Screenshot54-300x169.jpg 300w, https:\/\/www.hashtag.al\/wp-content\/uploads\/2024\/10\/1686481009_Screenshot54-768x433.jpg 768w, https:\/\/www.hashtag.al\/wp-content\/uploads\/2024\/10\/1686481009_Screenshot54.jpg 780w\" sizes=\"auto, (max-width: 660px) 100vw, 660px\" \/><\/p>\n<p style=\"text-align: left;\"><span style=\"color: #000000;\">Prokuroria e Tiran\u00ebs ka k\u00ebrkuar 2 vite burg p\u00ebr ish Sekretarin e Ministris\u00eb s\u00eb Financave, Arlind Gjokutaj, i arrestuar n\u00eb janar 2023 p\u00ebr abuzim me kompensimin financiar t\u00eb nj\u00eb objekti t\u00eb kompensuar m\u00eb par\u00eb. <\/span><\/p>\n<p style=\"text-align: left;\"><span style=\"color: #000000;\">Pas hetimeve, Gjokutaj u mbajt n\u00eb burg fillimisht, por m\u00eb pas Apeli e liroi.<\/span><\/p>\n<p style=\"text-align: left;\"><span style=\"color: #000000;\"> Prokurori Ndini Tavani k\u00ebrkon d\u00ebnim p\u00ebr shp\u00ebrdorim detyre sipas nenit 248 t\u00eb kodit penal. <\/span><\/p>\n<p style=\"text-align: left;\"><span style=\"color: #000000;\">Vendimi pritet t\u00eb shpallet m\u00eb 17 tetor.<\/span><\/p>\n","protected":false,"gt_translate_keys":[{"key":"rendered","format":"html"}]},"excerpt":{"rendered":"<p>Prokuroria e Tiran\u00ebs ka k\u00ebrkuar 2 vite burg p\u00ebr ish Sekretarin e Ministris\u00eb s\u00eb Financave, Arlind Gjokutaj, i arrestuar n\u00eb janar 2023 p\u00ebr abuzim me kompensimin financiar t\u00eb nj\u00eb objekti t\u00eb kompensuar m\u00eb par\u00eb. Pas hetimeve, Gjokutaj u mbajt n\u00eb burg fillimisht, por m\u00eb pas Apeli e liroi. Prokurori Ndini Tavani k\u00ebrkon d\u00ebnim p\u00ebr shp\u00ebrdorim [&hellip;]<\/p>\n","protected":false,"gt_translate_keys":[{"key":"rendered","format":"html"}]},"author":49,"featured_media":702778,"comment_status":"closed","ping_status":"open","sticky":false,"template":"","format":"standard","meta":{"footnotes":""},"categories":[65],"tags":[],"class_list":["post-702777","post","type-post","status-publish","format-standard","has-post-thumbnail","hentry","category-lajme"],"gt_translate_keys":[{"key":"link","format":"url"}],"_links":{"self":[{"href":"https:\/\/www.hashtag.al\/index.php\/wp-json\/wp\/v2\/posts\/702777","targetHints":{"allow":["GET"]}}],"collection":[{"href":"https:\/\/www.hashtag.al\/index.php\/wp-json\/wp\/v2\/posts"}],"about":[{"href":"https:\/\/www.hashtag.al\/index.php\/wp-json\/wp\/v2\/types\/post"}],"author":[{"embeddable":true,"href":"https:\/\/www.hashtag.al\/index.php\/wp-json\/wp\/v2\/users\/49"}],"replies":[{"embeddable":true,"href":"https:\/\/www.hashtag.al\/index.php\/wp-json\/wp\/v2\/comments?post=702777"}],"version-history":[{"count":0,"href":"https:\/\/www.hashtag.al\/index.php\/wp-json\/wp\/v2\/posts\/702777\/revisions"}],"wp:featuredmedia":[{"embeddable":true,"href":"https:\/\/www.hashtag.al\/index.php\/wp-json\/wp\/v2\/media\/702778"}],"wp:attachment":[{"href":"https:\/\/www.hashtag.al\/index.php\/wp-json\/wp\/v2\/media?parent=702777"}],"wp:term":[{"taxonomy":"category","embeddable":true,"href":"https:\/\/www.hashtag.al\/index.php\/wp-json\/wp\/v2\/categories?post=702777"},{"taxonomy":"post_tag","embeddable":true,"href":"https:\/\/www.hashtag.al\/index.php\/wp-json\/wp\/v2\/tags?post=702777"}],"curies":[{"name":"wp","href":"https:\/\/api.w.org\/{rel}","templated":true}]}}