{"id":702529,"date":"2024-10-07T16:38:07","date_gmt":"2024-10-07T14:38:07","guid":{"rendered":"https:\/\/www.hashtag.al\/?p=702529"},"modified":"2024-10-07T16:38:07","modified_gmt":"2024-10-07T14:38:07","slug":"lufta-e-izraelit-kunder-hamasit-dhe-ndikimi-tek-mediat","status":"publish","type":"post","link":"https:\/\/www.hashtag.al\/index.php\/2024\/10\/07\/lufta-e-izraelit-kunder-hamasit-dhe-ndikimi-tek-mediat\/","title":{"rendered":"Lufta e Izraelit kund\u00ebr Hamasit dhe ndikimi tek mediat","gt_translate_keys":[{"key":"rendered","format":"text"}]},"content":{"rendered":"<div dir=\"ltr\">\n<div id=\"page\">\n<div id=\"content\">\n<div class=\"container\">\n<div class=\"body-container\">\n<div class=\"row\">\n<div class=\"col-xs-12 col-sm-12 col-md-10 col-lg-10 pull-right\">\n<div class=\"row\">\n<div class=\"col-xs-12 col-sm-12 col-md-8 col-lg-8 pull-left bottom-offset content-offset\">\n<div id=\"article-content\" class=\"content-floated-wrap fb-quotable\">\n<div class=\"wsw\">\n<p style=\"text-align: left;\"><span style=\"color: #000000;\"><img loading=\"lazy\" decoding=\"async\" class=\" wp-image-702530 aligncenter\" src=\"https:\/\/www.hashtag.al\/wp-content\/uploads\/2024\/10\/Screenshot-2024-10-07-163514-300x166.png\" alt=\"\" width=\"728\" height=\"403\" srcset=\"https:\/\/www.hashtag.al\/wp-content\/uploads\/2024\/10\/Screenshot-2024-10-07-163514-300x166.png 300w, https:\/\/www.hashtag.al\/wp-content\/uploads\/2024\/10\/Screenshot-2024-10-07-163514-1024x568.png 1024w, https:\/\/www.hashtag.al\/wp-content\/uploads\/2024\/10\/Screenshot-2024-10-07-163514-768x426.png 768w, https:\/\/www.hashtag.al\/wp-content\/uploads\/2024\/10\/Screenshot-2024-10-07-163514-750x415.png 750w, https:\/\/www.hashtag.al\/wp-content\/uploads\/2024\/10\/Screenshot-2024-10-07-163514.png 1079w\" sizes=\"auto, (max-width: 728px) 100vw, 728px\" \/><\/span><\/p>\n<p style=\"text-align: left;\"><span style=\"color: #000000;\">Grupi terrorist Hamas sulmoi Izraelit tetorin e kaluar duke vrar\u00eb mbi 1200 njer\u00ebz dhe marr\u00eb peng rreth 250 t\u00eb tjer\u00eb. Izraeli u kund\u00ebrp\u00ebrgjigj duke shkaktuar nj\u00eb konflikt tejet t\u00eb ashp\u00ebr q\u00eb ka qen\u00eb nd\u00ebr m\u00eb vdekjeprur\u00ebsit p\u00ebr punonj\u00ebsit e medias. <\/span><\/p>\n<p style=\"text-align: left;\"><span style=\"color: #000000;\">T\u00eb pakt\u00ebn 116 prej tyre, pothuajse t\u00eb gjith\u00eb palestinez\u00eb, jan\u00eb vrar\u00eb gjat\u00eb k\u00ebtij konflikti. Gazetar\u00ebt e Z\u00ebrit t\u00eb Amerik\u00ebs, Cristina Caicedo Smit dhe Liam Scott, biseduan me gazetar\u00eb q\u00eb kan\u00eb mbuluar konfliktin dhe analist\u00eb t\u00eb medias lidhur me r\u00ebnd\u00ebsin\u00eb q\u00eb ka media p\u00ebr raportimet nga vendi i ngjarjes dhe q\u00eb gazetar\u00ebt n\u00eb terren t\u00eb punojn\u00eb lirsh\u00ebm.<\/span><\/p>\n<p><span style=\"color: #000000;\">Grupi terrorist Hamas sulmoi Izraelit tetorin e kaluar duke vrar\u00eb mbi 1200 njer\u00ebz dhe marr\u00eb peng rreth 250 t\u00eb tjer\u00eb. Sulmi shkaktoi nj\u00eb luft\u00eb q\u00eb vazhdon edhe sot.<\/span><\/p>\n<p><span style=\"color: #000000;\">Mes shifrave t\u00eb larta t\u00eb civil\u00ebve t\u00eb vrar\u00eb ka dhjet\u00ebra gazetar\u00eb. Z\u00ebri i Amerik\u00ebs bisedoi me shefen ekzekutive t\u00eb Komitetit p\u00ebr Mbrojtjen e Gazetar\u00ebve, Jodie Ginsberg.<\/span><\/p>\n<p><span style=\"color: #000000;\"><em>\u201cM\u00eb shum\u00eb gazetar\u00eb u vran\u00eb n\u00eb 10 jav\u00ebt e para t\u00eb luft\u00ebs sesa jan\u00eb vrar\u00eb ndonj\u00ebher\u00eb n\u00eb nj\u00eb vend t\u00eb vet\u00ebm, gjat\u00eb nj\u00eb viti.\u201d<\/em><\/span><\/p>\n<p><span style=\"color: #000000;\">Sipas Komitetit p\u00ebr Mbrojtjen e Gazetar\u00ebve, q\u00eb nga 1 tetori jan\u00eb vrar\u00eb 111 palestinez\u00eb, dy izraelit\u00eb dhe tre libanez\u00eb, t\u00eb gjith\u00eb punonj\u00ebs t\u00eb medias. Gjithashtu raportohet p\u00ebr 35 gazetar\u00eb t\u00eb plagosur, dy t\u00eb zhdukur dhe 54 t\u00eb arrestuar.<\/span><\/p>\n<p><span style=\"color: #000000;\">John Daniszewski \u00ebsht\u00eb n\u00ebnpresident i agjencis\u00eb s\u00eb lajmeve Associated Press dhe kryeredaktor p\u00ebr standardet.<\/span><\/p>\n<p><span style=\"color: #000000;\"><em>\u201c\u00cbsht\u00eb nj\u00eb sfid\u00eb shum\u00eb e madhe q\u00eb media t\u00eb ket\u00eb qasje tek ngjarja. Sipas p\u00ebrvoj\u00ebs time, mbulimi i k\u00ebsaj lufte \u00ebsht\u00eb m\u00eb polarizuesi ndonj\u00ebher\u00eb n\u00eb karrier\u00ebn time t\u00eb gjat\u00eb si gazetar\u201d.<\/em><\/span><\/p>\n<p><span style=\"color: #000000;\">Gazetari Tareq Hajjaj ka jetuar gjithmon\u00eb n\u00eb qytetin e Gaz\u00ebs. Ai \u00ebsht\u00eb korrespondent p\u00ebr median n\u00eb internet \u201cMondoweiss\u201d q\u00eb mbulon territoret palestineze, Izraelin dhe politik\u00ebn amerikane.<\/span><\/p>\n<p><span style=\"color: #000000;\">\u201cSa her\u00eb q\u00eb ndodhesha n\u00ebn dron\u00ebt apo avion\u00ebt luftarak\u00eb izraelit\u00eb, \u00e7do sekond\u00eb ndjeja se ata mund t\u00eb m\u00eb hedhin nj\u00eb bomb\u00eb, sepse e di q\u00eb ata i godasin gazetar\u00ebt, e di q\u00eb ata nuk duan q\u00eb bota t\u00eb m\u00ebsoj\u00eb se \u00e7far\u00eb po ndodh n\u00eb Gaz\u00eb\u201d.<\/span><\/p>\n<p><span style=\"color: #000000;\">E themeluar si nj\u00eb faqe progresiste lajmesh, \u201cMondoweiss\u201d \u00ebsht\u00eb p\u00ebrballur me kritika p\u00ebr ato q\u00eb disa thon\u00eb se jan\u00eb pik\u00ebpamje anti-izraelite.<\/span><\/p>\n<p><span style=\"color: #000000;\">Qeveria izraelite vazhdimisht i ka hedhur posht\u00eb akuzat se v\u00eb n\u00eb sh\u00ebnjest\u00ebr gazetar\u00ebt. Por Komiteti p\u00ebr Mbrojtjen e Gazetar\u00ebve thot\u00eb se ushtria izraelite duhet t\u00eb mbahet p\u00ebrgjegj\u00ebse p\u00ebr numrin e lart\u00eb t\u00eb vdekjeve t\u00eb gazetar\u00ebve. Pothuajse t\u00eb gjith\u00eb ata q\u00eb humb\u00ebn jet\u00ebn jan\u00eb palestinez\u00eb, thot\u00eb zonja Jodie Ginsberg, me Komitetin p\u00ebr Mbrojtjen e Gazetar\u00ebve.<\/span><\/p>\n<p><span style=\"color: #000000;\"><em>\u201cAta jan\u00eb t\u00eb vetmit gazetar\u00eb q\u00eb mund t\u00eb raportojn\u00eb nga Gaza, sepse asnj\u00eb gazetar i huaj nuk \u00ebsht\u00eb lejuar t\u00eb futet atje. Pra, ata mbajn\u00eb pesh\u00ebn e plot\u00eb t\u00eb p\u00ebrgjegj\u00ebsis\u00eb s\u00eb raportimit mbi ndikimin e luft\u00ebs n\u00eb Gaz\u00eb\u201d.<\/em><\/span><\/p>\n<p><span style=\"color: #000000;\">Plag\u00ebt dhe vdekja nuk jan\u00eb rreziqet e vetme me t\u00eb cilat p\u00ebrballen gazetar\u00ebt, thot\u00eb p\u00ebr Z\u00ebrin e Amerik\u00ebs, John Daniszewski me agjencin\u00eb e lajmeve Associated Press.<\/span><\/p>\n<p><span style=\"color: #000000;\"><em>\u201cNuk jan\u00eb vet\u00ebm rreziqet fizike, por ka p\u00ebrndjekje kibernetike, ngacmim dhe frik\u00ebsim t\u00eb gazetar\u00ebve.\u201d<\/em><\/span><\/p>\n<p><span style=\"color: #000000;\">Kombet e Bashkuara i kan\u00eb d\u00ebnuar sulmet ndaj gazetar\u00ebve, duke th\u00ebn\u00eb se ka patur \u2018njoftime shqet\u00ebsuese\u2019 p\u00ebr sulmet kund\u00ebr punonj\u00ebsve t\u00eb medias, pavar\u00ebsisht se ata ishin t\u00eb identifikuar qart\u00eb. Ushtria izraelite ka th\u00ebn\u00eb se \u201cnuk godet q\u00ebllimisht mbi civil\u00ebt, p\u00ebrfshir\u00eb gazetar\u00ebt\u201d.<\/span><\/p>\n<p><span style=\"color: #000000;\">Gazetari Hajjaj mban mend \u00e7do ngjarje q\u00eb ka mbuluar q\u00eb nga 7 tetori. Disa, thot\u00eb ai, ishin shum\u00eb t\u00eb r\u00ebnda p\u00ebr t\u2019i shkruar por ai e di r\u00ebnd\u00ebsin\u00eb q\u00eb ka mbulimi i ngjarjeve.<span style=\"color: #0000ff;\"><strong><a style=\"color: #0000ff;\" href=\"https:\/\/www.zeriamerikes.com\/a\/7813220.html\">\/VOA<\/a><\/strong><\/span><\/span><\/p>\n<\/div>\n<\/div>\n<\/div>\n<\/div>\n<\/div>\n<\/div>\n<\/div>\n<\/div>\n<\/div>\n<\/div>\n<\/div>\n","protected":false,"gt_translate_keys":[{"key":"rendered","format":"html"}]},"excerpt":{"rendered":"<p>Grupi terrorist Hamas sulmoi Izraelit tetorin e kaluar duke vrar\u00eb mbi 1200 njer\u00ebz dhe marr\u00eb peng rreth 250 t\u00eb tjer\u00eb. Izraeli u kund\u00ebrp\u00ebrgjigj duke shkaktuar nj\u00eb konflikt tejet t\u00eb ashp\u00ebr q\u00eb ka qen\u00eb nd\u00ebr m\u00eb vdekjeprur\u00ebsit p\u00ebr punonj\u00ebsit e medias. T\u00eb pakt\u00ebn 116 prej tyre, pothuajse t\u00eb gjith\u00eb palestinez\u00eb, jan\u00eb vrar\u00eb gjat\u00eb k\u00ebtij konflikti. Gazetar\u00ebt [&hellip;]<\/p>\n","protected":false,"gt_translate_keys":[{"key":"rendered","format":"html"}]},"author":49,"featured_media":702530,"comment_status":"closed","ping_status":"open","sticky":false,"template":"","format":"standard","meta":{"footnotes":""},"categories":[6],"tags":[],"class_list":["post-702529","post","type-post","status-publish","format-standard","has-post-thumbnail","hentry","category-nderkombetare"],"gt_translate_keys":[{"key":"link","format":"url"}],"_links":{"self":[{"href":"https:\/\/www.hashtag.al\/index.php\/wp-json\/wp\/v2\/posts\/702529","targetHints":{"allow":["GET"]}}],"collection":[{"href":"https:\/\/www.hashtag.al\/index.php\/wp-json\/wp\/v2\/posts"}],"about":[{"href":"https:\/\/www.hashtag.al\/index.php\/wp-json\/wp\/v2\/types\/post"}],"author":[{"embeddable":true,"href":"https:\/\/www.hashtag.al\/index.php\/wp-json\/wp\/v2\/users\/49"}],"replies":[{"embeddable":true,"href":"https:\/\/www.hashtag.al\/index.php\/wp-json\/wp\/v2\/comments?post=702529"}],"version-history":[{"count":0,"href":"https:\/\/www.hashtag.al\/index.php\/wp-json\/wp\/v2\/posts\/702529\/revisions"}],"wp:featuredmedia":[{"embeddable":true,"href":"https:\/\/www.hashtag.al\/index.php\/wp-json\/wp\/v2\/media\/702530"}],"wp:attachment":[{"href":"https:\/\/www.hashtag.al\/index.php\/wp-json\/wp\/v2\/media?parent=702529"}],"wp:term":[{"taxonomy":"category","embeddable":true,"href":"https:\/\/www.hashtag.al\/index.php\/wp-json\/wp\/v2\/categories?post=702529"},{"taxonomy":"post_tag","embeddable":true,"href":"https:\/\/www.hashtag.al\/index.php\/wp-json\/wp\/v2\/tags?post=702529"}],"curies":[{"name":"wp","href":"https:\/\/api.w.org\/{rel}","templated":true}]}}