{"id":702515,"date":"2024-10-07T15:22:36","date_gmt":"2024-10-07T13:22:36","guid":{"rendered":"https:\/\/www.hashtag.al\/?p=702515"},"modified":"2024-10-07T15:22:36","modified_gmt":"2024-10-07T13:22:36","slug":"kpk-shkarkon-prokurorin-e-vlores-xhemal-saliaj","status":"publish","type":"post","link":"https:\/\/www.hashtag.al\/index.php\/2024\/10\/07\/kpk-shkarkon-prokurorin-e-vlores-xhemal-saliaj\/","title":{"rendered":"KPK shkarkon prokurorin e Vlor\u00ebs, Xhemal Saliaj","gt_translate_keys":[{"key":"rendered","format":"text"}]},"content":{"rendered":"<p><span style=\"color: #000000;\"><a href=\"https:\/\/www.hashtag.al\/wp-content\/uploads\/2024\/10\/WhatsApp-Image-2024-10-07-at-10.26.51_ed75b923-1140x855-1.jpg\"><img loading=\"lazy\" decoding=\"async\" class=\"aligncenter size-full wp-image-702516\" src=\"https:\/\/www.hashtag.al\/wp-content\/uploads\/2024\/10\/WhatsApp-Image-2024-10-07-at-10.26.51_ed75b923-1140x855-1.jpg\" alt=\"\" width=\"1140\" height=\"855\" srcset=\"https:\/\/www.hashtag.al\/wp-content\/uploads\/2024\/10\/WhatsApp-Image-2024-10-07-at-10.26.51_ed75b923-1140x855-1.jpg 1140w, https:\/\/www.hashtag.al\/wp-content\/uploads\/2024\/10\/WhatsApp-Image-2024-10-07-at-10.26.51_ed75b923-1140x855-1-300x225.jpg 300w, https:\/\/www.hashtag.al\/wp-content\/uploads\/2024\/10\/WhatsApp-Image-2024-10-07-at-10.26.51_ed75b923-1140x855-1-1024x768.jpg 1024w, https:\/\/www.hashtag.al\/wp-content\/uploads\/2024\/10\/WhatsApp-Image-2024-10-07-at-10.26.51_ed75b923-1140x855-1-768x576.jpg 768w\" sizes=\"auto, (max-width: 1140px) 100vw, 1140px\" \/><\/a><\/span><\/p>\n<p><span style=\"color: #000000;\">Komisioni i Pavarur i Kualifikimit vendosi sot shkarkimin nga detyra t\u00eb prokurorit Xhemal Saliaj, pas shqyrtimit t\u00eb dokumentacionit dhe zhvillimit t\u00eb seanc\u00ebs d\u00ebgjimore n\u00eb dat\u00ebn 4 tetor.<\/span><\/p>\n<p><span style=\"color: #000000;\">KPK e mori vendimin p\u00ebr subjektin e rivler\u00ebsimit me shumic\u00eb votash. Xhemal Saliaj mbante detyr\u00ebn si prokuror n\u00eb Prokurorin\u00eb pran\u00eb Gjykat\u00ebs s\u00eb Shkall\u00ebs s\u00eb Par\u00eb t\u00eb Juridiksionit t\u00eb P\u00ebrgjithsh\u00ebm, Vlor\u00eb.<\/span><\/p>\n<p><span style=\"color: #000000;\">Vendimi, i arsyetuar me shkrim, nga trupi gjykues i kryesuar nga Alma Faskaj, Pamela Qirko relatore, Xhensila Pine an\u00ebtare do t\u2019i njoftohet subjektit t\u00eb rivler\u00ebsimit, Komisionerit Publik dhe v\u00ebzhguesve nd\u00ebrkomb\u00ebtar\u00eb brenda 30 dit\u00ebve.<\/span><\/p>\n<p><span style=\"color: #000000;\">Ky vendim, mund t\u00eb ankimohet n\u00eb Kolegjin e Posa\u00e7\u00ebm t\u00eb Apelimit nga subjekti i rivler\u00ebsimit dhe\/ose Komisioneri Publik 15 dit\u00eb nga data e njoftimit t\u00eb vendimit t\u00eb Komisionit. Ankimi depozitohet n\u00eb Komisionin e Pavarur t\u00eb Kualifikimit.<\/span><\/p>\n","protected":false,"gt_translate_keys":[{"key":"rendered","format":"html"}]},"excerpt":{"rendered":"<p>Komisioni i Pavarur i Kualifikimit vendosi sot shkarkimin nga detyra t\u00eb prokurorit Xhemal Saliaj, pas shqyrtimit t\u00eb dokumentacionit dhe zhvillimit t\u00eb seanc\u00ebs d\u00ebgjimore n\u00eb dat\u00ebn 4 tetor. KPK e mori vendimin p\u00ebr subjektin e rivler\u00ebsimit me shumic\u00eb votash. Xhemal Saliaj mbante detyr\u00ebn si prokuror n\u00eb Prokurorin\u00eb pran\u00eb Gjykat\u00ebs s\u00eb Shkall\u00ebs s\u00eb Par\u00eb t\u00eb Juridiksionit t\u00eb [&hellip;]<\/p>\n","protected":false,"gt_translate_keys":[{"key":"rendered","format":"html"}]},"author":32,"featured_media":702516,"comment_status":"closed","ping_status":"open","sticky":false,"template":"","format":"standard","meta":{"footnotes":""},"categories":[65],"tags":[],"class_list":["post-702515","post","type-post","status-publish","format-standard","has-post-thumbnail","hentry","category-lajme"],"gt_translate_keys":[{"key":"link","format":"url"}],"_links":{"self":[{"href":"https:\/\/www.hashtag.al\/index.php\/wp-json\/wp\/v2\/posts\/702515","targetHints":{"allow":["GET"]}}],"collection":[{"href":"https:\/\/www.hashtag.al\/index.php\/wp-json\/wp\/v2\/posts"}],"about":[{"href":"https:\/\/www.hashtag.al\/index.php\/wp-json\/wp\/v2\/types\/post"}],"author":[{"embeddable":true,"href":"https:\/\/www.hashtag.al\/index.php\/wp-json\/wp\/v2\/users\/32"}],"replies":[{"embeddable":true,"href":"https:\/\/www.hashtag.al\/index.php\/wp-json\/wp\/v2\/comments?post=702515"}],"version-history":[{"count":0,"href":"https:\/\/www.hashtag.al\/index.php\/wp-json\/wp\/v2\/posts\/702515\/revisions"}],"wp:featuredmedia":[{"embeddable":true,"href":"https:\/\/www.hashtag.al\/index.php\/wp-json\/wp\/v2\/media\/702516"}],"wp:attachment":[{"href":"https:\/\/www.hashtag.al\/index.php\/wp-json\/wp\/v2\/media?parent=702515"}],"wp:term":[{"taxonomy":"category","embeddable":true,"href":"https:\/\/www.hashtag.al\/index.php\/wp-json\/wp\/v2\/categories?post=702515"},{"taxonomy":"post_tag","embeddable":true,"href":"https:\/\/www.hashtag.al\/index.php\/wp-json\/wp\/v2\/tags?post=702515"}],"curies":[{"name":"wp","href":"https:\/\/api.w.org\/{rel}","templated":true}]}}