{"id":702502,"date":"2024-10-07T14:26:10","date_gmt":"2024-10-07T12:26:10","guid":{"rendered":"https:\/\/www.hashtag.al\/?p=702502"},"modified":"2024-10-07T14:26:10","modified_gmt":"2024-10-07T12:26:10","slug":"nis-vaksinimi-falas-kunder-gripit-ministrja-kociu-apel-qytetareve-te-vaksionohen-ne-qendrat-shendetesore","status":"publish","type":"post","link":"https:\/\/www.hashtag.al\/index.php\/2024\/10\/07\/nis-vaksinimi-falas-kunder-gripit-ministrja-kociu-apel-qytetareve-te-vaksionohen-ne-qendrat-shendetesore\/","title":{"rendered":"Nis vaksinimi falas kund\u00ebr gripit, ministrja Ko\u00e7iu apel qytetar\u00ebve t\u00eb vaksionohen n\u00eb Qendrat Sh\u00ebndet\u00ebsore","gt_translate_keys":[{"key":"rendered","format":"text"}]},"content":{"rendered":"<p><span style=\"color: #000000;\"><a href=\"https:\/\/www.hashtag.al\/wp-content\/uploads\/2024\/10\/vaksina-gripi.jpg\"><img loading=\"lazy\" decoding=\"async\" class=\"aligncenter size-full wp-image-702503\" src=\"https:\/\/www.hashtag.al\/wp-content\/uploads\/2024\/10\/vaksina-gripi.jpg\" alt=\"\" width=\"1147\" height=\"622\" srcset=\"https:\/\/www.hashtag.al\/wp-content\/uploads\/2024\/10\/vaksina-gripi.jpg 1147w, https:\/\/www.hashtag.al\/wp-content\/uploads\/2024\/10\/vaksina-gripi-300x163.jpg 300w, https:\/\/www.hashtag.al\/wp-content\/uploads\/2024\/10\/vaksina-gripi-1024x555.jpg 1024w, https:\/\/www.hashtag.al\/wp-content\/uploads\/2024\/10\/vaksina-gripi-768x416.jpg 768w\" sizes=\"auto, (max-width: 1147px) 100vw, 1147px\" \/><\/a><\/span><\/p>\n<p><span style=\"color: #000000;\">Ka nisur sot vaksinimi falas kund\u00ebr gripit si mjeti m\u00eb efikas dhe mbrojtja m\u00eb e mir\u00eb kund\u00ebr virozave respiratore q\u00eb shkaktohen nga virusi i gripit.<\/span><\/p>\n<p><span style=\"color: #000000;\">K\u00ebt\u00eb vit, Ministria e Sh\u00ebndet\u00ebsis\u00eb dhe Mbrojtjes Sociale ka siguruar 20 mij\u00eb doza m\u00eb shum\u00eb se nj\u00eb vit m\u00eb par\u00eb dhe do t\u00eb vijoj\u00eb t\u00eb kryhet p\u00ebr grupet e riskut sipas nj\u00eb kalendari t\u00eb p\u00ebrcaktuar nga strukturat e sh\u00ebndet\u00ebsis\u00eb.<\/span><\/p>\n<p><span style=\"color: #000000;\">Ministrja e Sh\u00ebndet\u00ebsis\u00eb dhe Mbrojtjes Sociale, Albana Ko\u00e7iu ishte n\u00eb Qendr\u00ebn Sh\u00ebndet\u00ebsore Nr.6 n\u00eb Tiran\u00eb ku pasi ka marr\u00eb edhe vet\u00eb vaksin\u00ebn kund\u00ebr gripit, apeloi t\u00eb gjith\u00eb qytetar\u00ebt, ve\u00e7an\u00ebrisht ata me s\u00ebmundje kronike q\u00eb t\u00eb kryejn\u00eb falas vaksin\u00ebn n\u00eb Qendrat Sh\u00ebndet\u00ebsore.<\/span><\/p>\n<p><span style=\"color: #000000;\"><em>\u201cTi drejtohen Qendrave Sh\u00ebndet\u00ebsore p\u00ebr t\u00eb marr\u00eb vaksin\u00ebn e gripit dhe p\u00ebr t\u00eb jetuar nj\u00eb dim\u00ebr t\u00eb sh\u00ebndetsh\u00ebm pa viroza dhe mbi t\u00eb gjitha pa komplikacione q\u00eb sjellin virozat. K\u00ebshtu q\u00eb vaksinohuni tani\u201d,<\/em> apeloi ministrja Ko\u00e7iu.<\/span><\/p>\n<p><span style=\"color: #000000;\">Ministrja deklaroi se n\u00eb kuad\u00ebr t\u00eb Programit Komb\u00ebtar t\u00eb Vaksinimit, jan\u00eb siguruar 280,000 doza vaksin\u00eb t\u00eb shp\u00ebrndara tashm\u00eb n\u00eb t\u00eb gjith\u00eb vendin.<\/span><\/p>\n<p><span style=\"color: #000000;\">Ajo shtoi se nga vaksinimi falas p\u00ebrfitojn\u00eb disa grupe duke shtuar se \u00ebsht\u00eb m\u00ebnyra m\u00eb efikase q\u00eb parandalon dhe minimizon riskun nga komplikacionet q\u00eb vijn\u00eb nga virozat e stin\u00ebs vjesht\u00eb-dim\u00ebr.<\/span><\/p>\n<p><span style=\"color: #000000;\">Grupet p\u00ebr t\u00eb cil\u00ebt rekomandohet kryerja e vaksin\u00ebs kund\u00ebr gripit jan\u00eb f\u00ebmij\u00ebt 6 muaj -12 vje\u00e7, punonj\u00ebsit e sh\u00ebndet\u00ebsis\u00eb, m\u00ebsuesit, efektiv\u00ebt e policis\u00eb, personat q\u00eb vuajn\u00eb nga s\u00ebmundje kronike, grat\u00eb shtatz\u00ebna dhe qytetar\u00ebt mbi 60 vje\u00e7.<\/span><\/p>\n","protected":false,"gt_translate_keys":[{"key":"rendered","format":"html"}]},"excerpt":{"rendered":"<p>Ka nisur sot vaksinimi falas kund\u00ebr gripit si mjeti m\u00eb efikas dhe mbrojtja m\u00eb e mir\u00eb kund\u00ebr virozave respiratore q\u00eb shkaktohen nga virusi i gripit. K\u00ebt\u00eb vit, Ministria e Sh\u00ebndet\u00ebsis\u00eb dhe Mbrojtjes Sociale ka siguruar 20 mij\u00eb doza m\u00eb shum\u00eb se nj\u00eb vit m\u00eb par\u00eb dhe do t\u00eb vijoj\u00eb t\u00eb kryhet p\u00ebr grupet e riskut [&hellip;]<\/p>\n","protected":false,"gt_translate_keys":[{"key":"rendered","format":"html"}]},"author":32,"featured_media":702503,"comment_status":"closed","ping_status":"open","sticky":false,"template":"","format":"standard","meta":{"footnotes":""},"categories":[65],"tags":[],"class_list":["post-702502","post","type-post","status-publish","format-standard","has-post-thumbnail","hentry","category-lajme"],"gt_translate_keys":[{"key":"link","format":"url"}],"_links":{"self":[{"href":"https:\/\/www.hashtag.al\/index.php\/wp-json\/wp\/v2\/posts\/702502","targetHints":{"allow":["GET"]}}],"collection":[{"href":"https:\/\/www.hashtag.al\/index.php\/wp-json\/wp\/v2\/posts"}],"about":[{"href":"https:\/\/www.hashtag.al\/index.php\/wp-json\/wp\/v2\/types\/post"}],"author":[{"embeddable":true,"href":"https:\/\/www.hashtag.al\/index.php\/wp-json\/wp\/v2\/users\/32"}],"replies":[{"embeddable":true,"href":"https:\/\/www.hashtag.al\/index.php\/wp-json\/wp\/v2\/comments?post=702502"}],"version-history":[{"count":0,"href":"https:\/\/www.hashtag.al\/index.php\/wp-json\/wp\/v2\/posts\/702502\/revisions"}],"wp:featuredmedia":[{"embeddable":true,"href":"https:\/\/www.hashtag.al\/index.php\/wp-json\/wp\/v2\/media\/702503"}],"wp:attachment":[{"href":"https:\/\/www.hashtag.al\/index.php\/wp-json\/wp\/v2\/media?parent=702502"}],"wp:term":[{"taxonomy":"category","embeddable":true,"href":"https:\/\/www.hashtag.al\/index.php\/wp-json\/wp\/v2\/categories?post=702502"},{"taxonomy":"post_tag","embeddable":true,"href":"https:\/\/www.hashtag.al\/index.php\/wp-json\/wp\/v2\/tags?post=702502"}],"curies":[{"name":"wp","href":"https:\/\/api.w.org\/{rel}","templated":true}]}}