{"id":702499,"date":"2024-10-07T13:51:50","date_gmt":"2024-10-07T11:51:50","guid":{"rendered":"https:\/\/www.hashtag.al\/?p=702499"},"modified":"2024-10-07T13:51:50","modified_gmt":"2024-10-07T11:51:50","slug":"protesta-e-opozites-avokati-i-popullit-do-te-kemi-monitoruesit-tane-ne-terren-dhe-ne-komisariate","status":"publish","type":"post","link":"https:\/\/www.hashtag.al\/index.php\/2024\/10\/07\/protesta-e-opozites-avokati-i-popullit-do-te-kemi-monitoruesit-tane-ne-terren-dhe-ne-komisariate\/","title":{"rendered":"Protesta e opozit\u00ebs, Avokati i Popullit: Do t\u00eb kemi monitoruesit tan\u00eb n\u00eb terren dhe n\u00eb komisariate","gt_translate_keys":[{"key":"rendered","format":"text"}]},"content":{"rendered":"<p><span style=\"color: #000000;\"><a href=\"https:\/\/www.hashtag.al\/wp-content\/uploads\/2024\/10\/proteste-opozita1.jpg\"><img loading=\"lazy\" decoding=\"async\" class=\"aligncenter size-full wp-image-702500\" src=\"https:\/\/www.hashtag.al\/wp-content\/uploads\/2024\/10\/proteste-opozita1.jpg\" alt=\"\" width=\"898\" height=\"496\" srcset=\"https:\/\/www.hashtag.al\/wp-content\/uploads\/2024\/10\/proteste-opozita1.jpg 898w, https:\/\/www.hashtag.al\/wp-content\/uploads\/2024\/10\/proteste-opozita1-300x166.jpg 300w, https:\/\/www.hashtag.al\/wp-content\/uploads\/2024\/10\/proteste-opozita1-768x424.jpg 768w, https:\/\/www.hashtag.al\/wp-content\/uploads\/2024\/10\/proteste-opozita1-750x415.jpg 750w\" sizes=\"auto, (max-width: 898px) 100vw, 898px\" \/><\/a><\/span><\/p>\n<p><span style=\"color: #000000;\">Avokati i Popullit thot\u00eb se do t\u00eb ket\u00eb grupe monitorimi n\u00eb terren p\u00ebr t\u00eb ndjekur nga af\u00ebr zhvillimet n\u00eb zonat ku do t\u00eb realizohet protesta.<\/span><\/p>\n<p><span style=\"color: #000000;\">Gjithashtu, kat\u00ebr grupe monitorimi, pas protest\u00ebs, do t\u00eb jen\u00eb prezent n\u00eb komisariatet e policis\u00eb p\u00ebr t\u00eb siguruar mbik\u00ebqyrjen e respektimit t\u00eb t\u00eb drejtave t\u00eb qytetar\u00ebve q\u00eb mund t\u00eb ndalohen apo shoq\u00ebrohen gjat\u00eb protest\u00ebs.<\/span><\/p>\n<p><span style=\"color: #000000;\">Avokati i Popullit I b\u00ebn thirrje institucioneve t\u00eb respektojn\u00eb t\u00eb drejt\u00ebn e protest\u00ebs nd\u00ebrsa apelojm\u00eb p\u00ebr mir\u00ebkuptim dhe bashk\u00ebpunim mes t\u00eb gjith\u00eb aktor\u00ebve p\u00ebr t\u00eb siguruar nj\u00eb protest\u00eb paq\u00ebsore<\/span><\/p>\n<p>&nbsp;<\/p>\n<p><span style=\"color: #000000;\">Deklarata per shtyp<\/span><\/p>\n<p><span style=\"color: #000000;\"><em>&#8220;Institucioni i Avokatit t\u00eb Popullit, n\u00eb p\u00ebrmbushje t\u00eb misionit t\u00eb tij p\u00ebr mbrojtjen dhe promovimin e t\u00eb drejtave dhe lirive t\u00eb qytetar\u00ebve, ka marr\u00eb masa t\u00eb ve\u00e7anta p\u00ebr monitorimin e protest\u00ebs komb\u00ebtare q\u00eb organizohet sot nga opozita n\u00eb Tiran\u00eb.<\/em><\/span><\/p>\n<p><span style=\"color: #000000;\"><em>N\u00eb k\u00ebt\u00eb kuad\u00ebr, do t\u00eb q\u00ebndrojn\u00eb n\u00eb terren pes\u00eb grupe monitorimi, t\u00eb cilat do t\u00eb ndjekin nga af\u00ebr zhvillimet n\u00eb zonat ku do t\u00eb realizohet protesta.<\/em><\/span><\/p>\n<p><span style=\"color: #000000;\"><em>Nj\u00eb grup tjet\u00ebr monitorimi \u00ebsht\u00eb ngarkuar p\u00ebr t\u00eb ndjekur raportimet online dhe live t\u00eb mediave, me q\u00ebllim t\u00eb vler\u00ebsimit t\u00eb sakt\u00eb t\u00eb ecuris\u00eb s\u00eb ngjarjeve n\u00eb koh\u00eb reale.<\/em><\/span><\/p>\n<p><span style=\"color: #000000;\"><em>Gjithashtu, kat\u00ebr grupe monitorimi, pas protest\u00ebs, do t\u00eb jen\u00eb prezent n\u00eb komisariatet e policis\u00eb p\u00ebr t\u00eb siguruar mbik\u00ebqyrjen e respektimit t\u00eb t\u00eb drejtave t\u00eb qytetar\u00ebve q\u00eb mund t\u00eb ndalohen apo shoq\u00ebrohen gjat\u00eb protest\u00ebs.<\/em><\/span><\/p>\n<p><span style=\"color: #000000;\"><em>Institucioni i Avokatit t\u00eb Popullit rithekson r\u00ebnd\u00ebsin\u00eb e respektimit t\u00eb s\u00eb drejt\u00ebs p\u00ebr protest\u00eb paq\u00ebsore, e garantuar nga Kushtetuta e Republik\u00ebs s\u00eb Shqip\u00ebris\u00eb dhe konventat nd\u00ebrkomb\u00ebtare t\u00eb t\u00eb drejtave t\u00eb njeriut. \u00c7do qytetar ka t\u00eb drejt\u00eb t\u00eb shpreh\u00eb mendimin e tij dhe t\u00eb protestoj\u00eb paq\u00ebsisht, pa frik\u00eb nga represioni apo dhuna. N\u00eb k\u00ebt\u00eb drejtim, apelojm\u00eb p\u00ebr mir\u00ebkuptim dhe bashk\u00ebpunim mes t\u00eb gjith\u00eb aktor\u00ebve p\u00ebr t\u00eb siguruar nj\u00eb protest\u00eb paq\u00ebsore, ku t\u00eb drejtat dhe lirit\u00eb e qytetar\u00ebve t\u00eb respektohen plot\u00ebsisht.<\/em><\/span><\/p>\n<p><span style=\"color: #000000;\"><em>Institucioni i Avokatit t\u00eb Popullit i b\u00ebn thirrje Policis\u00eb s\u00eb Shtetit dhe autoriteteve p\u00ebrkat\u00ebse q\u00eb t\u00eb veprojn\u00eb me p\u00ebrgjegj\u00ebsi, duke respektuar standardet e nd\u00ebrhyrjes s\u00eb nevojshme p\u00ebr t\u00eb garantuar rendin dhe sigurin\u00eb, pa c\u00ebnuar t\u00eb drejtat e qytetar\u00ebve.<\/em><\/span><\/p>\n<p><span style=\"color: #000000;\"><em>Gjithashtu, u b\u00ebjm\u00eb thirrje protestuesve q\u00eb t\u00eb demonstrojn\u00eb paq\u00ebsisht, duke respektuar jo vet\u00ebm t\u00eb drejtat e tyre, por edhe ato t\u00eb qytetar\u00ebve t\u00eb tjer\u00eb. E drejta p\u00ebr protest\u00eb duhet t\u00eb bashk\u00ebjetoj\u00eb me detyrimin p\u00ebr t\u00eb respektuar rendin dhe sigurin\u00eb publike. Monitorimi i Avokatit t\u00eb Popullit do t\u00eb jet\u00eb i pand\u00ebrprer\u00eb deri n\u00eb p\u00ebrfundimin e plot\u00eb t\u00eb protest\u00ebs&#8221;<\/em><\/span><\/p>\n","protected":false,"gt_translate_keys":[{"key":"rendered","format":"html"}]},"excerpt":{"rendered":"<p>Avokati i Popullit thot\u00eb se do t\u00eb ket\u00eb grupe monitorimi n\u00eb terren p\u00ebr t\u00eb ndjekur nga af\u00ebr zhvillimet n\u00eb zonat ku do t\u00eb realizohet protesta. Gjithashtu, kat\u00ebr grupe monitorimi, pas protest\u00ebs, do t\u00eb jen\u00eb prezent n\u00eb komisariatet e policis\u00eb p\u00ebr t\u00eb siguruar mbik\u00ebqyrjen e respektimit t\u00eb t\u00eb drejtave t\u00eb qytetar\u00ebve q\u00eb mund t\u00eb ndalohen apo [&hellip;]<\/p>\n","protected":false,"gt_translate_keys":[{"key":"rendered","format":"html"}]},"author":32,"featured_media":702500,"comment_status":"closed","ping_status":"open","sticky":false,"template":"","format":"standard","meta":{"footnotes":""},"categories":[65],"tags":[],"class_list":["post-702499","post","type-post","status-publish","format-standard","has-post-thumbnail","hentry","category-lajme"],"gt_translate_keys":[{"key":"link","format":"url"}],"_links":{"self":[{"href":"https:\/\/www.hashtag.al\/index.php\/wp-json\/wp\/v2\/posts\/702499","targetHints":{"allow":["GET"]}}],"collection":[{"href":"https:\/\/www.hashtag.al\/index.php\/wp-json\/wp\/v2\/posts"}],"about":[{"href":"https:\/\/www.hashtag.al\/index.php\/wp-json\/wp\/v2\/types\/post"}],"author":[{"embeddable":true,"href":"https:\/\/www.hashtag.al\/index.php\/wp-json\/wp\/v2\/users\/32"}],"replies":[{"embeddable":true,"href":"https:\/\/www.hashtag.al\/index.php\/wp-json\/wp\/v2\/comments?post=702499"}],"version-history":[{"count":0,"href":"https:\/\/www.hashtag.al\/index.php\/wp-json\/wp\/v2\/posts\/702499\/revisions"}],"wp:featuredmedia":[{"embeddable":true,"href":"https:\/\/www.hashtag.al\/index.php\/wp-json\/wp\/v2\/media\/702500"}],"wp:attachment":[{"href":"https:\/\/www.hashtag.al\/index.php\/wp-json\/wp\/v2\/media?parent=702499"}],"wp:term":[{"taxonomy":"category","embeddable":true,"href":"https:\/\/www.hashtag.al\/index.php\/wp-json\/wp\/v2\/categories?post=702499"},{"taxonomy":"post_tag","embeddable":true,"href":"https:\/\/www.hashtag.al\/index.php\/wp-json\/wp\/v2\/tags?post=702499"}],"curies":[{"name":"wp","href":"https:\/\/api.w.org\/{rel}","templated":true}]}}