{"id":702493,"date":"2024-10-07T13:29:57","date_gmt":"2024-10-07T11:29:57","guid":{"rendered":"https:\/\/www.hashtag.al\/?p=702493"},"modified":"2024-10-07T13:29:57","modified_gmt":"2024-10-07T11:29:57","slug":"permbytjet-ne-vlore-dega-e-pd-se-ben-kallezim-ne-prokurori-per-shperdorim-detyre","status":"publish","type":"post","link":"https:\/\/www.hashtag.al\/index.php\/2024\/10\/07\/permbytjet-ne-vlore-dega-e-pd-se-ben-kallezim-ne-prokurori-per-shperdorim-detyre\/","title":{"rendered":"P\u00ebrmbytjet n\u00eb Vlor\u00eb\/ Dega e PD-s\u00eb b\u00ebn kall\u00ebzim n\u00eb Prokurori p\u00ebr shp\u00ebrdorim detyre","gt_translate_keys":[{"key":"rendered","format":"text"}]},"content":{"rendered":"<p><span style=\"color: #000000;\"><a href=\"https:\/\/www.hashtag.al\/wp-content\/uploads\/2024\/10\/1728296723_atirdhoxha.jpg\"><img loading=\"lazy\" decoding=\"async\" class=\"aligncenter size-full wp-image-702494\" src=\"https:\/\/www.hashtag.al\/wp-content\/uploads\/2024\/10\/1728296723_atirdhoxha.jpg\" alt=\"\" width=\"780\" height=\"440\" srcset=\"https:\/\/www.hashtag.al\/wp-content\/uploads\/2024\/10\/1728296723_atirdhoxha.jpg 780w, https:\/\/www.hashtag.al\/wp-content\/uploads\/2024\/10\/1728296723_atirdhoxha-300x169.jpg 300w, https:\/\/www.hashtag.al\/wp-content\/uploads\/2024\/10\/1728296723_atirdhoxha-768x433.jpg 768w\" sizes=\"auto, (max-width: 780px) 100vw, 780px\" \/><\/a><\/span><\/p>\n<p><span style=\"color: #000000;\">PD e deg\u00ebs s\u00eb Vlor\u00eb ka b\u00ebr\u00eb nj\u00eb kall\u00ebzim n\u00eb Prokurorin\u00eb e rrethit lidhur me p\u00ebrmbytjet n\u00eb qytetin bregdetar prej shirave t\u00eb 4 tetorit.<\/span><\/p>\n<p><span style=\"color: #000000;\">Vlora pati p\u00ebrmbytje masive p\u00ebr dy dit\u00eb, prej shiut t\u00eb dendur, ku cedoi funksionimi i kanalit t\u00eb uj\u00ebrave t\u00eb larta q\u00eb nuk \u00e7onte ujin n\u00eb hidrovorin e Vlor\u00ebs.<\/span><\/p>\n<p><span style=\"color: #000000;\">P\u00ebr mediat, kreu i PD-s\u00eb s\u00eb Vlor\u00ebs, Atird Hoxha thekson se ka depozituar kall\u00ebzim n\u00eb prokurori me nj\u00eb s\u00ebr\u00eb faktesh brenda p\u00ebr ngjarjet e 4 tetorit dhe i k\u00ebrkon prokuroris\u00eb t\u00eb veproj\u00eb me shpejt\u00ebsi.<\/span><\/p>\n<p><span style=\"color: #000000;\"><em>&#8216;N\u00eb lidhje me p\u00ebrmbytjet e zhvilluara n\u00eb qyteti ne hasura n\u00eb reshjet e 4 tetorit t\u00eb 2024, kemi depozituar n\u00eb prokurori n\u00eb kall\u00ebzim penal p\u00ebr k\u00ebt\u00eb ngjarje. Ky hap vjen nga PD e Vlor\u00ebs p\u00ebr drejt\u00ebsi dhe p\u00ebrgjegj\u00ebsi sa i takon d\u00ebmeve. Ky veprim ka nj\u00eb s\u00ebr\u00eb faktesh q\u00eb kan\u00eb ndodhur n\u00eb p\u00ebrmbytje. K\u00ebrkojm\u00eb q\u00eb prokuroria t\u00eb veproj m\u00eb shpejt\u00ebsi pavar\u00ebsisht se dit\u00ebt kalojn\u00eb. Nuk kemi par\u00eb prokuror n\u00eb terren.<\/em><\/span><\/p>\n<p><span style=\"color: #000000;\"><em>Kemi kall\u00ebzuar ku kemi b\u00ebr\u00eb t\u00eb qart\u00eb veprime q\u00eb prokuroria t\u00eb kryej\u00eb marrjen e provave n\u00eb terren. Institucionet shtet\u00ebrore t\u00eb nd\u00ebrmarrin hapat e nevojsh\u00ebm p\u00ebr t\u00eb minimizuar d\u00ebmet n\u00eb pronat e qytetar\u00ebve dhe t\u00eb marr\u00eb p\u00ebrgjegj\u00ebsi p\u00ebr d\u00ebmet. Pasi k\u00ebto p\u00ebrmbytje nuk kan\u00eb ndodhur si pasoj\u00eb e reshjeve t\u00eb pretenduara nga kryetari i bashkis\u00eb. Ka ardhur si neglizhenc\u00eb e mos veprimit t\u00eb cilin institucione duhet t\u00eb kishin nd\u00ebrmarr\u00eb si kanalizimet e uj\u00ebrave t\u00eb sip\u00ebrme q\u00eb ceduan gjat\u00eb 4 tetorit dhe duhet t\u00eb mbajn\u00eb p\u00ebrgjegj\u00ebsi.&#8217;<\/em><\/span><\/p>\n<p><span style=\"color: #000000;\">Sa i p\u00ebrket p\u00ebrgjegj\u00ebsve p\u00ebr k\u00ebt\u00eb situat\u00eb, Hoxha shton se i takon prokuroris\u00eb ti nxjerr\u00eb. Kall\u00ebzimi ka p\u00ebr q\u00ebllim nisjen e hetimeve, ku mund t\u00eb merren t\u00eb gjith\u00eb n\u00eb shqyrtim, q\u00eb nga kreu i bashkis\u00eb tek emergjencat civile dhe OSHEE.<\/span><\/p>\n<p><span style=\"color: #000000;\"><em>&#8216;P\u00ebrgjegj\u00ebsit duhet t\u2019i nxjerri prokuroria. Kemi nxjerr\u00eb fakte dhe prova n\u00eb terren q\u00eb i kemi v\u00ebn\u00eb n\u00eb dispozicion. Vihemi n\u00eb dispozicion kur ta regjistrojn\u00eb hetimin. Duhet t\u00eb kishte nisur duhet t\u00eb kishte veprime konkrete. Deri tani nuk ka asnj\u00eb njoftim me nisjen e hetimeve. Sot kemi depozituar k\u00ebt\u00eb kall\u00ebzim n\u00eb em\u00ebr t\u00eb PD. Kall\u00ebzim p\u00ebr shp\u00ebrdorim detyre. Kjo \u00ebsht\u00eb detyra q\u00eb lind sot nga prokuroria. Kush jan\u00eb ata q\u00eb kan\u00eb shp\u00ebrdoruar detyr\u00eb, p\u00ebr d\u00ebme q\u00eb llogariten n\u00eb qindra miliona euro. Nuk kemi b\u00ebr\u00eb kall\u00ebzim me emra konkret. Po k\u00ebrkojm\u00eb nisjen e hetimeve sa i takon shp\u00ebrdorimit t\u00eb detyr\u00ebs. Nga kreu i bashkis\u00eb, emergjenca civile, OSHEE.&#8217;<\/em><\/span><\/p>\n<p><span style=\"color: #000000;\">Shum\u00eb banesa e biznese u p\u00ebrfshin\u00eb nga v\u00ebrshimi i ujit m\u00eb 4 tetor, teksa u paralizua qarkullimi i lir\u00eb n\u00eb qytetin e Vlor\u00ebs. Tashm\u00eb situata \u00ebsht\u00eb normalizuar por shenjat e p\u00ebrmbytjeve jan\u00eb ende t\u00eb dukshme, ku qyteti duket i p\u00ebrfshir\u00eb vende t\u00eb ndryshme nga balta dhe inertet.<\/span><\/p>\n","protected":false,"gt_translate_keys":[{"key":"rendered","format":"html"}]},"excerpt":{"rendered":"<p>PD e deg\u00ebs s\u00eb Vlor\u00eb ka b\u00ebr\u00eb nj\u00eb kall\u00ebzim n\u00eb Prokurorin\u00eb e rrethit lidhur me p\u00ebrmbytjet n\u00eb qytetin bregdetar prej shirave t\u00eb 4 tetorit. Vlora pati p\u00ebrmbytje masive p\u00ebr dy dit\u00eb, prej shiut t\u00eb dendur, ku cedoi funksionimi i kanalit t\u00eb uj\u00ebrave t\u00eb larta q\u00eb nuk \u00e7onte ujin n\u00eb hidrovorin e Vlor\u00ebs. P\u00ebr mediat, kreu [&hellip;]<\/p>\n","protected":false,"gt_translate_keys":[{"key":"rendered","format":"html"}]},"author":32,"featured_media":702494,"comment_status":"closed","ping_status":"open","sticky":false,"template":"","format":"standard","meta":{"footnotes":""},"categories":[65],"tags":[],"class_list":["post-702493","post","type-post","status-publish","format-standard","has-post-thumbnail","hentry","category-lajme"],"gt_translate_keys":[{"key":"link","format":"url"}],"_links":{"self":[{"href":"https:\/\/www.hashtag.al\/index.php\/wp-json\/wp\/v2\/posts\/702493","targetHints":{"allow":["GET"]}}],"collection":[{"href":"https:\/\/www.hashtag.al\/index.php\/wp-json\/wp\/v2\/posts"}],"about":[{"href":"https:\/\/www.hashtag.al\/index.php\/wp-json\/wp\/v2\/types\/post"}],"author":[{"embeddable":true,"href":"https:\/\/www.hashtag.al\/index.php\/wp-json\/wp\/v2\/users\/32"}],"replies":[{"embeddable":true,"href":"https:\/\/www.hashtag.al\/index.php\/wp-json\/wp\/v2\/comments?post=702493"}],"version-history":[{"count":0,"href":"https:\/\/www.hashtag.al\/index.php\/wp-json\/wp\/v2\/posts\/702493\/revisions"}],"wp:featuredmedia":[{"embeddable":true,"href":"https:\/\/www.hashtag.al\/index.php\/wp-json\/wp\/v2\/media\/702494"}],"wp:attachment":[{"href":"https:\/\/www.hashtag.al\/index.php\/wp-json\/wp\/v2\/media?parent=702493"}],"wp:term":[{"taxonomy":"category","embeddable":true,"href":"https:\/\/www.hashtag.al\/index.php\/wp-json\/wp\/v2\/categories?post=702493"},{"taxonomy":"post_tag","embeddable":true,"href":"https:\/\/www.hashtag.al\/index.php\/wp-json\/wp\/v2\/tags?post=702493"}],"curies":[{"name":"wp","href":"https:\/\/api.w.org\/{rel}","templated":true}]}}