{"id":702451,"date":"2024-10-07T11:03:36","date_gmt":"2024-10-07T09:03:36","guid":{"rendered":"https:\/\/www.hashtag.al\/?p=702451"},"modified":"2024-10-07T11:04:31","modified_gmt":"2024-10-07T09:04:31","slug":"skam-marre-ende-asnje-shperblim-kampioni-shqiptar-i-notit-gersi-troka-thirrje-institucioneve","status":"publish","type":"post","link":"https:\/\/www.hashtag.al\/index.php\/2024\/10\/07\/skam-marre-ende-asnje-shperblim-kampioni-shqiptar-i-notit-gersi-troka-thirrje-institucioneve\/","title":{"rendered":"\u201cS\u2019kam marr\u00eb ende asnj\u00eb shp\u00ebrblim\u201d &#8211; Kampioni shqiptar i notit Gersi Troka","gt_translate_keys":[{"key":"rendered","format":"text"}]},"content":{"rendered":"<p><img loading=\"lazy\" decoding=\"async\" class=\"aligncenter size-full wp-image-702454\" src=\"https:\/\/www.hashtag.al\/wp-content\/uploads\/2024\/10\/troka.jpg\" alt=\"\" width=\"2127\" height=\"1440\" srcset=\"https:\/\/www.hashtag.al\/wp-content\/uploads\/2024\/10\/troka.jpg 2127w, https:\/\/www.hashtag.al\/wp-content\/uploads\/2024\/10\/troka-300x203.jpg 300w, https:\/\/www.hashtag.al\/wp-content\/uploads\/2024\/10\/troka-1024x693.jpg 1024w, https:\/\/www.hashtag.al\/wp-content\/uploads\/2024\/10\/troka-768x520.jpg 768w, https:\/\/www.hashtag.al\/wp-content\/uploads\/2024\/10\/troka-1536x1040.jpg 1536w, https:\/\/www.hashtag.al\/wp-content\/uploads\/2024\/10\/troka-2048x1387.jpg 2048w\" sizes=\"auto, (max-width: 2127px) 100vw, 2127px\" \/><\/p>\n<p><span style=\"color: #000000;\">Kampionati shqiptar i notit, Gersi Troka, u ka k\u00ebrkuar institucioneve shtet\u00ebrore m\u00eb shum\u00eb p\u00ebrkrahje e ndihm\u00eb.<\/span><\/p>\n<p><span style=\"color: #000000;\"> Ai pohoi se nuk ka marr\u00eb ende asnj\u00eb shp\u00ebrblim financiar pavar\u00ebsisht medaljeve t\u00eb fituara n\u00eb Shqip\u00ebri apo medaljes s\u00eb arit n\u00eb Loj\u00ebrat Olimpike Speciale n\u00eb Berlin vitin e shkuar. <\/span><\/p>\n<p><span style=\"color: #000000;\">I ftuar n\u00eb Euron\u00ebs.al ai tha se personat me aft\u00ebsi t\u00eb kufizuara duhet t\u00eb ken\u00eb m\u00eb shum\u00eb p\u00ebrkrahje financiare n\u00eb t\u00eb gjitha disiplinat sportive ku garojn\u00eb.<\/span><\/p>\n<p><span style=\"color: #000000;\"><em>\u201cDua t\u2019u jap nj\u00eb mesazh institucioneve shtet\u00ebrore, q\u00eb t\u00eb b\u00ebjn\u00eb m\u00eb shum\u00eb p\u00ebr personat me aft\u00ebsi t\u00eb kufizuar, p\u00ebr t\u2019i ndihmuar edhe n\u00eb sporte t\u00eb tjera si noti, futbolli, basketbolli e t\u00eb vihet n\u00eb pah edhe ndihma q\u00eb duhet t\u00eb na kishin dh\u00ebn\u00eb. P\u00ebr pjes\u00ebn e shp\u00ebrblimit ne nuk e kemi t\u00eb njohur ende me ligj.Nuk kam marr shp\u00ebrblim kur mora medalje sepse nuk \u00ebsht\u00eb e njohur me ligj.\u201d\u00ad <\/em>&#8211; tha Troka.<\/span><\/p>\n<div style=\"width: 360px;\" class=\"wp-video\"><video class=\"wp-video-shortcode\" id=\"video-702451-1\" width=\"360\" height=\"640\" poster=\"https:\/\/www.hashtag.al\/wp-content\/uploads\/2024\/10\/\u2018Nuk-kam-marre-shperblim-Gersi-Troka-kampioni-shqiptar-i-notit\uff1a-Mos-me-genjeni-mp4-image.png\" preload=\"metadata\" controls=\"controls\"><source type=\"video\/mp4\" src=\"https:\/\/www.hashtag.al\/wp-content\/uploads\/2024\/10\/\u2018Nuk-kam-marre-shperblim-Gersi-Troka-kampioni-shqiptar-i-notit\uff1a-Mos-me-genjeni.mp4?_=1\" \/><a href=\"https:\/\/www.hashtag.al\/wp-content\/uploads\/2024\/10\/\u2018Nuk-kam-marre-shperblim-Gersi-Troka-kampioni-shqiptar-i-notit\uff1a-Mos-me-genjeni.mp4\">https:\/\/www.hashtag.al\/wp-content\/uploads\/2024\/10\/\u2018Nuk-kam-marre-shperblim-Gersi-Troka-kampioni-shqiptar-i-notit\uff1a-Mos-me-genjeni.mp4<\/a><\/video><\/div>\n","protected":false,"gt_translate_keys":[{"key":"rendered","format":"html"}]},"excerpt":{"rendered":"<p>Kampionati shqiptar i notit, Gersi Troka, u ka k\u00ebrkuar institucioneve shtet\u00ebrore m\u00eb shum\u00eb p\u00ebrkrahje e ndihm\u00eb. Ai pohoi se nuk ka marr\u00eb ende asnj\u00eb shp\u00ebrblim financiar pavar\u00ebsisht medaljeve t\u00eb fituara n\u00eb Shqip\u00ebri apo medaljes s\u00eb arit n\u00eb Loj\u00ebrat Olimpike Speciale n\u00eb Berlin vitin e shkuar. I ftuar n\u00eb Euron\u00ebs.al ai tha se personat me aft\u00ebsi [&hellip;]<\/p>\n","protected":false,"gt_translate_keys":[{"key":"rendered","format":"html"}]},"author":51,"featured_media":702454,"comment_status":"closed","ping_status":"open","sticky":false,"template":"","format":"standard","meta":{"footnotes":""},"categories":[65],"tags":[],"class_list":["post-702451","post","type-post","status-publish","format-standard","has-post-thumbnail","hentry","category-lajme"],"gt_translate_keys":[{"key":"link","format":"url"}],"_links":{"self":[{"href":"https:\/\/www.hashtag.al\/index.php\/wp-json\/wp\/v2\/posts\/702451","targetHints":{"allow":["GET"]}}],"collection":[{"href":"https:\/\/www.hashtag.al\/index.php\/wp-json\/wp\/v2\/posts"}],"about":[{"href":"https:\/\/www.hashtag.al\/index.php\/wp-json\/wp\/v2\/types\/post"}],"author":[{"embeddable":true,"href":"https:\/\/www.hashtag.al\/index.php\/wp-json\/wp\/v2\/users\/51"}],"replies":[{"embeddable":true,"href":"https:\/\/www.hashtag.al\/index.php\/wp-json\/wp\/v2\/comments?post=702451"}],"version-history":[{"count":0,"href":"https:\/\/www.hashtag.al\/index.php\/wp-json\/wp\/v2\/posts\/702451\/revisions"}],"wp:featuredmedia":[{"embeddable":true,"href":"https:\/\/www.hashtag.al\/index.php\/wp-json\/wp\/v2\/media\/702454"}],"wp:attachment":[{"href":"https:\/\/www.hashtag.al\/index.php\/wp-json\/wp\/v2\/media?parent=702451"}],"wp:term":[{"taxonomy":"category","embeddable":true,"href":"https:\/\/www.hashtag.al\/index.php\/wp-json\/wp\/v2\/categories?post=702451"},{"taxonomy":"post_tag","embeddable":true,"href":"https:\/\/www.hashtag.al\/index.php\/wp-json\/wp\/v2\/tags?post=702451"}],"curies":[{"name":"wp","href":"https:\/\/api.w.org\/{rel}","templated":true}]}}