{"id":702257,"date":"2024-10-05T20:17:22","date_gmt":"2024-10-05T18:17:22","guid":{"rendered":"https:\/\/www.hashtag.al\/?p=702257"},"modified":"2024-10-05T20:17:22","modified_gmt":"2024-10-05T18:17:22","slug":"berisha-protesta-e-7-tetorit-do-te-jete-nje-mosbindje-civile-masive","status":"publish","type":"post","link":"https:\/\/www.hashtag.al\/index.php\/2024\/10\/05\/berisha-protesta-e-7-tetorit-do-te-jete-nje-mosbindje-civile-masive\/","title":{"rendered":"Berisha: Protesta e 7 tetorit do t\u00eb jet\u00eb nj\u00eb mosbindje civile masive","gt_translate_keys":[{"key":"rendered","format":"text"}]},"content":{"rendered":"<p><span style=\"color: #000000;\"><img loading=\"lazy\" decoding=\"async\" class=\" wp-image-680347 aligncenter\" src=\"https:\/\/www.hashtag.al\/wp-content\/uploads\/2024\/06\/Sali-Berisha1-686x450-2-300x197.jpg\" alt=\"\" width=\"736\" height=\"483\" srcset=\"https:\/\/www.hashtag.al\/wp-content\/uploads\/2024\/06\/Sali-Berisha1-686x450-2-300x197.jpg 300w, https:\/\/www.hashtag.al\/wp-content\/uploads\/2024\/06\/Sali-Berisha1-686x450-2.jpg 686w\" sizes=\"auto, (max-width: 736px) 100vw, 736px\" \/><\/span><\/p>\n<p><span style=\"color: #000000;\">Kreu demokrat Sali Berisha shpalli mbr\u00ebmjen e s\u00eb shtun\u00ebs se protesta e 7 tetorit do t\u00eb shnd\u00ebrrohet n\u00eb nj\u00eb mosbindje civile masive. Ai e cil\u00ebsoi k\u00ebt\u00eb protest\u00eb si betej\u00ebn e jet\u00ebs p\u00ebr \u00e7do opozitar dhe nj\u00eb mund\u00ebsi p\u00ebr t\u2019u p\u00ebrballur me regimin q\u00eb, sipas tij, ka shnd\u00ebrruar procesin e votimit n\u00eb nj\u00eb fars\u00eb elektorale dhe ka rikthyer persekutimin politik n\u00eb Shqip\u00ebri.<\/span><\/p>\n<p><span style=\"color: #000000;\">Berisha n\u00ebnvizoi se kjo \u00ebsht\u00eb nj\u00eb dit\u00eb q\u00eb simbolizon guximin qytetar dhe p\u00ebrballjen me krimin dhe antivlerat e qeveris\u00eb s\u00eb Edi Ram\u00ebs. <\/span><\/p>\n<p><span style=\"color: #000000;\">Ai theksoi se \u00ebsht\u00eb koha p\u00ebr t\u00eb reaguar kund\u00ebr fshirjes s\u00eb t\u00eb drejt\u00ebs s\u00eb vot\u00ebs dhe q\u00eb t\u00eb p\u00ebrballen me regjim t\u00eb till\u00eb.<\/span><\/p>\n<p><span style=\"color: #000000;\"><em>\u201cP\u00ebr Edi Ram\u00ebn, organizat\u00ebn e tij kriminale qeveri, narkozyrtar\u00ebt e tij, n\u00eb k\u00ebt\u00eb moment q\u00eb flasim gj\u00ebja m\u00eb e tmerrshme \u00ebsht\u00eb ora e cila me tik-takun e saj afron n\u00eb \u00e7do sekond\u00eb 7 tetorin, or\u00ebn 18:00 t\u00eb 7 tetorit, dit\u00ebn e mosbindjes civile masive, dit\u00ebn e triumfit t\u00eb guximit qytetar, dit\u00ebn e p\u00ebrballjes s\u00eb madhe t\u00eb vlerave t\u00eb qytetar\u00ebve, trim\u00ebris\u00eb dhe guximit t\u00eb tyre me krimin, drog\u00ebn, antivlerat e regjimit t\u00eb Edi Ram\u00ebs.<\/em><\/span><\/p>\n<p><span style=\"color: #000000;\"><em>Demokrate e demokrat\u00eb, qytetare e qytetar\u00eb, beteja q\u00eb nisim \u00ebsht\u00eb beteja e jet\u00ebs son\u00eb.<\/em><\/span><\/p>\n<p><span style=\"color: #000000;\"><em>\u00cbsht\u00eb shansi i jet\u00ebs son\u00eb.<\/em><\/span><\/p>\n<p><span style=\"color: #000000;\"><em>\u00cbsht\u00eb shansi yn\u00eb p\u00ebr t\u2019u p\u00ebrballur me guximin ton\u00eb me nj\u00eb regjim q\u00eb pasi shnd\u00ebrroi procesin themelor t\u00eb shoq\u00ebris\u00eb s\u00eb lir\u00eb, vot\u00ebn e lir\u00eb n\u00eb fars\u00eb elektorale, riktheu n\u00eb Shqip\u00ebri burgjet, gjyqet, persekutimin politik.<\/em><\/span><\/p>\n<p><span style=\"color: #000000;\"><em>Farsa elektorale, mohimi i t\u00eb drejt\u00ebs s\u00eb vot\u00ebs p\u00ebrmes fars\u00ebs elektorale dhe persekutimi politik i kund\u00ebrshtar\u00ebve jan\u00eb dy shtylla kryesore mbi t\u00eb cilat bazohen diktaturat, qofshin ato naziste, komuniste, teokratike apo diktatura e bandave si\u00e7 \u00ebsht\u00eb kjo e Tiran\u00ebs\u201d,<\/em> tha Berisha.<\/span><\/p>\n","protected":false,"gt_translate_keys":[{"key":"rendered","format":"html"}]},"excerpt":{"rendered":"<p>Kreu demokrat Sali Berisha shpalli mbr\u00ebmjen e s\u00eb shtun\u00ebs se protesta e 7 tetorit do t\u00eb shnd\u00ebrrohet n\u00eb nj\u00eb mosbindje civile masive. Ai e cil\u00ebsoi k\u00ebt\u00eb protest\u00eb si betej\u00ebn e jet\u00ebs p\u00ebr \u00e7do opozitar dhe nj\u00eb mund\u00ebsi p\u00ebr t\u2019u p\u00ebrballur me regimin q\u00eb, sipas tij, ka shnd\u00ebrruar procesin e votimit n\u00eb nj\u00eb fars\u00eb elektorale dhe [&hellip;]<\/p>\n","protected":false,"gt_translate_keys":[{"key":"rendered","format":"html"}]},"author":49,"featured_media":680347,"comment_status":"closed","ping_status":"open","sticky":false,"template":"","format":"standard","meta":{"footnotes":""},"categories":[65],"tags":[],"class_list":["post-702257","post","type-post","status-publish","format-standard","has-post-thumbnail","hentry","category-lajme"],"gt_translate_keys":[{"key":"link","format":"url"}],"_links":{"self":[{"href":"https:\/\/www.hashtag.al\/index.php\/wp-json\/wp\/v2\/posts\/702257","targetHints":{"allow":["GET"]}}],"collection":[{"href":"https:\/\/www.hashtag.al\/index.php\/wp-json\/wp\/v2\/posts"}],"about":[{"href":"https:\/\/www.hashtag.al\/index.php\/wp-json\/wp\/v2\/types\/post"}],"author":[{"embeddable":true,"href":"https:\/\/www.hashtag.al\/index.php\/wp-json\/wp\/v2\/users\/49"}],"replies":[{"embeddable":true,"href":"https:\/\/www.hashtag.al\/index.php\/wp-json\/wp\/v2\/comments?post=702257"}],"version-history":[{"count":0,"href":"https:\/\/www.hashtag.al\/index.php\/wp-json\/wp\/v2\/posts\/702257\/revisions"}],"wp:featuredmedia":[{"embeddable":true,"href":"https:\/\/www.hashtag.al\/index.php\/wp-json\/wp\/v2\/media\/680347"}],"wp:attachment":[{"href":"https:\/\/www.hashtag.al\/index.php\/wp-json\/wp\/v2\/media?parent=702257"}],"wp:term":[{"taxonomy":"category","embeddable":true,"href":"https:\/\/www.hashtag.al\/index.php\/wp-json\/wp\/v2\/categories?post=702257"},{"taxonomy":"post_tag","embeddable":true,"href":"https:\/\/www.hashtag.al\/index.php\/wp-json\/wp\/v2\/tags?post=702257"}],"curies":[{"name":"wp","href":"https:\/\/api.w.org\/{rel}","templated":true}]}}