{"id":702037,"date":"2024-10-04T11:56:37","date_gmt":"2024-10-04T09:56:37","guid":{"rendered":"https:\/\/www.hashtag.al\/?p=702037"},"modified":"2024-10-04T11:56:37","modified_gmt":"2024-10-04T09:56:37","slug":"u-denua-me-burg-perjete-per-masakren-e-lushnjes-shtyhet-seanca-ne-apel-per-laert-haxhiun","status":"publish","type":"post","link":"https:\/\/www.hashtag.al\/index.php\/2024\/10\/04\/u-denua-me-burg-perjete-per-masakren-e-lushnjes-shtyhet-seanca-ne-apel-per-laert-haxhiun\/","title":{"rendered":"U d\u00ebnua me burg p\u00ebrjet\u00eb p\u00ebr Masakr\u00ebn e Lushnj\u00ebs, shtyhet seanca n\u00eb Apel p\u00ebr Laert Haxhiun","gt_translate_keys":[{"key":"rendered","format":"text"}]},"content":{"rendered":"<p><img loading=\"lazy\" decoding=\"async\" class=\"aligncenter size-full wp-image-702038\" src=\"https:\/\/www.hashtag.al\/wp-content\/uploads\/2024\/10\/laert.jpg\" alt=\"\" width=\"1200\" height=\"900\" srcset=\"https:\/\/www.hashtag.al\/wp-content\/uploads\/2024\/10\/laert.jpg 1200w, https:\/\/www.hashtag.al\/wp-content\/uploads\/2024\/10\/laert-300x225.jpg 300w, https:\/\/www.hashtag.al\/wp-content\/uploads\/2024\/10\/laert-1024x768.jpg 1024w, https:\/\/www.hashtag.al\/wp-content\/uploads\/2024\/10\/laert-768x576.jpg 768w\" sizes=\"auto, (max-width: 1200px) 100vw, 1200px\" \/><\/p>\n<p><span style=\"color: #000000;\">\u00cbsht\u00eb shtyr\u00eb p\u00ebr n\u00eb 9 tetor seanca ndaj Laert Haxhiut n\u00eb Apelin e Gjykat\u00ebs s\u00eb Posa\u00e7me. <\/span><\/p>\n<p><span style=\"color: #000000;\">M\u00eb her\u00ebt, Haxhiu \u00ebsht\u00eb d\u00ebnuar me burgimt\u00eb p\u00ebrjetsh\u00ebm p\u00ebr \u201cMasakr\u00ebn e Lushnj\u00ebs\u201d, ngjarje e ndodhur m\u00eb 11 tetor 2017.<\/span><\/p>\n<p><span style=\"color: #000000;\"> 32-vje\u00e7ari ka apeluar d\u00ebnimin me burg p\u00ebrjet\u00eb p\u00ebr ngjarjen e r\u00ebnd\u00eb ku mbet\u00ebn t\u00eb vrar\u00eb Zamir Latifi dhe Jurgen Hoxha nd\u00ebrsa u plagos\u00ebn Marjus Xhepexhiu dhe Bujar Turku.<\/span><\/p>\n<p><span style=\"color: #000000;\">N\u00eb seanc\u00eb ishte i pranish\u00ebm p\u00ebr her\u00eb t\u00eb par\u00eb kreu i SPAK-ut Altin Dumani.<\/span><\/p>\n","protected":false,"gt_translate_keys":[{"key":"rendered","format":"html"}]},"excerpt":{"rendered":"<p>\u00cbsht\u00eb shtyr\u00eb p\u00ebr n\u00eb 9 tetor seanca ndaj Laert Haxhiut n\u00eb Apelin e Gjykat\u00ebs s\u00eb Posa\u00e7me. M\u00eb her\u00ebt, Haxhiu \u00ebsht\u00eb d\u00ebnuar me burgimt\u00eb p\u00ebrjetsh\u00ebm p\u00ebr \u201cMasakr\u00ebn e Lushnj\u00ebs\u201d, ngjarje e ndodhur m\u00eb 11 tetor 2017. 32-vje\u00e7ari ka apeluar d\u00ebnimin me burg p\u00ebrjet\u00eb p\u00ebr ngjarjen e r\u00ebnd\u00eb ku mbet\u00ebn t\u00eb vrar\u00eb Zamir Latifi dhe Jurgen Hoxha [&hellip;]<\/p>\n","protected":false,"gt_translate_keys":[{"key":"rendered","format":"html"}]},"author":51,"featured_media":702038,"comment_status":"closed","ping_status":"open","sticky":false,"template":"","format":"standard","meta":{"footnotes":""},"categories":[65],"tags":[],"class_list":["post-702037","post","type-post","status-publish","format-standard","has-post-thumbnail","hentry","category-lajme"],"gt_translate_keys":[{"key":"link","format":"url"}],"_links":{"self":[{"href":"https:\/\/www.hashtag.al\/index.php\/wp-json\/wp\/v2\/posts\/702037","targetHints":{"allow":["GET"]}}],"collection":[{"href":"https:\/\/www.hashtag.al\/index.php\/wp-json\/wp\/v2\/posts"}],"about":[{"href":"https:\/\/www.hashtag.al\/index.php\/wp-json\/wp\/v2\/types\/post"}],"author":[{"embeddable":true,"href":"https:\/\/www.hashtag.al\/index.php\/wp-json\/wp\/v2\/users\/51"}],"replies":[{"embeddable":true,"href":"https:\/\/www.hashtag.al\/index.php\/wp-json\/wp\/v2\/comments?post=702037"}],"version-history":[{"count":0,"href":"https:\/\/www.hashtag.al\/index.php\/wp-json\/wp\/v2\/posts\/702037\/revisions"}],"wp:featuredmedia":[{"embeddable":true,"href":"https:\/\/www.hashtag.al\/index.php\/wp-json\/wp\/v2\/media\/702038"}],"wp:attachment":[{"href":"https:\/\/www.hashtag.al\/index.php\/wp-json\/wp\/v2\/media?parent=702037"}],"wp:term":[{"taxonomy":"category","embeddable":true,"href":"https:\/\/www.hashtag.al\/index.php\/wp-json\/wp\/v2\/categories?post=702037"},{"taxonomy":"post_tag","embeddable":true,"href":"https:\/\/www.hashtag.al\/index.php\/wp-json\/wp\/v2\/tags?post=702037"}],"curies":[{"name":"wp","href":"https:\/\/api.w.org\/{rel}","templated":true}]}}